{"id":3792,"date":"2024-04-21T10:37:14","date_gmt":"2024-04-21T08:37:14","guid":{"rendered":"http:\/\/www.budylancuckie.przemyska.pl\/?p=3792"},"modified":"2024-04-21T10:37:14","modified_gmt":"2024-04-21T08:37:14","slug":"ogloszenia-parafialne-21-kwiecien-2024","status":"publish","type":"post","link":"https:\/\/budy.przemyska.pl\/index.php\/2024\/04\/21\/ogloszenia-parafialne-21-kwiecien-2024\/","title":{"rendered":"Og\u0142oszenia parafialne 21 kwiecie\u0144 2024"},"content":{"rendered":"<h2 style=\"text-align: center;\"><strong><span style=\"color: rgb(0, 0, 128);\">IV Niedziela Wielkanocy &#8211; 21-04-2024<\/span><\/strong><\/h2>\n<h2 style=\"text-align: center;\"><strong><span style=\"color: rgb(0, 0, 128);\">Og\u0142oszenia<br \/>\n\t<\/span><\/strong><\/h2>\n<ol>\n<li>Dzi\u015b IV Niedziela Wielkanocy. Dzisiejsz\u0105 niedziel\u0105 rozpoczynamy Tydzie\u0144 Modlitw o powo\u0142ania do s\u0142u\u017cby w Ko\u015bciele. <br \/>\n\t\tO godz. 15.00 Nabo\u017ce\u0144stwo do Bo\u017cego Mi\u0142osierdzia, a po Nim Msza \u015bw.<\/li>\n<li>We wtorek Uroczysto\u015b\u0107 \u015bw. Wojciecha, biskupa i m\u0119czennika, patrona Polski. <br \/>\n\t\tO godz. 19.00 m\u0142odzie\u017c przygotowuj\u0105ca si\u0119 do Sakramentu Bierzmowania b\u0119dzie mia\u0142a Nabo\u017ce\u0144stwo, a potem Spowied\u017a \u015bw. Spotkanie dla Bierzmowanych b\u0119dzie r&oacute;wnie\u017c mia\u0142o miejsce w \u015brod\u0119 (24 kwietnia) po Mszy \u015bw. Zapraszamy r&oacute;wnie\u017c do skorzystania ze Spowiedzi \u015bw. \u015awiadk&oacute;w bierzmowanych.<\/li>\n<li>W czwartek (25 kwietnia) ks. bp Stanis\u0142aw Jamrozek udzieli Bierzmowania m\u0142odzie\u017cy z naszej parafii oraz z parafii Smolarzyny i Zmys\u0142&oacute;wka o godz. 18.00. Bardzo prosimy Rodzic&oacute;w m\u0142odzie\u017cy bierzmowanej o przygotowanie ko\u015bcio\u0142a do tej Uroczysto\u015bci.<\/li>\n<li>R&oacute;wnie\u017c dzieci przygotowuj\u0105ce si\u0119 do I Komunii \u015bw. b\u0119d\u0105 mia\u0142y swoje pr&oacute;by: w poniedzia\u0142ek (22 kwietnia) i w pi\u0105tek (26 kwietnia) o godz. 16.30.<\/li>\n<li>Sk\u0142adam serdeczne B&oacute;g zap\u0142a\u0107 dla os&oacute;b sprz\u0105taj\u0105cych i stroj\u0105cych ko\u015bci&oacute;\u0142 oraz za wszystkie ofiary sk\u0142adane na potrzeby parafii.<\/li>\n<\/ol>\n<h3 style=\"text-align: center;\"><strong><span style=\"color: rgb(0, 0, 128);\">Intencje mszalne<\/span><\/strong><\/h3>\n<h4 style=\"text-align: center;\"><strong><span style=\"color: rgb(0, 0, 128);\">od 22 kwietnia 2024 do 28 kwietnia 2024<\/span><\/strong><\/h4>\n<h4>&nbsp;<\/h4>\n<h4><strong>Gdyby zbyt d\u0142ugi czas nie by\u0142a og\u0142oszona zam&oacute;wiona intencja mszalna &ndash; prosimy o zg\u0142oszenie tego kap\u0142anowi.&nbsp; Zam&oacute;wiona intencja nie mo\u017ce zgin\u0105\u0107.<br \/>\n\t<\/strong><\/h4>\n<p><u><strong>Poniedzia\u0142ek &#8211; 22 kwiecie\u0144<br \/>\n\t<\/strong><\/u>1. O b\u0142og. Bo\u017ce dla naszej Ojczyzny i o m\u0105dre rz\u0105dy <br \/>\n\t2. + Boles\u0142aw Migas &ndash; od Ma\u0142gorzaty i Andrzeja Niemiec&nbsp; z rodzin\u0105 <br \/>\n\t3. + Jerzy Kie\u0142b &ndash; 4 rocznica \u015bmierci <\/p>\n<p><u><strong>Wtorek &#8211; 23 kwiecie\u0144<br \/>\n\t<\/strong><\/u>1. + Kazimierz Kie\u0142bicki &ndash; od c&oacute;rki El\u017cbiety z rodzin\u0105 <br \/>\n\t2. + Teresa Szular (10 r. \u015bm.)oraz + Zbigniew Szular<br \/>\n\t3. + Bogdan (4 r. \u015bm.), Zofia, Stanis\u0142aw Blok<\/p>\n<p><u><strong>\u015aroda &#8211; 24 kwiecie\u0144<br \/>\n\t<\/strong><\/u>1. + Aniela i Stanis\u0142aw Benedyk oraz + Tadeusz, Katarzyna i Jakub<br \/>\n\t2. Dzi\u0119kczynna za 95 lat \u017cycia Stanis\u0142awa; z pro\u015bb\u0105 o zdrowie, b\u0142og. Bo\u017ce opiek\u0119 Matki Bo\u017cej na dalsze lata <br \/>\n\t3. + J&oacute;zef Bosak, Micha\u0142 i Aniela<\/p>\n<p><u><strong>Czwartek &#8211; 25 kwiecie\u0144<\/strong><\/u><br \/>\n\t1. + Micha\u0142 Stafiej &ndash; od Eugeniusza z Brzeska <br \/>\n\t2. + Helena Bartnik &ndash; od brata Wies\u0142awa z rodzin\u0105 <br \/>\n\t3. + Stanis\u0142aw Kubis<\/p>\n<p>\t<u><strong>Pi\u0105tek &#8211; 26 kwiecie\u0144<br \/>\n\t<\/strong><\/u>1. O zdrowie i b\u0142og. Bo\u017ce dla Marii <br \/>\n\t2. + Boles\u0142aw Migas &ndash; od Dyrd&oacute;w i Sroczyk&oacute;w<br \/>\n\t3. + Ryszard Dyl, Halina Adamska<\/p>\n<p><u><strong>Sobota &#8211; 27 kwiecie\u0144<br \/>\n\t<\/strong><\/u>1. + Antonina, Teresa, Weronika, Franciszek Harpula<br \/>\n\t2. + Helena Bartnik &ndash; od swat&oacute;w z D\u0119biny<br \/>\n\t3. + Anna Kr&oacute;l &ndash; z R&oacute;\u017cy \u015bw. Agnieszki<\/p>\n<p><u><strong>Niedziela &#8211; 28 kwiecie\u0144<br \/>\n\t<\/strong><\/u>06.30 + Katarzyna, W\u0142adys\u0142aw Benedyk <br \/>\n\t08.00 + J&oacute;zef Ciupi\u0144ski &ndash; od Marii Wawrzaszek<br \/>\n\t08.00 + Barbara Ko\u0142cz &ndash; od m\u0119\u017ca z dzie\u0107mi<br \/>\n\t10.30 Za parafian<br \/>\n\t15.00 + Barbara, Jacek, Wies\u0142aw, W\u0142adys\u0142aw Ko\u0142cz<\/p>\n<h3 style=\"text-align: center;\"><strong><span style=\"color: rgb(0, 0, 128);\">Modlitw\u0119 r&oacute;\u017ca\u0144cow\u0105 prowadz\u0105<\/span><\/strong><\/h3>\n<p>22. Pn. R&oacute;\u017ca \u015aw. Katarzyny&ndash; (Anna Kurek)<br \/>\n\t23. Wt. R&oacute;\u017ca \u015aw. Klary &ndash; (Teresa G\u0142owiak)<br \/>\n\t24. \u015ar. R&oacute;\u017ca \u015aw. Kingi &ndash; (El\u017cbieta Wacnik) <br \/>\n\t25. Cz. R&oacute;\u017ca \u015aw. Marii Magdaleny &ndash; (Janina Rachwa\u0142)<br \/>\n\t26. Pt. KSM<br \/>\n\t27. Sb. R&oacute;\u017ca \u015aw. Marii Goretti &ndash; (El\u017cbieta Kukulska)<br \/>\n\t28. Nd. R&oacute;\u017ca \u015aw. Marty &ndash; (Czes\u0142awa Por\u0119bna)<br \/>\n\tWyznaczona R&oacute;\u017ca jest proszona o prowadzenie modlitwy r&oacute;\u017ca\u0144cowej.<\/p>\n","protected":false},"excerpt":{"rendered":"<p>IV Niedziela Wielkanocy &#8211; 21-04-2024 Og\u0142oszenia Dzi\u015b IV Niedziela Wielkanocy. Dzisiejsz\u0105 niedziel\u0105 rozpoczynamy Tydzie\u0144 Modlitw o powo\u0142ania do s\u0142u\u017cby w Ko\u015bciele. O godz. 15.00 Nabo\u017ce\u0144stwo do Bo\u017cego Mi\u0142osierdzia, a po &hellip; <a href=\"https:\/\/budy.przemyska.pl\/index.php\/2024\/04\/21\/ogloszenia-parafialne-21-kwiecien-2024\/\" class=\"more-link\">Czytaj dalej <span class=\"screen-reader-text\">Og\u0142oszenia parafialne 21 kwiecie\u0144 2024<\/span> <span class=\"meta-nav\">&rarr;<\/span><\/a><\/p>\n","protected":false},"author":1,"featured_media":0,"comment_status":"closed","ping_status":"closed","sticky":false,"template":"","format":"standard","meta":{"footnotes":""},"categories":[6,4],"tags":[],"class_list":["post-3792","post","type-post","status-publish","format-standard","hentry","category-aktualnosci","category-ogloszenia"],"_links":{"self":[{"href":"https:\/\/budy.przemyska.pl\/index.php\/wp-json\/wp\/v2\/posts\/3792","targetHints":{"allow":["GET"]}}],"collection":[{"href":"https:\/\/budy.przemyska.pl\/index.php\/wp-json\/wp\/v2\/posts"}],"about":[{"href":"https:\/\/budy.przemyska.pl\/index.php\/wp-json\/wp\/v2\/types\/post"}],"author":[{"embeddable":true,"href":"https:\/\/budy.przemyska.pl\/index.php\/wp-json\/wp\/v2\/users\/1"}],"replies":[{"embeddable":true,"href":"https:\/\/budy.przemyska.pl\/index.php\/wp-json\/wp\/v2\/comments?post=3792"}],"version-history":[{"count":0,"href":"https:\/\/budy.przemyska.pl\/index.php\/wp-json\/wp\/v2\/posts\/3792\/revisions"}],"wp:attachment":[{"href":"https:\/\/budy.przemyska.pl\/index.php\/wp-json\/wp\/v2\/media?parent=3792"}],"wp:term":[{"taxonomy":"category","embeddable":true,"href":"https:\/\/budy.przemyska.pl\/index.php\/wp-json\/wp\/v2\/categories?post=3792"},{"taxonomy":"post_tag","embeddable":true,"href":"https:\/\/budy.przemyska.pl\/index.php\/wp-json\/wp\/v2\/tags?post=3792"}],"curies":[{"name":"wp","href":"https:\/\/api.w.org\/{rel}","templated":true}]}}