{"id":3790,"date":"2024-04-14T10:26:21","date_gmt":"2024-04-14T08:26:21","guid":{"rendered":"http:\/\/www.budylancuckie.przemyska.pl\/?p=3790"},"modified":"2024-04-14T10:26:21","modified_gmt":"2024-04-14T08:26:21","slug":"ogloszenia-parafialne-14-kwiecien-2024","status":"publish","type":"post","link":"https:\/\/budy.przemyska.pl\/index.php\/2024\/04\/14\/ogloszenia-parafialne-14-kwiecien-2024\/","title":{"rendered":"Og\u0142oszenia parafialne 14 kwiecie\u0144 2024"},"content":{"rendered":"<h2 style=\"text-align: center;\"><strong><span style=\"color: rgb(0, 0, 128);\">III Niedziela Wielkanocy &#8211; 14-04-2024<\/span><\/strong><\/h2>\n<h2 style=\"text-align: center;\"><strong><span style=\"color: rgb(0, 0, 128);\">Og\u0142oszenia<br \/>\n\t<\/span><\/strong><\/h2>\n<ol>\n<li>Dzi\u015b III Niedziela Wielkanocy. W ko\u015bciele rozpoczyna si\u0119 Tydzie\u0144 Biblijny. Zach\u0119camy wszystkich naszych Parafian do indywidualnej lektury Pisma \u015bw. <br \/>\n\t\tO godz. 15.00 Nabo\u017ce\u0144stwo do Bo\u017cego Mi\u0142osierdzia, a po Nim Msza \u015bw.<\/li>\n<li>Za tydzie\u0144 Niedziela Dobrego Pasterza, kt&oacute;ra rozpoczyna Tydzie\u0144 Modlitw o powo\u0142ania do S\u0142u\u017cby w Ko\u015bciele.<\/li>\n<li>W czwartek Adoracja Naj\u015bwi\u0119tszego Sakramentu od godz. 17.00. <\/li>\n<li>Dzieci z klasy III przygotowuj\u0105ce si\u0119 do I Komunii \u015bw. b\u0119d\u0105 mia\u0142y swoje spotkania w ko\u015bciele, w nast\u0119puj\u0105ce dni: w poniedzia\u0142ek (15 kwietnia) o godz. 16.30 oraz w czwartek (18 kwietnia) o godz. 16.00.<\/li>\n<li>Uczniowie klas VIII przygotowuj\u0105cy si\u0119 do Sakramentu Bierzmowania b\u0119d\u0105 mieli spotkania: we wtorek (16 kwietnia) i w \u015brod\u0119 (17 kwietnia) po Mszy \u015bw.<\/li>\n<li>Sakrament Bierzmowania zostanie udzielony uczniom klas VIII &#8211; 25 kwietnia o godz. 18.00, za\u015b I Komunia \u015bw. dla dzieci z klas III b\u0119dzie mia\u0142a miejsce 5 maja o godz. 12.00<\/li>\n<li>Sk\u0142adam serdeczne B&oacute;g zap\u0142a\u0107 dla os&oacute;b sprz\u0105taj\u0105cych i stroj\u0105cych ko\u015bci&oacute;\u0142 oraz za wszystkie ofiary sk\u0142adane na potrzeby parafii.<\/li>\n<\/ol>\n<h3 style=\"text-align: center;\"><strong><span style=\"color: rgb(0, 0, 128);\">Intencje mszalne<\/span><\/strong><\/h3>\n<h4 style=\"text-align: center;\"><strong><span style=\"color: rgb(0, 0, 128);\">od 15 kwietnia 2024 do 21 kwietnia 2024<\/span><\/strong><\/h4>\n<h4>&nbsp;<\/h4>\n<h4><strong>Gdyby zbyt d\u0142ugi czas nie by\u0142a og\u0142oszona zam&oacute;wiona intencja mszalna &ndash; prosimy o zg\u0142oszenie tego kap\u0142anowi.&nbsp; Zam&oacute;wiona intencja nie mo\u017ce zgin\u0105\u0107.<br \/>\n\t<\/strong><\/h4>\n<p><u><strong>Poniedzia\u0142ek &#8211; 15 kwiecie\u0144<br \/>\n\t<\/strong><\/u>1. + Stanis\u0142aw Kochman (4 r. \u015bm.) &ndash; od \u017cony <br \/>\n\t2. + Helena Bartnik &ndash; od Moniki \u015awizdor z rodzin\u0105 <br \/>\n\t3. + Boles\u0142aw Migas &ndash; od \u0141ucji Madej<\/p>\n<p><u><strong>Wtorek &#8211; 16 kwiecie\u0144<br \/>\n\t<\/strong><\/u>1. + Emil Kurek &ndash; rocznica \u015bmierci <br \/>\n\t2. + Julia Pasiak &ndash; od Jakuba<br \/>\n\t3. + Zofia, Franciszek, Maria Bartnik oraz Bronis\u0142awa i Tadeusz Leja<\/p>\n<p><u><strong>\u015aroda &#8211; 17 kwiecie\u0144<br \/>\n\t<\/strong><\/u>1. + Genowefa Kurek &ndash; od chrze\u015bniaka Andrzeja Pelc<br \/>\n\t2. + Janina Gwizda\u0142a &ndash; ofiaruje rodzina z Bud \u0141a\u0144cuckich <br \/>\n\t3. + Anna Kr&oacute;l &ndash; od wnuczki Moniki z m\u0119\u017cem<\/p>\n<p><u><strong>Czwartek &#8211; 18 kwiecie\u0144<\/strong><\/u><br \/>\n\t1. + Micha\u0142 Stafiej &ndash; od siostrze\u0144ca Mariana z rodzin\u0105 <br \/>\n\t2. + Boles\u0142aw Migas &ndash; od Teresy i Krzysztofa Ko\u0142cz <br \/>\n\t3. W intencji zmar\u0142ych krewnych i s\u0105siad&oacute;w<\/p>\n<p>\t<u><strong>Pi\u0105tek &#8211; 19 kwiecie\u0144<br \/>\n\t<\/strong><\/u>1. + Micha\u0142 Stafiej &ndash; od rodziny Bia\u0142y<br \/>\n\t2. + Franciszka i Stanis\u0142aw W\u0119grzyn <br \/>\n\t3. + J&oacute;zef Por\u0119bny &ndash; od \u017cony z rodzin\u0105<\/p>\n<p><u><strong>Sobota &#8211; 20 kwiecie\u0144<br \/>\n\t<\/strong><\/u>1. + J&oacute;zef Ciupi\u0144ski &ndash; od Agaty Pa\u0142ys z rodzin\u0105 <br \/>\n\t2. + Helena Bartnik &ndash; od brata Kazimierza z rodzin\u0105<br \/>\n\t3. + Franciszek Wasilewski i zmarli Rodzice<\/p>\n<p><u><strong>Niedziela &#8211; 21 kwiecie\u0144<br \/>\n\t<\/strong><\/u>06.30 + Karolina i Franciszek Lasek <br \/>\n\t08.00 + Stanis\u0142aw Kojder (2 r. \u015bm.) &ndash; od \u017cony<br \/>\n\t08.00 + Franciszek Bartnik &ndash; od siostry Emilii<br \/>\n\t10.30 Za parafian<br \/>\n\t15.00 + Maria Por\u0119bna &ndash; od rodziny Lis&oacute;w i Bosak&oacute;w <\/p>\n<h3 style=\"text-align: center;\"><strong><span style=\"color: rgb(0, 0, 128);\">Modlitw\u0119 r&oacute;\u017ca\u0144cow\u0105 prowadz\u0105<\/span><\/strong><\/h3>\n<p>15. Pn. R&oacute;\u017ca \u015aw. Cecylii &ndash; (Krystyna Markowicz)<br \/>\n\t16. Wt. R&oacute;\u017ca \u015aw. El\u017cbiety &ndash; (Alina Trojnar)<br \/>\n\t17. \u015ar. R&oacute;\u017ca \u015aw. Faustyny &ndash; (Eugenia \u015awizdor) <br \/>\n\t18. Cz. R&oacute;\u017ca \u015aw. Genowefy &ndash; (Genowefa Dr\u0105\u017cek)<br \/>\n\t19. Pt. KSM<br \/>\n\t20. Sb. R&oacute;\u017ca \u015aw. Jadwigi Kr&oacute;lowej &ndash; (Halina Dyrda)<br \/>\n\t21. Nd. R&oacute;\u017ca \u015aw. Heleny &ndash; (Helena Dyrda)<br \/>\n\tWyznaczona R&oacute;\u017ca jest proszona o prowadzenie modlitwy r&oacute;\u017ca\u0144cowej.<\/p>\n<h3 style=\"text-align: center;\"><strong><span style=\"color: rgb(0, 0, 128);\">Propozycja intencji do przekazania do odprawienia <br \/>\n\t<\/span><\/strong><strong><span style=\"color: rgb(0, 0, 128);\">w Wy\u017cszym Seminarium Duchownym w Przemy\u015blu<br \/>\n\t<\/span><\/strong><\/h3>\n<p>01. + Wies\u0142aw Wikiera &ndash; od rodziny Ryf&oacute;w i Sigd&oacute;w<br \/>\n\t02. + Wies\u0142aw Wikiera &ndash; od Barbary Jasi\u0144skiej<br \/>\n\t03. + Wies\u0142aw Wikiera &ndash; od J&oacute;zefa Czerwonka z rodzin\u0105<br \/>\n\t04. + Wies\u0142aw Wikiera &ndash; od Barbary Proszak z m\u0119\u017cem<br \/>\n\t05. + Wies\u0142aw Wikiera &ndash; od Marcina Proszak z rodzin\u0105<br \/>\n\t06. + Wies\u0142aw Wikiera &ndash; od Dawida Proszak z rodzin\u0105<br \/>\n\t07. + Wies\u0142aw Wikiera &ndash; od Moniki Kosior<br \/>\n\t08. + Wies\u0142aw Wikiera &ndash; od Micha\u0142a Kosior z rodzin\u0105<br \/>\n\t09. + Wies\u0142aw Wikiera &ndash; od El\u017cbiety i J&oacute;zefa Kosior z rodzin\u0105<br \/>\n\t10. + Wies\u0142aw Wikiera &ndash; od Andrzeja Chmury z rodzin\u0105<br \/>\n\t11. + Wies\u0142aw Wikiera &ndash; od Stanis\u0142awa Chmury z rodzin\u0105<br \/>\n\t12. + Wies\u0142aw Wikiera &ndash; od stra\u017cak&oacute;w z Dukli i so\u0142tysa z Nadola<br \/>\n\t13. + Wies\u0142aw Wikiera &ndash; od POAK z Dukli<br \/>\n\t14. + Wies\u0142aw Wikiera &ndash; od Franciszka\u0144skiego Zakonu \u015awieckich w Dukli<br \/>\n\t15. + Boles\u0142aw Migas &ndash; od Zarz\u0105du i Pracownik&oacute;w Grupy &bdquo;Passa&rdquo;<br \/>\n\t16. + Boles\u0142aw Migas &ndash; od rodziny Markowicz&oacute;w<br \/>\n\t17. + Boles\u0142aw Migas &ndash; od Zarz\u0105du i Pracownik&oacute;w firmy &bdquo;SPEC&rdquo;<br \/>\n\t18. + Helena Bartnik &ndash; od kole\u017canek i koleg&oacute;w z Zak\u0142adu VIPO<br \/>\n\t19. + Helena Bartnik &ndash; od pracownik&oacute;w firmy POLMAT<br \/>\n\t20. + Helena Bartnik &ndash; od rodziny Bartnik&oacute;w z Bia\u0142obrzeg&oacute;w<br \/>\n\t&nbsp;<\/p>\n<p>\n\t&nbsp;<\/p>\n","protected":false},"excerpt":{"rendered":"<p>III Niedziela Wielkanocy &#8211; 14-04-2024 Og\u0142oszenia Dzi\u015b III Niedziela Wielkanocy. W ko\u015bciele rozpoczyna si\u0119 Tydzie\u0144 Biblijny. Zach\u0119camy wszystkich naszych Parafian do indywidualnej lektury Pisma \u015bw. O godz. 15.00 Nabo\u017ce\u0144stwo do &hellip; <a href=\"https:\/\/budy.przemyska.pl\/index.php\/2024\/04\/14\/ogloszenia-parafialne-14-kwiecien-2024\/\" class=\"more-link\">Czytaj dalej <span class=\"screen-reader-text\">Og\u0142oszenia parafialne 14 kwiecie\u0144 2024<\/span> <span class=\"meta-nav\">&rarr;<\/span><\/a><\/p>\n","protected":false},"author":1,"featured_media":0,"comment_status":"closed","ping_status":"closed","sticky":false,"template":"","format":"standard","meta":{"footnotes":""},"categories":[6,4],"tags":[],"class_list":["post-3790","post","type-post","status-publish","format-standard","hentry","category-aktualnosci","category-ogloszenia"],"_links":{"self":[{"href":"https:\/\/budy.przemyska.pl\/index.php\/wp-json\/wp\/v2\/posts\/3790","targetHints":{"allow":["GET"]}}],"collection":[{"href":"https:\/\/budy.przemyska.pl\/index.php\/wp-json\/wp\/v2\/posts"}],"about":[{"href":"https:\/\/budy.przemyska.pl\/index.php\/wp-json\/wp\/v2\/types\/post"}],"author":[{"embeddable":true,"href":"https:\/\/budy.przemyska.pl\/index.php\/wp-json\/wp\/v2\/users\/1"}],"replies":[{"embeddable":true,"href":"https:\/\/budy.przemyska.pl\/index.php\/wp-json\/wp\/v2\/comments?post=3790"}],"version-history":[{"count":0,"href":"https:\/\/budy.przemyska.pl\/index.php\/wp-json\/wp\/v2\/posts\/3790\/revisions"}],"wp:attachment":[{"href":"https:\/\/budy.przemyska.pl\/index.php\/wp-json\/wp\/v2\/media?parent=3790"}],"wp:term":[{"taxonomy":"category","embeddable":true,"href":"https:\/\/budy.przemyska.pl\/index.php\/wp-json\/wp\/v2\/categories?post=3790"},{"taxonomy":"post_tag","embeddable":true,"href":"https:\/\/budy.przemyska.pl\/index.php\/wp-json\/wp\/v2\/tags?post=3790"}],"curies":[{"name":"wp","href":"https:\/\/api.w.org\/{rel}","templated":true}]}}