{"id":3787,"date":"2024-04-07T06:28:47","date_gmt":"2024-04-07T04:28:47","guid":{"rendered":"http:\/\/www.budylancuckie.przemyska.pl\/?p=3787"},"modified":"2024-04-07T06:28:47","modified_gmt":"2024-04-07T04:28:47","slug":"ogloszenia-parafialne-7-kwiecien-2024","status":"publish","type":"post","link":"https:\/\/budy.przemyska.pl\/index.php\/2024\/04\/07\/ogloszenia-parafialne-7-kwiecien-2024\/","title":{"rendered":"Og\u0142oszenia parafialne 7 kwiecie\u0144 2024"},"content":{"rendered":"<h2 style=\"text-align: center;\"><strong><span style=\"color: rgb(0, 0, 128);\">Niedziela Mi\u0142osierdzia Bo\u017cego &#8211; 07-04-2024<\/span><\/strong><\/h2>\n<h2 style=\"text-align: center;\"><strong><span style=\"color: rgb(0, 0, 128);\">Og\u0142oszenia<br \/>\n\t<\/span><\/strong><\/h2>\n<ol>\n<li>Dzi\u015b II Niedziela Wielkanocy &#8211; nazywana Bia\u0142\u0105 Niedziel\u0105, albo te\u017c Niedziel\u0105 Bo\u017cego Mi\u0142osierdzia. O godz. 15.00 Nabo\u017ce\u0144stwo do Bo\u017cego Mi\u0142osierdzia, a po Nim Msza \u015bw. W ca\u0142ym Ko\u015bciele rozpoczynamy Tydzie\u0144 Mi\u0142osierdzia. <\/li>\n<li>Jutro Uroczysto\u015b\u0107 Zwiastowania Pa\u0144skiego (przeniesiona z Wielkiego Tygodnia). W naszej Parafii Uroczysto\u015b\u0107 Odpustowa. G\u0142&oacute;wna Msza \u015bw. z Uroczysto\u015bci o godz. 10.30 (przewodniczy ks. Miros\u0142aw Baran), a pozosta\u0142e Msze \u015bw. o godz. 07.00 i 18.00.<\/li>\n<li>W czwartek Adoracja Naj\u015bwi\u0119tszego Sakramentu od godz. 17.00. Po Mszy \u015bw. spotkanie Akcji Katolickiej.<\/li>\n<li>W pi\u0105tek, po Mszy \u015bw., uczniowie klas VIII przygotowuj\u0105cy si\u0119 do Sakramentu Bierzmowania, b\u0119d\u0105 mieli sw&oacute;j egzamin. <\/li>\n<li>Sk\u0142adam serdeczne B&oacute;g zap\u0142a\u0107 dla os&oacute;b sprz\u0105taj\u0105cych i stroj\u0105cych ko\u015bci&oacute;\u0142 oraz za wszystkie ofiary sk\u0142adane na potrzeby parafii.<\/li>\n<\/ol>\n<h3 style=\"text-align: center;\"><strong><span style=\"color: rgb(0, 0, 128);\">Intencje mszalne<\/span><\/strong><\/h3>\n<h4 style=\"text-align: center;\"><strong><span style=\"color: rgb(0, 0, 128);\">od 8 kwietnia 2024 do 14 kwietnia 2024<\/span><\/strong><\/h4>\n<h4>&nbsp;<\/h4>\n<h4><strong>Gdyby zbyt d\u0142ugi czas nie by\u0142a og\u0142oszona zam&oacute;wiona intencja mszalna &ndash; prosimy o zg\u0142oszenie tego kap\u0142anowi.&nbsp; Zam&oacute;wiona intencja nie mo\u017ce zgin\u0105\u0107.<br \/>\n\t<\/strong><\/h4>\n<p><u><strong>Poniedzia\u0142ek &#8211; 8 kwiecie\u0144<br \/>\n\t<\/strong><\/u>07.00 + Micha\u0142 Stafiej &ndash; od siostry Krystyny <br \/>\n\t10.30 Za parafian <br \/>\n\t10.30 + Stefan Socha (4 r. \u015bm.) oraz zmarli Rodzice i Rodze\u0144stwo <br \/>\n\t10.30 + Stanis\u0142awa i Feliks Moli\u0144scy i ich Rodzice<br \/>\n\t18.00 + J&oacute;zef Ciupi\u0144ski &ndash; od syna Zbigniewa z rodzin\u0105<\/p>\n<p><u><strong>Wtorek &#8211; 9 kwiecie\u0144<br \/>\n\t<\/strong><\/u>1. + Jan i Weronika W\u0119grzyn <br \/>\n\t2. + Boles\u0142aw Migas &ndash; od Teresy i Tomasza Wi\u015bniowskich<br \/>\n\t3. + Zdzis\u0142aw i Wies\u0142aw Dyrda <\/p>\n<p><u><strong>\u015aroda &#8211; 10 kwiecie\u0144<br \/>\n\t<\/strong><\/u>1. + Maria, Tadeusz, Marian Benedyk i zmarli z Rodziny<br \/>\n\t2. + J&oacute;zef Ciupi\u0144ski &ndash; od wnuczki Zuzanny <br \/>\n\t3. + Teresa Baran &ndash; od Daniela z Rodzin\u0105<\/p>\n<p><u><strong>Czwartek &#8211; 11 kwiecie\u0144<\/strong><\/u><br \/>\n\t1. + Stefania, Franciszek, Maria, Stanis\u0142aw Rybak <br \/>\n\t2. + Wies\u0142aw Wikiera &ndash;od kuzyna Edwarda Ko\u0144 z rodzin\u0105 <br \/>\n\t3. + Helena Bartnik &ndash; od rodziny Flis&oacute;w<\/p>\n<p>\t<u><strong>Pi\u0105tek &#8211; 12 kwiecie\u0144<br \/>\n\t<\/strong><\/u>1. + Julia Pasiak &ndash; od siostrze\u0144ca<br \/>\n\t2. + Boles\u0142aw Migas &ndash; od Piotra Gronia z rodzin\u0105 <br \/>\n\t3. + Anna Kr&oacute;l &ndash; od wnuka Marcina<\/p>\n<p><u><strong>Sobota &#8211; 13 kwiecie\u0144<br \/>\n\t<\/strong><\/u>1. + Maria, W\u0142adys\u0142aw Bester oraz c&oacute;rka Agata Giza <br \/>\n\t2. + Aniela i W\u0142adys\u0142aw Bartnik &ndash; rocznica \u015bmierci <br \/>\n\t3. Za zmar\u0142ych z rodzin Boroni&oacute;w i Stafiej&oacute;w<\/p>\n<p><u><strong>Niedziela &#8211; 14 kwiecie\u0144<br \/>\n\t<\/strong><\/u>06.30 + Ks. Jan Cebulak i zmarli Rodzice <br \/>\n\t08.00 + Franciszek, Stefania, Renata, Tadeusz Nowak<br \/>\n\t08.00 + Teresa Baran &ndash; od Edmunda z rodzin\u0105 <br \/>\n\t10.30 Za parafian<br \/>\n\t15.00 + Stanis\u0142awa, Mieczys\u0142aw Krzak &ndash; od c&oacute;rek z rodzinami<\/p>\n<h3 style=\"text-align: center;\"><strong><span style=\"color: rgb(0, 0, 128);\">Modlitw\u0119 r&oacute;\u017ca\u0144cow\u0105 prowadz\u0105<\/span><\/strong><\/h3>\n<p>08. Pn. R&oacute;\u017ca \u015aw. Teresy Wielkiej &ndash; (Zofia Wierzbicka)<br \/>\n\t09. Wt. R&oacute;\u017ca \u015aw. Tomasza Aposto\u0142a &ndash; (J&oacute;zef M\u0105dry)<br \/>\n\t10. \u015ar. R&oacute;\u017ca \u015aw. Agaty &ndash; (Patrycja Por\u0119bny) <br \/>\n\t11. Cz. Akcja Katolicka<br \/>\n\t12. Pt. KSM<br \/>\n\t13. Sb. R&oacute;\u017ca \u015aw. Agnieszki &ndash; (Ma\u0142gorzata Markowicz)<br \/>\n\t14. Nd. R&oacute;\u017ca \u015aw. Zofii &ndash; (Zofia Kurek)<br \/>\n\tWyznaczona R&oacute;\u017ca jest proszona o prowadzenie modlitwy r&oacute;\u017ca\u0144cowej.<\/p>\n<h3 style=\"text-align: center;\"><strong><span style=\"color: rgb(0, 0, 128);\">Propozycja intencji do przekazania do odprawienia <br \/>\n\t<\/span><\/strong><strong><span style=\"color: rgb(0, 0, 128);\">w Wy\u017cszym Seminarium Duchownym w Przemy\u015blu<br \/>\n\t<\/span><\/strong><\/h3>\n<p>1.&nbsp;&nbsp;&nbsp; + Wies\u0142aw Wikiera &ndash; od chrze\u015bnicy Agnieszki Kalamarz -Rut z rodzin\u0105<br \/>\n\t2.&nbsp;&nbsp;&nbsp; + Wies\u0142aw Wikiera &ndash; od Aleksandry R\u0105pa\u0142y<br \/>\n\t3.&nbsp;&nbsp;&nbsp; + Wies\u0142aw Wikiera &ndash; od Edyty R\u0105pa\u0142y<br \/>\n\t4.&nbsp;&nbsp;&nbsp; + Wies\u0142aw Wikiera &ndash; od br. Zacheusza<br \/>\n\t5.&nbsp;&nbsp;&nbsp; + Wies\u0142aw Wikiera &ndash; od br. Zacheusza<br \/>\n\t6.&nbsp;&nbsp;&nbsp; + Helena Bartnik &ndash; od s\u0105siad&oacute;w Grad&oacute;w z rodzin\u0105<br \/>\n\t7.&nbsp;&nbsp;&nbsp; + Helena Bartnik &ndash; od Danuty, Basi i Jerzego Bytnar z rodzin\u0105<br \/>\n\t8.&nbsp;&nbsp;&nbsp; + Helena Bartnik &ndash; od Anety i Tadeusza Pasieczny z rodzin\u0105<br \/>\n\t9.&nbsp;&nbsp;&nbsp; + Helena Bartnik &ndash; od Jadwigi i J&oacute;zefa Snopek z rodzin\u0105<br \/>\n\t10.&nbsp;&nbsp;&nbsp; + Helena Bartnik &ndash; od w\u0142a\u015bcicieli firmy Polmet<br \/>\n\t11.&nbsp;&nbsp;&nbsp; + J&oacute;zef Ciupi\u0144ski &ndash; od chrzestnej Lucyny z rodzin\u0105<br \/>\n\t12.&nbsp;&nbsp;&nbsp; + J&oacute;zef Ciupi\u0144ski &ndash; od Paw\u0142a i Anety Kardy\u015b<br \/>\n\t13.&nbsp;&nbsp;&nbsp; + J&oacute;zef Ciupi\u0144ski &ndash; od Adama i El\u017cbiety Kukulskich<br \/>\n\t14.&nbsp;&nbsp;&nbsp; + J&oacute;zef Ciupi\u0144ski<br \/>\n\t15.&nbsp;&nbsp;&nbsp; + J&oacute;zef Ciupi\u0144ski &ndash; od pracownik&oacute;w GOPS-u w Bia\u0142obrzegach<br \/>\n\t16.&nbsp;&nbsp;&nbsp; + Anna Kr&oacute;l &ndash; od Haliny Ryfa z rodzin\u0105<br \/>\n\t17.&nbsp;&nbsp;&nbsp; + Anna Kr&oacute;l &ndash; od pracownik&oacute;w Rejonu Energetycznego w Le\u017cajsku<br \/>\n\t18.&nbsp;&nbsp;&nbsp; + Anna Kr&oacute;l &ndash; od pracownik&oacute;w Rejonu Energetycznego w Le\u017cajsku<br \/>\n\t19.&nbsp;&nbsp;&nbsp; + Micha\u0142 Stafiej &ndash; od Adriana i Edyty<br \/>\n\t20.&nbsp;&nbsp;&nbsp; + Genowefa Kurek &ndash; od kole\u017canek z Polmosu<br \/>\n\t&nbsp;<\/p>\n<p>&nbsp;<\/p>\n","protected":false},"excerpt":{"rendered":"<p>Niedziela Mi\u0142osierdzia Bo\u017cego &#8211; 07-04-2024 Og\u0142oszenia Dzi\u015b II Niedziela Wielkanocy &#8211; nazywana Bia\u0142\u0105 Niedziel\u0105, albo te\u017c Niedziel\u0105 Bo\u017cego Mi\u0142osierdzia. O godz. 15.00 Nabo\u017ce\u0144stwo do Bo\u017cego Mi\u0142osierdzia, a po Nim Msza &hellip; <a href=\"https:\/\/budy.przemyska.pl\/index.php\/2024\/04\/07\/ogloszenia-parafialne-7-kwiecien-2024\/\" class=\"more-link\">Czytaj dalej <span class=\"screen-reader-text\">Og\u0142oszenia parafialne 7 kwiecie\u0144 2024<\/span> <span class=\"meta-nav\">&rarr;<\/span><\/a><\/p>\n","protected":false},"author":1,"featured_media":0,"comment_status":"closed","ping_status":"closed","sticky":false,"template":"","format":"standard","meta":{"footnotes":""},"categories":[6,4],"tags":[],"class_list":["post-3787","post","type-post","status-publish","format-standard","hentry","category-aktualnosci","category-ogloszenia"],"_links":{"self":[{"href":"https:\/\/budy.przemyska.pl\/index.php\/wp-json\/wp\/v2\/posts\/3787","targetHints":{"allow":["GET"]}}],"collection":[{"href":"https:\/\/budy.przemyska.pl\/index.php\/wp-json\/wp\/v2\/posts"}],"about":[{"href":"https:\/\/budy.przemyska.pl\/index.php\/wp-json\/wp\/v2\/types\/post"}],"author":[{"embeddable":true,"href":"https:\/\/budy.przemyska.pl\/index.php\/wp-json\/wp\/v2\/users\/1"}],"replies":[{"embeddable":true,"href":"https:\/\/budy.przemyska.pl\/index.php\/wp-json\/wp\/v2\/comments?post=3787"}],"version-history":[{"count":0,"href":"https:\/\/budy.przemyska.pl\/index.php\/wp-json\/wp\/v2\/posts\/3787\/revisions"}],"wp:attachment":[{"href":"https:\/\/budy.przemyska.pl\/index.php\/wp-json\/wp\/v2\/media?parent=3787"}],"wp:term":[{"taxonomy":"category","embeddable":true,"href":"https:\/\/budy.przemyska.pl\/index.php\/wp-json\/wp\/v2\/categories?post=3787"},{"taxonomy":"post_tag","embeddable":true,"href":"https:\/\/budy.przemyska.pl\/index.php\/wp-json\/wp\/v2\/tags?post=3787"}],"curies":[{"name":"wp","href":"https:\/\/api.w.org\/{rel}","templated":true}]}}