{"id":3780,"date":"2024-03-30T16:03:44","date_gmt":"2024-03-30T15:03:44","guid":{"rendered":"http:\/\/www.budylancuckie.przemyska.pl\/?p=3780"},"modified":"2024-11-11T14:42:29","modified_gmt":"2024-11-11T13:42:29","slug":"zyczenia-wielkanocne-3","status":"publish","type":"post","link":"https:\/\/budy.przemyska.pl\/index.php\/2024\/03\/30\/zyczenia-wielkanocne-3\/","title":{"rendered":"\u017byczenia Wielkanocne"},"content":{"rendered":"<h1>[singlepic id=255 w=420 h=320 float=left] <span style=\"font-size:24px;\">Z okazji \u015awi\u0105t Wielkanocnych pragniemy \u017cyczy\u0107 Wszystkim Parafianom, a tak\u017ce mi\u0142ym Go\u015bciom, Pokoju i Rado\u015bci od Chrystusa Zmartwychwsta\u0142ego oraz Bo\u017cego b\u0142ogos\u0142awie\u0144stwa na ka\u017cdy dzie\u0144 \u017cycia. Niech blask Chrystusowego Zmartwychwstania opromienia ca\u0142\u0105 nasz\u0105 codzienno\u015b\u0107 \u017cycia. ALLEJUJA!<\/span><\/p>\n<p>\t&nbsp;<\/h1>\n","protected":false},"excerpt":{"rendered":"<p>[singlepic id=255 w=420 h=320 float=left] Z okazji \u015awi\u0105t Wielkanocnych pragniemy \u017cyczy\u0107 Wszystkim Parafianom, a tak\u017ce mi\u0142ym Go\u015bciom, Pokoju i Rado\u015bci od Chrystusa Zmartwychwsta\u0142ego oraz Bo\u017cego b\u0142ogos\u0142awie\u0144stwa na ka\u017cdy dzie\u0144 \u017cycia. &hellip; <a href=\"https:\/\/budy.przemyska.pl\/index.php\/2024\/03\/30\/zyczenia-wielkanocne-3\/\" class=\"more-link\">Czytaj dalej <span class=\"screen-reader-text\">\u017byczenia Wielkanocne<\/span> <span class=\"meta-nav\">&rarr;<\/span><\/a><\/p>\n","protected":false},"author":1,"featured_media":0,"comment_status":"closed","ping_status":"closed","sticky":false,"template":"","format":"standard","meta":{"footnotes":""},"categories":[6],"tags":[],"class_list":["post-3780","post","type-post","status-publish","format-standard","hentry","category-aktualnosci"],"_links":{"self":[{"href":"https:\/\/budy.przemyska.pl\/index.php\/wp-json\/wp\/v2\/posts\/3780","targetHints":{"allow":["GET"]}}],"collection":[{"href":"https:\/\/budy.przemyska.pl\/index.php\/wp-json\/wp\/v2\/posts"}],"about":[{"href":"https:\/\/budy.przemyska.pl\/index.php\/wp-json\/wp\/v2\/types\/post"}],"author":[{"embeddable":true,"href":"https:\/\/budy.przemyska.pl\/index.php\/wp-json\/wp\/v2\/users\/1"}],"replies":[{"embeddable":true,"href":"https:\/\/budy.przemyska.pl\/index.php\/wp-json\/wp\/v2\/comments?post=3780"}],"version-history":[{"count":1,"href":"https:\/\/budy.przemyska.pl\/index.php\/wp-json\/wp\/v2\/posts\/3780\/revisions"}],"predecessor-version":[{"id":3947,"href":"https:\/\/budy.przemyska.pl\/index.php\/wp-json\/wp\/v2\/posts\/3780\/revisions\/3947"}],"wp:attachment":[{"href":"https:\/\/budy.przemyska.pl\/index.php\/wp-json\/wp\/v2\/media?parent=3780"}],"wp:term":[{"taxonomy":"category","embeddable":true,"href":"https:\/\/budy.przemyska.pl\/index.php\/wp-json\/wp\/v2\/categories?post=3780"},{"taxonomy":"post_tag","embeddable":true,"href":"https:\/\/budy.przemyska.pl\/index.php\/wp-json\/wp\/v2\/tags?post=3780"}],"curies":[{"name":"wp","href":"https:\/\/api.w.org\/{rel}","templated":true}]}}