{"id":3778,"date":"2024-03-30T16:00:12","date_gmt":"2024-03-30T15:00:12","guid":{"rendered":"http:\/\/www.budylancuckie.przemyska.pl\/?p=3778"},"modified":"2024-03-30T16:00:12","modified_gmt":"2024-03-30T15:00:12","slug":"ogloszenia-parafialne-31-marzec-2024","status":"publish","type":"post","link":"https:\/\/budy.przemyska.pl\/index.php\/2024\/03\/30\/ogloszenia-parafialne-31-marzec-2024\/","title":{"rendered":"Og\u0142oszenia parafialne 31 marzec 2024"},"content":{"rendered":"<h2 style=\"text-align: center;\"><strong><span style=\"color: rgb(0, 0, 128);\">Uroczysto\u015b\u0107 Zmartwychwstania Pa\u0144skiego &#8211; 31-03-2024<\/span><\/strong><\/h2>\n<h2 style=\"text-align: center;\"><strong><span style=\"color: rgb(0, 0, 128);\">Og\u0142oszenia<br \/>\n\t<\/span><\/strong><\/h2>\n<ol>\n<li>Dzi\u015b Niedziela Zmartwychwstania Pa\u0144skiego. Msze \u015bw. o godz. 06.00 &ndash; Rezurekcja, o godz. 09.00 i o 10.30. <br \/>\n\t\tJutro &#8211; Msze \u015bw. o godz. 06.30, 08.00 i o 10.30.<\/li>\n<li>Rozpoczynamy tzw. Bia\u0142y Tydzie\u0144 &ndash; Oktaw\u0119 Wielkanocy, kt&oacute;ra jest przed\u0142u\u017ceniem \u015bwi\u0119towania pami\u0105tki Zmartwychwstania Pana Jezusa na ca\u0142y tydzie\u0144, dlatego w pi\u0105tek nie ma postu.<\/li>\n<li>Za tydzie\u0144 Niedziela Bo\u017cego Mi\u0142osierdzia. Prosimy, aby w tym dniu dzieci przynios\u0142y swoje skarbonki wielkopostne i z\u0142o\u017cy\u0142y na stoliku pod ch&oacute;rem. Wszystkie te ofiary zostan\u0105 przekazane na Caritas.<\/li>\n<li>W tym tygodniu wypada I czwartek, I pi\u0105tek i I sobota miesi\u0105ca. <br \/>\n\t\tW I czwartek od godz. 17.00 Adoracja Naj\u015bwi\u0119tszego Sakramentu.<br \/>\n\t\tW tym dniu modlimy si\u0119 za powo\u0142anych i o nowe powo\u0142ania do S\u0142u\u017cby Bo\u017cej.<\/li>\n<li>W I pi\u0105tek czcimy Naj\u015bwi\u0119tsze Serce Pana Jezusa. Po Mszy \u015bw. rano o godz. 06.45 odwiedziny chorych z Komuni\u0105 \u015bw., za\u015b po Mszy \u015bw. wieczorem o godz. 18.00 Nabo\u017ce\u0144stwo pierwszopi\u0105tkowe.<\/li>\n<li>W I sobot\u0119 czcimy Niepokalane Serce NMP. Msza \u015bw. o godz. 18.00, po Niej Nabo\u017ce\u0144stwo r&oacute;\u017ca\u0144cowe, procesja z figurk\u0105 Matki Bo\u017cej Fatimskiej i zmiana tajemnic r&oacute;\u017ca\u0144cowych.<\/li>\n<li>Sk\u0142adam serdeczne B&oacute;g zap\u0142a\u0107 dla os&oacute;b sprz\u0105taj\u0105cych, stroj\u0105cych i przygotowuj\u0105cych ko\u015bci&oacute;\u0142 na czas \u015awi\u0105t oraz za wszystkie ofiary sk\u0142adane na potrzeby parafii.<\/li>\n<\/ol>\n<h3 style=\"text-align: center;\"><strong><span style=\"color: rgb(0, 0, 128);\">Intencje mszalne<\/span><\/strong><\/h3>\n<h4 style=\"text-align: center;\"><strong><span style=\"color: rgb(0, 0, 128);\">od 1 kwietnia 2024 do 7 kwietnia 2024<\/span><\/strong><\/h4>\n<h4>&nbsp;<\/h4>\n<h4><strong>Gdyby zbyt d\u0142ugi czas nie by\u0142a og\u0142oszona zam&oacute;wiona intencja mszalna &ndash; prosimy o zg\u0142oszenie tego kap\u0142anowi.&nbsp; Zam&oacute;wiona intencja nie mo\u017ce zgin\u0105\u0107.<br \/>\n\t<\/strong><\/h4>\n<p><u><strong>Poniedzia\u0142ek &#8211; 1 kwiecie\u0144<br \/>\n\t<\/strong><\/u>06.30 + J&oacute;zef Baran &ndash; 26 rocz. \u015bmierci<br \/>\n\t06.30 + Boles\u0142aw Migas &ndash; od wnuk&oacute;w: Tomka i Agaty <br \/>\n\t08.00 + Franciszek, Emilia, Tadeusz Mach<br \/>\n\t08.00 + Emilia Migas &ndash; od rodziny<br \/>\n\t10.30 + J&oacute;zef Ciupi\u0144ski &ndash; od c&oacute;rki Bo\u017ceny z rodzin\u0105<br \/>\n\t10.30 + Wies\u0142aw Wikiera &ndash; od Marcina Blok z rodzin\u0105<\/p>\n<p><u><strong>Wtorek &#8211; 2 kwiecie\u0144<br \/>\n\t<\/strong><\/u>1. + Julia, Franciszek Marek (r. \u015bm.) oraz Lucyna, Zdzis\u0142aw Stafiej<br \/>\n\t2. + Boles\u0142aw Migas &ndash; od Stefana i Agaty Janas<br \/>\n\t3. O potrzebne \u0142aski i b\u0142og. Bo\u017ce w rodzinie<\/p>\n<p><u><strong>\u015aroda &#8211; 3 kwiecie\u0144<br \/>\n\t<\/strong><\/u>1. + Stanis\u0142aw Lasek &ndash; od chrze\u015bnicy Marii <br \/>\n\t2. + Wies\u0142aw Wikiera &ndash; od kuzynki El\u017cbiety z Rzeszowa <br \/>\n\t3. + Maria Bosak (r. \u015bm.) oraz za ++ Rodzic&oacute;w i Rodze\u0144stwo<\/p>\n<p><u><strong>Czwartek &#8211; 4 kwiecie\u0144<\/strong><\/u><br \/>\n\t1. + Boles\u0142aw Migas &ndash; od Krystyny Kmiecik <br \/>\n\t2. + Janina, Filomena, Stanis\u0142aw, Jan \u015awizdor <br \/>\n\t3. O zdrowie, b\u0142og. Bo\u017ce i opiek\u0119 Matki Bo\u017cej dla Kamili w 18-t\u0105 rocznic\u0119 urodzin<\/p>\n<p>\t<u><strong>Pi\u0105tek &#8211; 5 kwiecie\u0144<br \/>\n\t<\/strong><\/u>06.45 + + z rodziny Misi\u0105g&oacute;w i Mazur&oacute;w: Julia, Franciszek, Stanis\u0142aw, Cecylia, Franciszek <br \/>\n\t06.45 + Julia Pasiak &ndash; od uczestnik&oacute;w i pracownik&oacute;w O\u015brodka Wsparcia w Korniaktowie P\u0142d<br \/>\n\t18.00 + Boles\u0142aw Migas &ndash; od M. Kojder z rodzin\u0105<\/p>\n<p><u><strong>Sobota &#8211; 6 kwiecie\u0144<br \/>\n\t<\/strong><\/u>1. + Franciszek Bosak; Zofia i Franciszek Dyrda <br \/>\n\t2. + Anna Kr&oacute;l &ndash; od syna z \u017con\u0105<br \/>\n\t3. O b\u0142og. Bo\u017ce i opiek\u0119 Matki Bo\u017cej dla Macieja w dniu 18-tych urodzin<\/p>\n<p><u><strong>Niedziela &#8211; 7 kwiecie\u0144<br \/>\n\t<\/strong><\/u>06.30 + Zofia, Wies\u0142aw Wikiera &ndash; od kuzyn. Danuty z rodzin\u0105 <br \/>\n\t08.00 ++ Rodziny: Rachwa\u0142&oacute;w, Bartnik&oacute;w i Babiarz&oacute;w <br \/>\n\t08.00 + Maria, Bronis\u0142aw Wacnik oraz + \u0141ukasz Kojder <br \/>\n\t10.30 Za parafian<br \/>\n\t15.00 + Jakub, Weronika, W\u0142adys\u0142aw i Leokadia Obara<\/p>\n<h3 style=\"text-align: center;\"><strong><span style=\"color: rgb(0, 0, 128);\">Modlitw\u0119 r&oacute;\u017ca\u0144cow\u0105 prowadz\u0105<\/span><\/strong><\/h3>\n<p>01. Pn. R&oacute;\u017ca Matki Bo\u017cej Szkaplerznej &#8211; (Maria K\u0142os)<br \/>\n\t02. Wt. R&oacute;\u017ca \u015aw. Stanis\u0142awa Biskupa &ndash; (Wojciech Pelc)<br \/>\n\t03. \u015ar. R&oacute;\u017ca \u015aw. Teresy od Dzieci\u0105tka Jezus &ndash; (Dorota Dzierga)<br \/>\n\t04. Cz. Dzie\u0142o Pomocy Powo\u0142aniom &ndash; (Anna Szular)<br \/>\n\t05. Pt. KSM<br \/>\n\t06. Sb. Kap\u0142an<br \/>\n\t07. Nd. Akcja Katolicka<br \/>\n\tWyznaczona R&oacute;\u017ca jest proszona o prowadzenie modlitwy r&oacute;\u017ca\u0144cowej.<\/p>\n","protected":false},"excerpt":{"rendered":"<p>Uroczysto\u015b\u0107 Zmartwychwstania Pa\u0144skiego &#8211; 31-03-2024 Og\u0142oszenia Dzi\u015b Niedziela Zmartwychwstania Pa\u0144skiego. Msze \u015bw. o godz. 06.00 &ndash; Rezurekcja, o godz. 09.00 i o 10.30. Jutro &#8211; Msze \u015bw. o godz. 06.30, &hellip; <a href=\"https:\/\/budy.przemyska.pl\/index.php\/2024\/03\/30\/ogloszenia-parafialne-31-marzec-2024\/\" class=\"more-link\">Czytaj dalej <span class=\"screen-reader-text\">Og\u0142oszenia parafialne 31 marzec 2024<\/span> <span class=\"meta-nav\">&rarr;<\/span><\/a><\/p>\n","protected":false},"author":1,"featured_media":0,"comment_status":"closed","ping_status":"closed","sticky":false,"template":"","format":"standard","meta":{"footnotes":""},"categories":[6,4],"tags":[],"class_list":["post-3778","post","type-post","status-publish","format-standard","hentry","category-aktualnosci","category-ogloszenia"],"_links":{"self":[{"href":"https:\/\/budy.przemyska.pl\/index.php\/wp-json\/wp\/v2\/posts\/3778","targetHints":{"allow":["GET"]}}],"collection":[{"href":"https:\/\/budy.przemyska.pl\/index.php\/wp-json\/wp\/v2\/posts"}],"about":[{"href":"https:\/\/budy.przemyska.pl\/index.php\/wp-json\/wp\/v2\/types\/post"}],"author":[{"embeddable":true,"href":"https:\/\/budy.przemyska.pl\/index.php\/wp-json\/wp\/v2\/users\/1"}],"replies":[{"embeddable":true,"href":"https:\/\/budy.przemyska.pl\/index.php\/wp-json\/wp\/v2\/comments?post=3778"}],"version-history":[{"count":0,"href":"https:\/\/budy.przemyska.pl\/index.php\/wp-json\/wp\/v2\/posts\/3778\/revisions"}],"wp:attachment":[{"href":"https:\/\/budy.przemyska.pl\/index.php\/wp-json\/wp\/v2\/media?parent=3778"}],"wp:term":[{"taxonomy":"category","embeddable":true,"href":"https:\/\/budy.przemyska.pl\/index.php\/wp-json\/wp\/v2\/categories?post=3778"},{"taxonomy":"post_tag","embeddable":true,"href":"https:\/\/budy.przemyska.pl\/index.php\/wp-json\/wp\/v2\/tags?post=3778"}],"curies":[{"name":"wp","href":"https:\/\/api.w.org\/{rel}","templated":true}]}}