{"id":3774,"date":"2024-03-24T07:12:57","date_gmt":"2024-03-24T06:12:57","guid":{"rendered":"http:\/\/www.budylancuckie.przemyska.pl\/?p=3774"},"modified":"2024-03-24T07:12:57","modified_gmt":"2024-03-24T06:12:57","slug":"ogloszenia-parafialne-24-marzec-2024","status":"publish","type":"post","link":"https:\/\/budy.przemyska.pl\/index.php\/2024\/03\/24\/ogloszenia-parafialne-24-marzec-2024\/","title":{"rendered":"Og\u0142oszenia parafialne 24 marzec 2024"},"content":{"rendered":"<h2 style=\"text-align: center;\"><strong><span style=\"color: rgb(0, 0, 128);\">Niedziela Palmowa &#8211; 24-03-2024<\/span><\/strong><\/h2>\n<h2 style=\"text-align: center;\"><strong><span style=\"color: rgb(0, 0, 128);\">Og\u0142oszenia<br \/>\n\t<\/span><\/strong><\/h2>\n<ol>\n<li>Dzi\u015b Niedziela Palmowa, po\u015bwiecenie palm na ka\u017cdej Mszy \u015bw. <br \/>\n\t\tO godz. 15.00 Nabo\u017ce\u0144stwo Gorzkich \u017bali, a po Nim Msza \u015bw. <br \/>\n\t\tZe wzgl\u0119du na Wielki Tydzie\u0144 Uroczysto\u015b\u0107 Zwiastowania Pa\u0144skiego przeniesiona jest na dzie\u0144 8 kwietnia. Wtedy te\u017c b\u0119dziemy prze\u017cywa\u0107 nasz\u0105 Uroczysto\u015b\u0107 Odpustow\u0105.&nbsp;<\/li>\n<li>Dzisiejsza Niedziela wprowadza nas w Wielki Tydzie\u0144 Meki Pa\u0144skiej. <br \/>\n\t\tO godz. 16.30 nasza Stra\u017c Grobowa b\u0119dzie mia\u0142a swoj\u0105 musztr\u0119.<\/li>\n<li>We wtorek po Mszy \u015bw. oko\u0142o 18.30 Droga Krzy\u017cowa odprawiana na terenie parafii. Tradycyjnie p&oacute;jdziemy tras\u0105, kt&oacute;r\u0105 prowadzi r&oacute;wnie\u017c procesja Bo\u017cego Cia\u0142a. Bardzo prosz\u0119 naszych stra\u017cak&oacute;w o zabezpieczenie i przygotowanie trasy. Zabierzmy ze sob\u0105 lampiony. Serdecznie zapraszamy wszystkich parafian.<\/li>\n<li>W \u015brod\u0119 od godz. 07.30 odwiedziny chorych przed \u015awi\u0119tami. Bardzo prosimy o zg\u0142aszanie chorych, kt&oacute;rzy chc\u0105 skorzysta\u0107 z pos\u0142ugi, w zakrystii lub telefonicznie.<\/li>\n<li>W Wielki Poniedzia\u0142ek, Wielki Wtorek i Wielk\u0105 \u015arod\u0119 mo\u017cliwo\u015b\u0107 Spowiedzi \u015bw. od godz. 17.00.<\/li>\n<li>Od Wielkiego Czwartku rozpoczynamy w Ko\u015bciele prze\u017cywanie celebracji Triduum Paschalnego. Kulminacj\u0105 tej celebracji b\u0119dzie Niedziela Wielkanocna z procesj\u0105 Rezurekcyjn\u0105. Zechciejmy w te dni przyj\u015b\u0107 na Adoracj\u0119 Pana Jezusa w Ciemnicy i w Grobie.<\/li>\n<li>Wielki Czwartek &ndash; uroczysta Msza \u015bw. Wieczerzy Pa\u0144skiej o godz. 18.00. Po Mszy \u015bw. przeniesienie Naj\u015bwi\u0119tszego Sakramentu do Ciemnicy i adoracja do godz. 22.00.<\/li>\n<li>Wielki Pi\u0105tek &#8211; adoracja od godz. 07.00 -24.00, z przerw\u0105 na sprawowanie Liturgii M\u0119ki Pa\u0144skiej. O godz. 17.30 Droga Krzy\u017cowa, nast\u0119pnie sprawowana Liturgia z adoracj\u0105 Krzy\u017ca i przeniesieniem Pana Jezusa do Grobu. Od\u015bpiewamy trzy cz\u0119\u015bci Gorzkich \u017bali. W tym dniu rozpoczynamy r&oacute;wnie\u017c nowenn\u0119 do Mi\u0142osierdzia Bo\u017cego.<br \/>\n\t\tW Wielki Pi\u0105tek obowi\u0105zuje nas post \u015bcis\u0142y (2 posi\u0142ki lekkie, 1 do syta; bez mi\u0119sa). Jeste\u015bmy r&oacute;wnie\u017c zobowi\u0105zani do zachowania postu od spo\u017cywania mi\u0119sa w ka\u017cdy pi\u0105tek w ci\u0105gu roku.<\/li>\n<li>Wielka Sobota &ndash; adoracja od godz. 07.00 rano.<br \/>\n\t\t\u015awi\u0119cenie pokarm&oacute;w na st&oacute;\u0142 Wielkanocny; w ko\u015bciele &ndash; o godz.09.00, 11.00, 13.00. <br \/>\n\t\tNa Prawych Budach &ndash; o godz.10.00 &ndash; u p. Kluz&oacute;w; o 10.20 &ndash; u p. K\u0142os&oacute;w; o godz. 10.40 &ndash; w punkcie katechetycznym. <br \/>\n\t\tNa Lewych Budach &ndash; o godz. 11.30 &ndash; przy punkcie katechetycznym;<br \/>\n\t\to 12.00 &ndash; u p. Nawrot&oacute;w.<br \/>\n\t\tO godz. 19.00 rozpocz\u0119cie Liturgii Wigilii Paschalnej; po\u015bwi\u0119cenie ognia, pascha\u0142u &#8211; przynosimy ze sob\u0105 \u015bwiece &#8211; nast\u0119pnie uroczysta celebracja Eucharystii. Po Mszy \u015bw. nie b\u0119dzie ju\u017c adoracji. Prosimy o przygotowanie ko\u015bcio\u0142a na Wielkanoc.<\/li>\n<li>W Niedziel\u0119 Wielkanocn\u0105 &ndash; Msza \u015bw. rezurekcyjna o godz. 06.00 rano. Nast\u0119pne Msze \u015bw. w tym dniu o godz. 09.00 i 10.30.<\/li>\n<li>W Poniedzia\u0142ek Wielkanocny Msze \u015bw. o godz. 06.30, 08.00 i 10.30. Zar&oacute;wno na Wielkanoc, jak i w Poniedzia\u0142ek Wielkanocny, nie b\u0119dzie Mszy \u015bw. po po\u0142udniu.<\/li>\n<li>Poniewa\u017c zbli\u017ca si\u0119 okres \u015awi\u0105t, dlatego na ten czas zawieszamy Nawiedzenie Obrazu Serca Jezusowego w naszych rodzinach. Prosz\u0119, aby w \u015brod\u0119 przywie\u017a\u0107 Obrazy do ko\u015bcio\u0142a i ustawi\u0107 Je w kaplicy \u015bw. Maksymiliana. Wznowienie za\u015b Nawiedzenia by\u0142oby we wtorek po \u015awi\u0119tach. Prosz\u0119 zatem, aby kolejna rodzina przyby\u0142a do ko\u015bcio\u0142a po Obraz Jezusowego Serca.<\/li>\n<li>Sk\u0142adam serdeczne podzi\u0119kowanie B&oacute;g zap\u0142a\u0107 za przygotowanie ko\u015bcio\u0142a i wszelk\u0105 pomoc, aby czas \u015awi\u0105t prze\u017cy\u0107 jak najlepiej. Dzi\u0119kuj\u0119 r&oacute;wnie\u017c za wszystkie ofiary sk\u0142adane na potrzeby parafii.<\/li>\n<\/ol>\n<h3 style=\"text-align: center;\"><strong><span style=\"color: rgb(0, 0, 128);\">Intencje mszalne<\/span><\/strong><\/h3>\n<h4 style=\"text-align: center;\"><strong><span style=\"color: rgb(0, 0, 128);\">od 25 marca 2024 do 31 marca 2024<\/span><\/strong><\/h4>\n<h4>&nbsp;<\/h4>\n<h4><strong>Gdyby zbyt d\u0142ugi czas nie by\u0142a og\u0142oszona zam&oacute;wiona intencja mszalna &ndash; prosimy o zg\u0142oszenie tego kap\u0142anowi.&nbsp; Zam&oacute;wiona intencja nie mo\u017ce zgin\u0105\u0107.<br \/>\n\t<\/strong><\/h4>\n<p><u><strong>Poniedzia\u0142ek &#8211; 25 marzec<br \/>\n\t<\/strong><\/u>1. + Emilia Migas (greg.) <br \/>\n\t2. + Wies\u0142aw Wikiera &ndash; od rodziny Misi&oacute;w<br \/>\n\t3. + Janina Dyrda &ndash; rocznica \u015bmierci<\/p>\n<p><u><strong>Wtorek &#8211; 26 marzec<br \/>\n\t<\/strong><\/u>1. + Emilia Migas (greg.) <br \/>\n\t2. + Michalina Stafiej &ndash; rocznica \u015bmierci <br \/>\n\t3. + Czes\u0142awa i Stanis\u0142aw B\u0119ben oraz + Marcela i Franciszek S\u0142upek<\/p>\n<p><u><strong>\u015aroda &#8211; 27 marzec<br \/>\n\t<\/strong><\/u>1. + Emilia Migas (greg.)<br \/>\n\t2. + Anna Biel&oacute;wka &ndash; od rodziny <br \/>\n\t3. + Anna, Stanis\u0142aw Ga\u0142usza<\/p>\n<p><u><strong>Czwartek &#8211; 28 marzec<\/strong><\/u><br \/>\n\t1. + Emilia Migas (greg.) <br \/>\n\t2. + Magdalena Sanok (r. \u015bm.), Stanis\u0142aw i Arkadiusz <br \/>\n\t3. + Helena Bartnik<\/p>\n<p>\t<u><strong>Pi\u0105tek &#8211; 29 marzec<br \/>\n\t<\/strong><\/u><\/p>\n<p><u><strong>Sobota &#8211; 30 marzec<br \/>\n\t<\/strong><\/u>1. + Emilia Migas (greg.) <br \/>\n\t2. + Janina, Stanis\u0142aw Ko\u0142cz &ndash; od Tadeusza Lasoty<br \/>\n\t3. + Jan Golak (r. \u015bm.) oraz zmarli Rodzice i Rodze\u0144stwo<\/p>\n<p><u><strong>Niedziela &#8211; 31 marzec<br \/>\n\t<\/strong><\/u>06.00 Za parafian <br \/>\n\t06.00 + Emilia Migas (zak. greg.)<br \/>\n\t06.00 + J&oacute;zef i W\u0142adys\u0142awa Kurek oraz + Maria, Antoni, Maria Golenia <br \/>\n\t06.00 + J&oacute;zef Ciupi\u0144ski &ndash; od Rydzik&oacute;w <br \/>\n\t09.00 + S. Cecylia Makaria Cebula &ndash; od brata Stanis\u0142awa<br \/>\n\t10.30 + Micha\u0142 K\u0142os<\/p>\n<h3 style=\"text-align: center;\"><strong><span style=\"color: rgb(0, 0, 128);\">Adoracja R&oacute;\u017c R&oacute;\u017ca\u0144cowych<br \/>\n\t<\/span><\/strong><\/h3>\n<p><strong>Wielki Czwartek<br \/>\n\t<\/strong><\/p>\n<p>19.00 &ndash; R&oacute;\u017ca \u015aw. Kingi; <br \/>\n\t20.00 &ndash; R&oacute;\u017ca \u015aw. Stanis\u0142awa Biskupa; <br \/>\n\t21.00 &ndash; Dzie\u0142o Pomocy Powo\u0142aniom i Akcja Katolicka.<\/p>\n<p><strong>Wielki Pi\u0105tek<br \/>\n\t<\/strong><\/p>\n<p>07.00 &ndash; R&oacute;\u017ca \u015aw. Heleny; <br \/>\n\t08.00 &ndash; R&oacute;\u017ca \u015aw. Teresy od Dzieciatka Jezus; <br \/>\n\t09.00 &ndash; R&oacute;\u017ca \u015aw. Cecylii; <br \/>\n\t10.00 &ndash; R&oacute;\u017ca \u015aw. Marii Goretti; <br \/>\n\t11.00 &ndash; R&oacute;\u017ca \u015aw. Marii Magdaleny; <br \/>\n\t12.00 &ndash; R&oacute;\u017ca \u015aw. Anny i R&oacute;\u017ca \u015aw. Marty; <br \/>\n\t13.00 &ndash; R&oacute;\u017ca \u015aw. Agaty; <br \/>\n\t14.00 &ndash; R&oacute;\u017ca \u015aw. Teresy Wielkiej ; <br \/>\n\t15.00 &ndash; R&oacute;\u017ca \u015aw. Klary; <br \/>\n\t16.00 &ndash; R&oacute;\u017ca \u015aw. Katarzyny; <br \/>\n\t17.00 &ndash; R&oacute;\u017ca \u015aw. Marii Ma\u0142gorzaty; <br \/>\n\t20.00 &ndash; R&oacute;\u017ca \u015aw. Franciszka z Asy\u017cu; <br \/>\n\t21.00 &ndash; KSM; <br \/>\n\t22.00 &ndash; Parafianie.<\/p>\n<p><strong>Wielka Sobota <br \/>\n\t<\/strong><\/p>\n<p>07.00 &ndash; R&oacute;\u017ca Matki Bo\u017cej R&oacute;\u017ca\u0144cowej; <br \/>\n\t08.00 &ndash; R&oacute;\u017ca \u015aw. Agnieszki; <br \/>\n\t09.00 &ndash; R&oacute;\u017ca \u015aw. El\u017cbiety; <br \/>\n\t10.00 &ndash; R&oacute;\u017ca \u015aw. Genowefy; <br \/>\n\t11.00 &ndash; R&oacute;\u017ca \u015aw. Jadwigi Kr&oacute;lowej; <br \/>\n\t12.00 &ndash; R&oacute;\u017ca \u015aw. Jadwigi \u015al\u0105skiej; <br \/>\n\t13.00 &#8211; R&oacute;\u017ca Matki Bo\u017cej Szkaplerznej; <br \/>\n\t14.00 &ndash; R&oacute;\u017ca \u015aw. Faustyny; <br \/>\n\t15.00 &ndash; R&oacute;\u017ca Matki Bo\u017cej Bolesnej; <br \/>\n\t16.00 &ndash; R&oacute;\u017ca \u015aw. Tomasza Aposto\u0142a; <br \/>\n\t17.00 &ndash; R&oacute;\u017ca \u015aw. Andrzeja Aposto\u0142a; <br \/>\n\t18.00 &ndash; R&oacute;\u017ca \u015aw. Zofii.<\/p>\n<h3 style=\"text-align: center;\"><strong><span style=\"color: rgb(0, 0, 128);\">Modlitw\u0119 r&oacute;\u017ca\u0144cow\u0105 prowadz\u0105<\/span><\/strong><\/h3>\n<p>25. Pn. R&oacute;\u017ca \u015aw. Marty &ndash; (Czes\u0142awa Por\u0119bna) <br \/>\n\t26. Wt. R&oacute;\u017ca \u015aw. Jadwigi \u015al\u0105skiej &ndash; (Edyta Wal)<br \/>\n\t27. \u015ar. R&oacute;\u017ca Matki Bo\u017cej Bolesnej &ndash; (Krystyna Szostek)<br \/>\n\t31. Nd. R&oacute;\u017ca Matki Bo\u017cej R&oacute;\u017ca\u0144cowej &#8211; (Zofia \u015awizdor)<\/p>\n<p>\t&nbsp;<\/p>\n","protected":false},"excerpt":{"rendered":"<p>Niedziela Palmowa &#8211; 24-03-2024 Og\u0142oszenia Dzi\u015b Niedziela Palmowa, po\u015bwiecenie palm na ka\u017cdej Mszy \u015bw. O godz. 15.00 Nabo\u017ce\u0144stwo Gorzkich \u017bali, a po Nim Msza \u015bw. Ze wzgl\u0119du na Wielki Tydzie\u0144 &hellip; <a href=\"https:\/\/budy.przemyska.pl\/index.php\/2024\/03\/24\/ogloszenia-parafialne-24-marzec-2024\/\" class=\"more-link\">Czytaj dalej <span class=\"screen-reader-text\">Og\u0142oszenia parafialne 24 marzec 2024<\/span> <span class=\"meta-nav\">&rarr;<\/span><\/a><\/p>\n","protected":false},"author":1,"featured_media":0,"comment_status":"closed","ping_status":"closed","sticky":false,"template":"","format":"standard","meta":{"footnotes":""},"categories":[6,4],"tags":[],"class_list":["post-3774","post","type-post","status-publish","format-standard","hentry","category-aktualnosci","category-ogloszenia"],"_links":{"self":[{"href":"https:\/\/budy.przemyska.pl\/index.php\/wp-json\/wp\/v2\/posts\/3774","targetHints":{"allow":["GET"]}}],"collection":[{"href":"https:\/\/budy.przemyska.pl\/index.php\/wp-json\/wp\/v2\/posts"}],"about":[{"href":"https:\/\/budy.przemyska.pl\/index.php\/wp-json\/wp\/v2\/types\/post"}],"author":[{"embeddable":true,"href":"https:\/\/budy.przemyska.pl\/index.php\/wp-json\/wp\/v2\/users\/1"}],"replies":[{"embeddable":true,"href":"https:\/\/budy.przemyska.pl\/index.php\/wp-json\/wp\/v2\/comments?post=3774"}],"version-history":[{"count":0,"href":"https:\/\/budy.przemyska.pl\/index.php\/wp-json\/wp\/v2\/posts\/3774\/revisions"}],"wp:attachment":[{"href":"https:\/\/budy.przemyska.pl\/index.php\/wp-json\/wp\/v2\/media?parent=3774"}],"wp:term":[{"taxonomy":"category","embeddable":true,"href":"https:\/\/budy.przemyska.pl\/index.php\/wp-json\/wp\/v2\/categories?post=3774"},{"taxonomy":"post_tag","embeddable":true,"href":"https:\/\/budy.przemyska.pl\/index.php\/wp-json\/wp\/v2\/tags?post=3774"}],"curies":[{"name":"wp","href":"https:\/\/api.w.org\/{rel}","templated":true}]}}