{"id":3771,"date":"2024-03-16T19:42:18","date_gmt":"2024-03-16T18:42:18","guid":{"rendered":"http:\/\/www.budylancuckie.przemyska.pl\/?p=3771"},"modified":"2024-03-16T19:42:18","modified_gmt":"2024-03-16T18:42:18","slug":"ogloszenia-parafialne-17-marzec-2024","status":"publish","type":"post","link":"https:\/\/budy.przemyska.pl\/index.php\/2024\/03\/16\/ogloszenia-parafialne-17-marzec-2024\/","title":{"rendered":"Og\u0142oszenia parafialne 17 marzec 2024"},"content":{"rendered":"<h2 style=\"text-align: center;\"><strong><span style=\"color: rgb(0, 0, 128);\">V Niedziela Wielkiego Postu &#8211; 17-03-2024<\/span><\/strong><\/h2>\n<h2 style=\"text-align: center;\"><strong><span style=\"color: rgb(0, 0, 128);\">Og\u0142oszenia<br \/>\n\t<\/span><\/strong><\/h2>\n<ol>\n<li>Dzi\u015b o godz. 15.00 Nabo\u017ce\u0144stwo Gorzkich \u017bali, a po Nim Msza \u015bw.<\/li>\n<li>Od jutra Msza \u015bw. b\u0119dzie odprawiana o godz. 18.00. Zwi\u0105zane jest to ze Spowiedzi\u0105 \u015bw. w parafiach naszego Dekanatu. <\/li>\n<li>We wtorek wypada Uroczysto\u015b\u0107 \u015bw. J&oacute;zefa, Oblubie\u0144ca NMP. W naszym dekanacie Odpust parafialny w Zmys\u0142&oacute;wce.<\/li>\n<li>W \u015brod\u0119 w naszej parafii planowana jest Spowied\u017a \u015bw. Wielkopostna w godz. od 14.00 do 17.00. O godz. 16.00 by\u0142aby p&oacute;\u0142-godzinna przerwa w Spowiedzi \u015bw. Serdecznie zapraszamy z mo\u017cliwo\u015bci skorzystania z Sakramentu Pojednania w tym dniu, poniewa\u017c udajemy si\u0119 na Spowied\u017a \u015bw. tak\u017ce do innych parafii Dekanatu.<\/li>\n<li>W czwartek Adoracja Naj\u015bwi\u0119tszego Sakramentu od godz. 17.00. Po Mszy \u015bw. spotkanie dla uczni&oacute;w klas VIII w zwi\u0105zku z przygotowaniem do Sakramentu Bierzmowania.<\/li>\n<li>W pi\u0105tek Nabo\u017ce\u0144stwo Drogi Krzy\u017cowej o godzinie 18.00, a po nim Msza \u015awi\u0119ta, za\u015b o godzinie 19.30 Droga Krzy\u017cowa prowadzona przez m\u0142odzie\u017c z naszej parafii.<\/li>\n<li>Prowadzony jest nab&oacute;r do naszej Stra\u017cy Grobowej. Osoby zainteresowane wst\u0105pieniem do TURK&Oacute;W, proszone s\u0105 o kontakt z p. Maciejem Bia\u0142y.<\/li>\n<li>Oczekuj\u0105c na \u015awi\u0119ta Zmartwychwstania Pa\u0144skiego, Stowarzyszenie &bdquo;Aktywni Razem&rdquo; serdecznie zaprasza na Misterium M\u0119ki Pa\u0144skiej, kt&oacute;re odb\u0119dzie si\u0119 24 marca 2024 r. o godz. 18.00 przy Domu Kultury w Korniaktowie Po\u0142udniowym.<\/li>\n<li>Stra\u017cacy z Korniaktowa P&oacute;\u0142nocnego organizuj\u0105 zbi&oacute;rk\u0119 z\u0142omu i elektro\u015bmieci w sobot\u0119 23 marca; pocz\u0105tek zbi&oacute;rki od godz. 10.00.<\/li>\n<li>Pozosta\u0142y ostatnie 3 wolne miejsca na nasz\u0105 parafialn\u0105 Pielgrzymk\u0119 do Kodnia, Gietrzwa\u0142du, \u015awi\u0119tej Lipki i Sok&oacute;\u0142ki. Serdecznie zapraszamy!<\/li>\n<li>Udzia\u0142 w sobotniej Pielgrzymce do Markowej z okazji 80 Rocznicy M\u0119cze\u0144skiej \u015amierci B\u0142ogos\u0142awionej Rodziny Ulm&oacute;w by\u0142by indywidualny. Pocz\u0105tek o godz. 09.00 przy Parafii \u015bw. Micha\u0142a Archanio\u0142a w \u0141a\u0144cucie, za\u015b Msza \u015bw. w Markowej o godz. 12.00.<\/li>\n<li>Sk\u0142adam serdeczne B&oacute;g zap\u0142a\u0107 dla os&oacute;b sprz\u0105taj\u0105cych ko\u015bci&oacute;\u0142 oraz za wszystkie ofiary sk\u0142adane na potrzeby parafii. <\/li>\n<\/ol>\n<h3 style=\"text-align: center;\"><strong><span style=\"color: rgb(0, 0, 128);\">Intencje mszalne<\/span><\/strong><\/h3>\n<h4 style=\"text-align: center;\"><strong><span style=\"color: rgb(0, 0, 128);\">od 18 marca 2024 do 24 marca 2024<\/span><\/strong><\/h4>\n<h4>&nbsp;<\/h4>\n<h4><strong>Gdyby zbyt d\u0142ugi czas nie by\u0142a og\u0142oszona zam&oacute;wiona intencja mszalna &ndash; prosimy o zg\u0142oszenie tego kap\u0142anowi.&nbsp; Zam&oacute;wiona intencja nie mo\u017ce zgin\u0105\u0107.<br \/>\n\t<\/strong><\/h4>\n<p><u><strong>Poniedzia\u0142ek &#8211; 18 marzec<br \/>\n\t<\/strong><\/u>1. + Emilia Migas (greg.) <br \/>\n\t2. + Boles\u0142aw Migas &ndash; od siostry Marii z rodzin\u0105 <br \/>\n\t3. + Stanis\u0142aw Lasek &ndash; od szwagra J&oacute;zefa i siostrze. Anny<\/p>\n<p><u><strong>Wtorek &#8211; 19 marzec<br \/>\n\t<\/strong><\/u>1. + Emilia Migas (greg.) <br \/>\n\t2. + Czes\u0142awa i J&oacute;zef Ko\u0142cz <br \/>\n\t3. + J&oacute;zef Rupar <\/p>\n<p><u><strong>\u015aroda &#8211; 20 marzec<br \/>\n\t<\/strong><\/u>1. + Emilia Migas (greg.)<br \/>\n\t2. + Bronis\u0142aw Mach<br \/>\n\t3. + J&oacute;zef Ciupi\u0144ski &ndash; od kol. z pracy wnuczki Julii<\/p>\n<p><u><strong>Czwartek &#8211; 21 marzec<\/strong><\/u><br \/>\n\t1. + Emilia Migas (greg.) <br \/>\n\t2. + Boles\u0142aw Migas &ndash; od rodziny Wierzbickich <br \/>\n\t3. + Stanis\u0142aw Lasek &ndash; od Marii Kojder z rodzin\u0105 <\/p>\n<p>\t<u><strong>Pi\u0105tek &#8211; 22 marzec<br \/>\n\t<\/strong><\/u>1. + Emilia Migas (greg.)<br \/>\n\t2. + Julia Pasiak &ndash; od s\u0105siadki Janiny z rodzin\u0105 <br \/>\n\t3. Dzi\u0119kczynna za 90 lat \u017cycia; z pro\u015bb\u0105 o b\u0142og. Bo\u017ce dla ca\u0142ej rodziny<\/p>\n<p><u><strong>Sobota &#8211; 23 marzec<br \/>\n\t<\/strong><\/u>1. + Emilia Migas (greg.) <br \/>\n\t2. + Boles\u0142aw Migas &ndash; od Jana Janas z rodzin\u0105 <br \/>\n\t3. + O. Bogus\u0142aw Golak (r. \u015bm.) oraz zmarli Rodzice i Rodze\u0144stwo<\/p>\n<p><u><strong>Niedziela &#8211; 24 marzec<br \/>\n\t<\/strong><\/u>06.30 + Paulina i Franciszek Bosak i zmarli z Rodziny <br \/>\n\t08.00 + Piotr Ko\u0144 &ndash; od \u017cony z c&oacute;rk\u0105<br \/>\n\t08.00 + J&oacute;zef Ciupi\u0144ski &ndash; od c&oacute;rki Danuty z m\u0119\u017cem<br \/>\n\t10.30 Za parafian <br \/>\n\t15.00 + Emilia Migas (greg.)<\/p>\n<h3 style=\"text-align: center;\"><strong><span style=\"color: rgb(0, 0, 128);\">Modlitw\u0119 r&oacute;\u017ca\u0144cow\u0105 prowadz\u0105<\/span><\/strong><\/h3>\n<p>18. Pn. R&oacute;\u017ca \u015aw. Heleny &ndash; (Helena Dyrda) <br \/>\n\t19. Wt. R&oacute;\u017ca \u015aw. Katarzyny &ndash; (Anna Kurek)<br \/>\n\t20. \u015ar. R&oacute;\u017ca \u015aw. Klary &ndash; (Teresa G\u0142owiak)<br \/>\n\t21. Cz. R&oacute;\u017ca \u015aw. Kingi &ndash; (El\u017cbieta Wacnik)<br \/>\n\t22. Pt. KSM<br \/>\n\t23. Sb. R&oacute;\u017ca \u015aw. Marii Magdaleny &ndash; (Janina Rachwa\u0142)<br \/>\n\t24. Nd. R&oacute;\u017ca \u015aw. Marii Goretti &#8211; (El\u017cbieta Kukulska) <\/p>\n<p>\n\t&nbsp;<\/p>\n","protected":false},"excerpt":{"rendered":"<p>V Niedziela Wielkiego Postu &#8211; 17-03-2024 Og\u0142oszenia Dzi\u015b o godz. 15.00 Nabo\u017ce\u0144stwo Gorzkich \u017bali, a po Nim Msza \u015bw. Od jutra Msza \u015bw. b\u0119dzie odprawiana o godz. 18.00. Zwi\u0105zane jest &hellip; <a href=\"https:\/\/budy.przemyska.pl\/index.php\/2024\/03\/16\/ogloszenia-parafialne-17-marzec-2024\/\" class=\"more-link\">Czytaj dalej <span class=\"screen-reader-text\">Og\u0142oszenia parafialne 17 marzec 2024<\/span> <span class=\"meta-nav\">&rarr;<\/span><\/a><\/p>\n","protected":false},"author":1,"featured_media":0,"comment_status":"closed","ping_status":"closed","sticky":false,"template":"","format":"standard","meta":{"footnotes":""},"categories":[6,4],"tags":[],"class_list":["post-3771","post","type-post","status-publish","format-standard","hentry","category-aktualnosci","category-ogloszenia"],"_links":{"self":[{"href":"https:\/\/budy.przemyska.pl\/index.php\/wp-json\/wp\/v2\/posts\/3771","targetHints":{"allow":["GET"]}}],"collection":[{"href":"https:\/\/budy.przemyska.pl\/index.php\/wp-json\/wp\/v2\/posts"}],"about":[{"href":"https:\/\/budy.przemyska.pl\/index.php\/wp-json\/wp\/v2\/types\/post"}],"author":[{"embeddable":true,"href":"https:\/\/budy.przemyska.pl\/index.php\/wp-json\/wp\/v2\/users\/1"}],"replies":[{"embeddable":true,"href":"https:\/\/budy.przemyska.pl\/index.php\/wp-json\/wp\/v2\/comments?post=3771"}],"version-history":[{"count":0,"href":"https:\/\/budy.przemyska.pl\/index.php\/wp-json\/wp\/v2\/posts\/3771\/revisions"}],"wp:attachment":[{"href":"https:\/\/budy.przemyska.pl\/index.php\/wp-json\/wp\/v2\/media?parent=3771"}],"wp:term":[{"taxonomy":"category","embeddable":true,"href":"https:\/\/budy.przemyska.pl\/index.php\/wp-json\/wp\/v2\/categories?post=3771"},{"taxonomy":"post_tag","embeddable":true,"href":"https:\/\/budy.przemyska.pl\/index.php\/wp-json\/wp\/v2\/tags?post=3771"}],"curies":[{"name":"wp","href":"https:\/\/api.w.org\/{rel}","templated":true}]}}