{"id":3769,"date":"2024-03-10T06:43:49","date_gmt":"2024-03-10T05:43:49","guid":{"rendered":"http:\/\/www.budylancuckie.przemyska.pl\/?p=3769"},"modified":"2024-03-10T06:43:49","modified_gmt":"2024-03-10T05:43:49","slug":"ogloszenia-parafialne-10-marzec-2024","status":"publish","type":"post","link":"https:\/\/budy.przemyska.pl\/index.php\/2024\/03\/10\/ogloszenia-parafialne-10-marzec-2024\/","title":{"rendered":"Og\u0142oszenia parafialne 10 marzec 2024"},"content":{"rendered":"<h2 style=\"text-align: center;\"><strong><span style=\"color: rgb(0, 0, 128);\">IV Niedziela Wielkiego Postu &#8211; 10-03-2024<\/span><\/strong><\/h2>\n<h2 style=\"text-align: center;\"><strong><span style=\"color: rgb(0, 0, 128);\">Og\u0142oszenia<br \/>\n\t<\/span><\/strong><\/h2>\n<ol>\n<li>Dzi\u015b o godz. 15.00 Nabo\u017ce\u0144stwo Gorzkich \u017bali, a po Nim Msza \u015bw. W dniu dzisiejszym rozpoczynamy r&oacute;wnie\u017c Nowenn\u0119 przed Uroczysto\u015bci\u0105 \u015bw. J&oacute;zefa.<\/li>\n<li>Jutro po Mszy \u015bw. w salce na plebanii, odb\u0119dzie si\u0119 spotkanie dla wszystkich uczestnik&oacute;w Pielgrzymki do Kodnia, Gietrzwa\u0142du, \u015awi\u0119tej Lipki i Sok&oacute;\u0142ki. S\u0105 jeszcze ostatnie 3 wolne miejsca! Serdecznie zapraszamy!<\/li>\n<li>W czwartek Adoracja Naj\u015bwi\u0119tszego Sakramentu od godz. 16.00. Po Mszy \u015bw. spotkanie Akcji Katolickiej. <\/li>\n<li>W pi\u0105tek Nabo\u017ce\u0144stwo Drogi Krzy\u017cowej o godzinie 17.00, a po nim Msza \u015awi\u0119ta, za\u015b o godzinie 19.30 Droga Krzy\u017cowa prowadzona przez m\u0142odzie\u017c z naszej parafii.<\/li>\n<li>Za tydzie\u0144 III niedziela miesi\u0105ca. W naszej parafii sk\u0142adka na inwestycje.<\/li>\n<li>Prowadzony jest nab&oacute;r do naszej Stra\u017cy Grobowej. Osoby zainteresowane wst\u0105pieniem do TURK&Oacute;W, proszone s\u0105 o kontakt z p. Maciejem Bia\u0142y &#8211; nr tel. 696 907 166.<\/li>\n<li>Z inicjatywy Konferencji Episkopatu Polski organizowana jest Og&oacute;lnopolska Nowenna w intencji Ojczyzny, zgody narodowej i poszanowania \u017cycia ludzkiego, w dn. 16-24 marca. Pod koniec odprawianej Mszy \u015bw. w\u0142\u0105czymy si\u0119 w t\u0119 Nowenn\u0119, za\u015b indywidualnie mo\u017cna si\u0119 r&oacute;wnie\u017c w\u0142\u0105czy\u0107 codziennie, w tych dniach, o godz. 21.20 po zako\u0144czeniu Apelu Jasnog&oacute;rskiego.<\/li>\n<li>23 marca (sobota) w przededniu 80 m\u0119cze\u0144skiej rocznicy \u015bmierci B\u0142ogos\u0142awionej Rodziny Ulm&oacute;w, organizowana jest Archidiecezjalna Pielgrzymka do Markowej. Rozpocz\u0119cie b\u0119dzie mia\u0142o miejsce o godz. 09.00 przy parafii \u015bw. Micha\u0142a Archanio\u0142a w \u0141a\u0144cucie i nast\u0119pnie przemarsz do Markowej. O godz. 11.30 planowana jest Konferencja nt. obrony \u017cycia, za\u015b o godz. 12.00 Msza \u015bw. pod przewodnictwem ks. bpa Jana W\u0105troby z Rzeszowa. Ch\u0119tnych prosz\u0119 o zapisy w zakrystii. Je\u015bli by\u0142aby wi\u0119ksza liczba ch\u0119tnych to wybraliby\u015bmy si\u0119 busem lub autokarem, je\u015bli za\u015b nie by\u0142oby du\u017co ch\u0119tnych to w&oacute;wczas wyjazd by\u0142by indywidualny.<\/li>\n<li>Ojcowie Franciszkanie z Kalwarii Pac\u0142awskiej organizuj\u0105 coroczne Misterium M\u0119ki Pa\u0144skiej w Niedziel\u0119 Palmow\u0105 oraz w Wielki Pi\u0105tek. Szczeg&oacute;\u0142y na plakacie w gablotce parafialnej. <\/li>\n<li>Sk\u0142adam serdeczne B&oacute;g zap\u0142a\u0107 dla os&oacute;b sprz\u0105taj\u0105cych ko\u015bci&oacute;\u0142 oraz za wszystkie ofiary sk\u0142adane na potrzeby parafii. <\/li>\n<\/ol>\n<h3 style=\"text-align: center;\"><strong><span style=\"color: rgb(0, 0, 128);\">Intencje mszalne<\/span><\/strong><\/h3>\n<h4 style=\"text-align: center;\"><strong><span style=\"color: rgb(0, 0, 128);\">od 11 marca 2024 do 17 marca 2024<\/span><\/strong><\/h4>\n<h4>&nbsp;<\/h4>\n<h4><strong>Gdyby zbyt d\u0142ugi czas nie by\u0142a og\u0142oszona zam&oacute;wiona intencja mszalna &ndash; prosimy o zg\u0142oszenie tego kap\u0142anowi.&nbsp; Zam&oacute;wiona intencja nie mo\u017ce zgin\u0105\u0107.<br \/>\n\t<\/strong><\/h4>\n<p><u><strong>Poniedzia\u0142ek &#8211; 11 marzec<br \/>\n\t<\/strong><\/u>1. + Emilia Migas (greg.) <br \/>\n\t2. + Zofia i Stanis\u0142aw Bartnik (rocz. \u015bmierci) <br \/>\n\t3. + Stanis\u0142aw Benedyk<\/p>\n<p><u><strong>Wtorek &#8211; 12 marzec<br \/>\n\t<\/strong><\/u>1. + Emilia Migas (greg.) <br \/>\n\t2. + Boles\u0142aw Migas &ndash; od rodziny Czyrek z Bia\u0142obrzeg&oacute;w <br \/>\n\t3. + Salomea i W\u0142adys\u0142aw Rupar oraz ich Rodzice i Rodze\u0144stwo <\/p>\n<p><u><strong>\u015aroda &#8211; 13 marzec<br \/>\n\t<\/strong><\/u>1. + Emilia Migas (greg.)<br \/>\n\t2. + Joanna i Stanis\u0142aw Dr\u0105\u017cek i zmarli z rodziny<br \/>\n\t3. + Janina Golenia i zmarli z rodziny<\/p>\n<p><u><strong>Czwartek &#8211; 14 marzec<\/strong><\/u><br \/>\n\t1. + Emilia Migas (greg.) <br \/>\n\t2. + Boles\u0142aw Migas &ndash; od Urszuli i Krzysztofa Bia\u0142y <br \/>\n\t3. + Stanis\u0142aw Lasek &ndash; od siostrzenicy Justyny z rodzin\u0105 <\/p>\n<p>\t<u><strong>Pi\u0105tek &#8211; 15 marzec<br \/>\n\t<\/strong><\/u>1. + Emilia Migas (greg.)<br \/>\n\t2. + Julia Pasiak &ndash; od Ma\u0142gorzaty, Agnieszki i Jerzego <br \/>\n\t3. + Adam i Roman Nalepa<\/p>\n<p><u><strong>Sobota &#8211; 16 marzec<br \/>\n\t<\/strong><\/u>1. + Emilia Migas (greg.) <br \/>\n\t2. + Edward Szostek i jego Rodzice <br \/>\n\t3. + Irena i J&oacute;zef Kostka<\/p>\n<p><u><strong>Niedziela &#8211; 17 marzec<br \/>\n\t<\/strong><\/u>06.30 + Katarzyna i J&oacute;zef Kr&oacute;l oraz Zofia i Jan Golenia <br \/>\n\t08.00 Dzi\u0119kczynna za 90 lat \u017cycia Weroniki oraz o opiek\u0119 Matki Bo\u017cej na dalsze lata<br \/>\n\t08.00 + Renata, Karol, Dawid<br \/>\n\t10.30 Za parafian <br \/>\n\t15.00 + Emilia Migas (greg.)<\/p>\n<h3 style=\"text-align: center;\"><strong><span style=\"color: rgb(0, 0, 128);\">Modlitw\u0119 r&oacute;\u017ca\u0144cow\u0105 prowadz\u0105<\/span><\/strong><\/h3>\n<p>11. Pn. R&oacute;\u017ca \u015aw. Cecylii &ndash; (Krystyna Markowicz) <br \/>\n\t12. Wt. R&oacute;\u017ca \u015aw. El\u017cbiety &ndash; (Alina Trojnar)<br \/>\n\t13. \u015ar. R&oacute;\u017ca \u015aw. Faustyny &ndash; (Eugenia \u015awizdor)<br \/>\n\t14. Cz. Akcja Katolicka<br \/>\n\t15. Pt. KSM<br \/>\n\t16. Sb. R&oacute;\u017ca \u015aw. Genowefy &ndash; (Genowefa Dr\u0105\u017cek)<br \/>\n\t17. Nd. R&oacute;\u017ca Jadwigi Kr&oacute;lowej &#8211; (Halina Dyrda) <\/p>\n<h3 style=\"text-align: center;\"><strong><span style=\"color: rgb(0, 0, 128);\">Propozycja intencji do przekazania do odprawienia <br \/>\n\t<\/span><\/strong><strong><span style=\"color: rgb(0, 0, 128);\">w Wy\u017cszym Seminarium Duchownym w Przemy\u015blu<br \/>\n\t<\/span><\/strong><\/h3>\n<p>1.&nbsp;&nbsp;&nbsp; + Boles\u0142aw Migas &ndash; od Marii Kisiel<br \/>\n\t2.&nbsp;&nbsp;&nbsp; + Boles\u0142aw Migas &ndash; od Krystyny i Andrzeja Kwolk&oacute;w z rodzin\u0105<br \/>\n\t3.&nbsp;&nbsp;&nbsp; + Boles\u0142aw Migas &ndash; od rodziny Becla i Lorenc ze \u015awi\u0119toniowej<br \/>\n\t4.&nbsp;&nbsp;&nbsp; + Wies\u0142aw Wikiera &ndash; od Mariana Chmury z rodzin\u0105<br \/>\n\t5.&nbsp;&nbsp;&nbsp; + Wies\u0142aw Wikiera &ndash; od W&oacute;jta i Rady Gminy w Grodzisku Dolnym<br \/>\n\t6.&nbsp;&nbsp;&nbsp; + Wies\u0142aw Wikiera &ndash; od Pracownik&oacute;w Urz\u0119du Gminy w Grodzisku Dol.<br \/>\n\t7.&nbsp;&nbsp;&nbsp; + Wies\u0142aw Wikiera &ndash; od rodziny Kalamarz z Gniewczyny \u0141a\u0144cuckiej<br \/>\n\t8.&nbsp;&nbsp;&nbsp; + Wies\u0142aw Wikiera &ndash; od rodziny Kie\u0142b<br \/>\n\t9.&nbsp;&nbsp;&nbsp; + Wies\u0142aw Wikiera &ndash; od rodziny Gibad\u0142o i Pir&oacute;g z Dukli<br \/>\n\t10.&nbsp;&nbsp;&nbsp; &nbsp;+ Wies\u0142aw Wikiera &ndash; od wsp&oacute;lnoty \u017bywego R&oacute;\u017ca\u0144ca z parafii w Dukli<br \/>\n\t11.&nbsp;&nbsp;&nbsp; &nbsp;+ Wies\u0142aw Wikiera &ndash; od rodziny Wanowicz&oacute;w z D\u0119biny<br \/>\n\t12.&nbsp;&nbsp;&nbsp; &nbsp;+ Wies\u0142aw Wikiera &ndash; od rodziny Wanowicz&oacute;w z D\u0119biny<br \/>\n\t13.&nbsp;&nbsp;&nbsp; &nbsp;+ Wies\u0142aw Wikiera &ndash; od rodziny Wanowicz&oacute;w z D\u0119biny<br \/>\n\t14.&nbsp;&nbsp;&nbsp; &nbsp;+ Wies\u0142aw Wikiera &ndash; od rodziny Ossowskich<br \/>\n\t15.&nbsp;&nbsp;&nbsp; &nbsp;Dantis (Msza \u015bw. odprawiana na intencj\u0119 ofiarodawcy)<br \/>\n\t16.&nbsp;&nbsp;&nbsp; + Stanis\u0142aw Lasek &ndash; od koleg&oacute;w z Ko\u0142a \u0141owieckiego &bdquo;Ry\u015b&rdquo; w \u0141a\u0144cucie<br \/>\n\t17.&nbsp;&nbsp;&nbsp; + Stanis\u0142aw Lasek &ndash; od koleg&oacute;w z Ko\u0142a \u0141owieckiego &bdquo;Ry\u015b&rdquo; w \u0141a\u0144cucie<br \/>\n\t18.&nbsp;&nbsp;&nbsp; + Helena Bartnik &ndash; od Czes\u0142awy i Mariusza Bytnar z rodzin\u0105<br \/>\n\t19.&nbsp;&nbsp;&nbsp; + Helena Bartnik &ndash; od Michaliny i Andrzeja Rycyk<br \/>\n\t20.&nbsp;&nbsp;&nbsp; + Helena Bartnik &ndash; od Karolini i \u0141ukasza Kaliniewicz z rodzin\u0105<\/p>\n<p>&nbsp;<\/p>\n","protected":false},"excerpt":{"rendered":"<p>IV Niedziela Wielkiego Postu &#8211; 10-03-2024 Og\u0142oszenia Dzi\u015b o godz. 15.00 Nabo\u017ce\u0144stwo Gorzkich \u017bali, a po Nim Msza \u015bw. W dniu dzisiejszym rozpoczynamy r&oacute;wnie\u017c Nowenn\u0119 przed Uroczysto\u015bci\u0105 \u015bw. J&oacute;zefa. Jutro &hellip; <a href=\"https:\/\/budy.przemyska.pl\/index.php\/2024\/03\/10\/ogloszenia-parafialne-10-marzec-2024\/\" class=\"more-link\">Czytaj dalej <span class=\"screen-reader-text\">Og\u0142oszenia parafialne 10 marzec 2024<\/span> <span class=\"meta-nav\">&rarr;<\/span><\/a><\/p>\n","protected":false},"author":1,"featured_media":0,"comment_status":"closed","ping_status":"closed","sticky":false,"template":"","format":"standard","meta":{"footnotes":""},"categories":[6,4],"tags":[],"class_list":["post-3769","post","type-post","status-publish","format-standard","hentry","category-aktualnosci","category-ogloszenia"],"_links":{"self":[{"href":"https:\/\/budy.przemyska.pl\/index.php\/wp-json\/wp\/v2\/posts\/3769","targetHints":{"allow":["GET"]}}],"collection":[{"href":"https:\/\/budy.przemyska.pl\/index.php\/wp-json\/wp\/v2\/posts"}],"about":[{"href":"https:\/\/budy.przemyska.pl\/index.php\/wp-json\/wp\/v2\/types\/post"}],"author":[{"embeddable":true,"href":"https:\/\/budy.przemyska.pl\/index.php\/wp-json\/wp\/v2\/users\/1"}],"replies":[{"embeddable":true,"href":"https:\/\/budy.przemyska.pl\/index.php\/wp-json\/wp\/v2\/comments?post=3769"}],"version-history":[{"count":0,"href":"https:\/\/budy.przemyska.pl\/index.php\/wp-json\/wp\/v2\/posts\/3769\/revisions"}],"wp:attachment":[{"href":"https:\/\/budy.przemyska.pl\/index.php\/wp-json\/wp\/v2\/media?parent=3769"}],"wp:term":[{"taxonomy":"category","embeddable":true,"href":"https:\/\/budy.przemyska.pl\/index.php\/wp-json\/wp\/v2\/categories?post=3769"},{"taxonomy":"post_tag","embeddable":true,"href":"https:\/\/budy.przemyska.pl\/index.php\/wp-json\/wp\/v2\/tags?post=3769"}],"curies":[{"name":"wp","href":"https:\/\/api.w.org\/{rel}","templated":true}]}}