{"id":3766,"date":"2024-03-02T17:45:25","date_gmt":"2024-03-02T16:45:25","guid":{"rendered":"http:\/\/www.budylancuckie.przemyska.pl\/?p=3766"},"modified":"2024-03-02T17:45:25","modified_gmt":"2024-03-02T16:45:25","slug":"ogloszenia-parafialne-3-marzec-2024","status":"publish","type":"post","link":"https:\/\/budy.przemyska.pl\/index.php\/2024\/03\/02\/ogloszenia-parafialne-3-marzec-2024\/","title":{"rendered":"Og\u0142oszenia parafialne 3 marzec 2024"},"content":{"rendered":"<h2 style=\"text-align: center;\"><strong><span style=\"color: rgb(0, 0, 128);\">III Niedziela Wielkiego Postu &#8211; 03-03-2024<\/span><\/strong><\/h2>\n<h2 style=\"text-align: center;\"><strong><span style=\"color: rgb(0, 0, 128);\">Og\u0142oszenia<br \/>\n\t<\/span><\/strong><\/h2>\n<ol>\n<li>Dzi\u015b o godz. 15.00 Nabo\u017ce\u0144stwo Gorzkich \u017bali, a po Nim Msza \u015bw. <\/li>\n<li>W I czwartek miesi\u0105ca Adoracja Naj\u015bwi\u0119tszego Sakramentu od godz. 16.00. W tym dniu modlimy si\u0119 w intencji o nowe powo\u0142ania do S\u0142u\u017cby Bo\u017cej i za powo\u0142anych.<\/li>\n<li>W pi\u0105tek Nabo\u017ce\u0144stwo Drogi Krzy\u017cowej o godzinie 17.00, a po nim Msza \u015awi\u0119ta, za\u015b o godzinie 19.30 Droga Krzy\u017cowa prowadzona przez m\u0142odzie\u017c z naszej parafii. W tym dniu szczeg&oacute;lnie modlimy si\u0119 w intencji wszystkich Kobiet.<\/li>\n<li>Serdecznie zapraszamy do udzia\u0142u w Nabo\u017ce\u0144stwach wielkopostnych, zar&oacute;wno starszych, jak i m\u0142odzie\u017c i dzieci. Za udzia\u0142 w tych Nabo\u017ce\u0144stwach mo\u017cna zyska\u0107 odpust zupe\u0142ny pod zwyk\u0142ymi warunkami.<\/li>\n<li>Prowadzony jest nab&oacute;r do naszej Stra\u017cy Grobowej. Osoby zainteresowane wst\u0105pieniem do TURK&Oacute;W, proszone s\u0105 o kontakt z p. Maciejem Bia\u0142y; nr tel. 696 907 166.<\/li>\n<li>S\u0105 jeszcze wolne miejsca na nasz\u0105 Parafialn\u0105 Pielgrzymk\u0119 do Kodnia, Gietrzwa\u0142du, \u015awi\u0119tej Lipki i Sok&oacute;\u0142ki. Serdecznie zapraszamy!<\/li>\n<li>Przy stoliku z gazetami s\u0105 jeszcze Wielkanocne \u015bwiece tzw. Paschaliki w cenie 10 z\u0142, rozprowadzane przez Caritas.<\/li>\n<li>Zach\u0119camy r&oacute;wnie\u017c do lektury prasy katolickiej: Niedzieli i Go\u015bcia Niedzielnego, a tak\u017ce do czytania ksi\u0105\u017cek o tematyce religijnej, aby systematycznie pog\u0142\u0119bia\u0107 swoj\u0105 wiar\u0119 i wi\u0119\u017a z Bogiem.<\/li>\n<li>Sk\u0142adam serdeczne B&oacute;g zap\u0142a\u0107 dla os&oacute;b sprz\u0105taj\u0105cych ko\u015bci&oacute;\u0142 oraz za wszystkie ofiary sk\u0142adane na potrzeby parafii. <\/li>\n<\/ol>\n<h3 style=\"text-align: center;\"><strong><span style=\"color: rgb(0, 0, 128);\">Intencje mszalne<\/span><\/strong><\/h3>\n<h4 style=\"text-align: center;\"><strong><span style=\"color: rgb(0, 0, 128);\">od 4 marca 2024 do 10 marca 2024<\/span><\/strong><\/h4>\n<h4>&nbsp;<\/h4>\n<h4><strong>Gdyby zbyt d\u0142ugi czas nie by\u0142a og\u0142oszona zam&oacute;wiona intencja mszalna &ndash; prosimy o zg\u0142oszenie tego kap\u0142anowi.&nbsp; Zam&oacute;wiona intencja nie mo\u017ce zgin\u0105\u0107.<br \/>\n\t<\/strong><\/h4>\n<p><u><strong>Poniedzia\u0142ek &#8211; 4 marzec<br \/>\n\t<\/strong><\/u>1. + Emilia Migas (greg.) <br \/>\n\t2. + Tomasz, Anna, Marian Biel&oacute;wka <br \/>\n\t3. Dzi\u0119kczynna za otrzymane \u0142aski; z pro\u015bb\u0105 o zdrowie i b\u0142ogos\u0142awie\u0144stwo Bo\u017ce w 60 r. urodzin dla Kazimierza &ndash; od \u017cony i dzieci<\/p>\n<p><u><strong>Wtorek &#8211; 5 marzec<br \/>\n\t<\/strong><\/u>1. + Emilia Migas (greg.) <br \/>\n\t2. Za dusze w czy\u015b\u0107cu cierpi\u0105ce <br \/>\n\t3. + Stanis\u0142aw Lasek &ndash; od siostrzenicy Agaty z rodzin\u0105 <\/p>\n<p><u><strong>\u015aroda &#8211; 6 marzec<br \/>\n\t<\/strong><\/u>1. + Emilia Migas (greg.)<br \/>\n\t2. + Julia i Stanis\u0142aw Pasiak &ndash; od rodziny Blok&oacute;w <br \/>\n\t3. O zdrowie dla El\u017cbiety <\/p>\n<p><u><strong>Czwartek &#8211; 7 marzec<\/strong><\/u><br \/>\n\t1. + Emilia Migas (greg.) <br \/>\n\t2. Za zmar\u0142ych z rodziny Kalamarz i Por\u0119bny <br \/>\n\t3. O zdrowie i b\u0142og. Bo\u017ce dla Stanis\u0142awa &ndash; z okazji urodzin <\/p>\n<p>\t<u><strong>Pi\u0105tek &#8211; 8 marzec<br \/>\n\t<\/strong><\/u>1. + Emilia Migas (greg.)<br \/>\n\t2. + Boles\u0142aw Migas &ndash; od kolegi Kazimierza Por\u0119bny <br \/>\n\t3. + Jan Kurek, Stanis\u0142aw Kurek, Anna Biel&oacute;wka<\/p>\n<p><u><strong>Sobota &#8211; 9 marzec<br \/>\n\t<\/strong><\/u>1. + Emilia Migas (greg.) <br \/>\n\t2. Za dusze w czy\u015b\u0107cu cierpi\u0105ce<br \/>\n\t3. + Stanis\u0142aw, Stefania, Salomea Preis i Karolina Wikiera<\/p>\n<p><u><strong>Niedziela &#8211; 10 marzec<br \/>\n\t<\/strong><\/u>06.30 + Maria, J&oacute;zef, Jan, Stanis\u0142aw Blok <br \/>\n\t08.00 Dzi\u0119kczynna; z pro\u015bb\u0105 o b\u0142og. Bo\u017ce dla Jakuba w dniu 18-stych urodzin<br \/>\n\t08.00 + J&oacute;zef Ciupi\u0144ski &ndash; od \u017cony<br \/>\n\t10.30 Za parafian <br \/>\n\t15.00 + Emilia Migas (greg.)<\/p>\n<h3 style=\"text-align: center;\"><strong><span style=\"color: rgb(0, 0, 128);\">Modlitw\u0119 r&oacute;\u017ca\u0144cow\u0105 prowadz\u0105<\/span><\/strong><\/h3>\n<p>04. Pn. R&oacute;\u017ca \u015aw. Andrzeja Aposto\u0142a &ndash; (J&oacute;zef M\u0105dry) <br \/>\n\t05. Wt. R&oacute;\u017ca \u015aw. Agaty &ndash; (Patrycja Por\u0119bna)<br \/>\n\t06. \u015ar. Akcja Katolicka<br \/>\n\t07. Cz. Dzie\u0142o Pomocy Powo\u0142aniom &ndash; (Anna Szular)<br \/>\n\t08. Pt. KSM<br \/>\n\t09. Sb. R&oacute;\u017ca \u015aw. Agnieszki &ndash; (Ma\u0142gorzata Markowicz)<br \/>\n\t10. Nd. R&oacute;\u017ca \u015aw. Zofii &#8211; (Zofia Kurek) <\/p>\n","protected":false},"excerpt":{"rendered":"<p>III Niedziela Wielkiego Postu &#8211; 03-03-2024 Og\u0142oszenia Dzi\u015b o godz. 15.00 Nabo\u017ce\u0144stwo Gorzkich \u017bali, a po Nim Msza \u015bw. W I czwartek miesi\u0105ca Adoracja Naj\u015bwi\u0119tszego Sakramentu od godz. 16.00. W &hellip; <a href=\"https:\/\/budy.przemyska.pl\/index.php\/2024\/03\/02\/ogloszenia-parafialne-3-marzec-2024\/\" class=\"more-link\">Czytaj dalej <span class=\"screen-reader-text\">Og\u0142oszenia parafialne 3 marzec 2024<\/span> <span class=\"meta-nav\">&rarr;<\/span><\/a><\/p>\n","protected":false},"author":1,"featured_media":0,"comment_status":"closed","ping_status":"closed","sticky":false,"template":"","format":"standard","meta":{"footnotes":""},"categories":[6,4],"tags":[],"class_list":["post-3766","post","type-post","status-publish","format-standard","hentry","category-aktualnosci","category-ogloszenia"],"_links":{"self":[{"href":"https:\/\/budy.przemyska.pl\/index.php\/wp-json\/wp\/v2\/posts\/3766","targetHints":{"allow":["GET"]}}],"collection":[{"href":"https:\/\/budy.przemyska.pl\/index.php\/wp-json\/wp\/v2\/posts"}],"about":[{"href":"https:\/\/budy.przemyska.pl\/index.php\/wp-json\/wp\/v2\/types\/post"}],"author":[{"embeddable":true,"href":"https:\/\/budy.przemyska.pl\/index.php\/wp-json\/wp\/v2\/users\/1"}],"replies":[{"embeddable":true,"href":"https:\/\/budy.przemyska.pl\/index.php\/wp-json\/wp\/v2\/comments?post=3766"}],"version-history":[{"count":0,"href":"https:\/\/budy.przemyska.pl\/index.php\/wp-json\/wp\/v2\/posts\/3766\/revisions"}],"wp:attachment":[{"href":"https:\/\/budy.przemyska.pl\/index.php\/wp-json\/wp\/v2\/media?parent=3766"}],"wp:term":[{"taxonomy":"category","embeddable":true,"href":"https:\/\/budy.przemyska.pl\/index.php\/wp-json\/wp\/v2\/categories?post=3766"},{"taxonomy":"post_tag","embeddable":true,"href":"https:\/\/budy.przemyska.pl\/index.php\/wp-json\/wp\/v2\/tags?post=3766"}],"curies":[{"name":"wp","href":"https:\/\/api.w.org\/{rel}","templated":true}]}}