{"id":3764,"date":"2024-02-25T17:34:37","date_gmt":"2024-02-25T16:34:37","guid":{"rendered":"http:\/\/www.budylancuckie.przemyska.pl\/?p=3764"},"modified":"2024-02-25T17:34:37","modified_gmt":"2024-02-25T16:34:37","slug":"ogloszenia-parafialne-25-luty-2024","status":"publish","type":"post","link":"https:\/\/budy.przemyska.pl\/index.php\/2024\/02\/25\/ogloszenia-parafialne-25-luty-2024\/","title":{"rendered":"Og\u0142oszenia parafialne 25 luty 2024"},"content":{"rendered":"<h2 style=\"text-align: center;\"><strong><span style=\"color: rgb(0, 0, 128);\">II Niedziela Wielkiego Postu &#8211; 25-02-2024<\/span><\/strong><\/h2>\n<h2 style=\"text-align: center;\"><strong><span style=\"color: rgb(0, 0, 128);\">Og\u0142oszenia<br \/>\n\t<\/span><\/strong><\/h2>\n<ol>\n<li>Dzi\u015b o godz. 15.00 Nabo\u017ce\u0144stwo Gorzkich \u017bali, a po nim Msza \u015bw.<\/li>\n<li>W czwartek adoracja Naj\u015bwi\u0119tszego Sakramentu od godziny 16.00.<\/li>\n<li>W tym tygodniu wypada I pi\u0105tek i I sobota miesi\u0105ca. <\/li>\n<li>W I pi\u0105tek czcimy Naj\u015bwi\u0119tsze Serce Pana Jezusa. Msza \u015bw. rano o godz. 06.45, a po Niej odwiedziny chorych z Komuni\u0105 \u015bw. Nabo\u017ce\u0144stwo Drogi Krzy\u017cowej o godzinie 17.00, a po nim Msza \u015awi\u0119ta, za\u015b o godzinie 19.30 Droga Krzy\u017cowa prowadzona przez m\u0142odzie\u017c z naszej parafii.<\/li>\n<li>W I sobot\u0119 czcimy Niepokalane Serce NMP. Msza \u015bw. o godz. 17.00, po Niej Nabo\u017ce\u0144stwo R&oacute;\u017ca\u0144cowe, procesja z figurk\u0105 Matki Bo\u017cej Fatimskiej i zmiana tajemnic r&oacute;\u017ca\u0144cowych.<\/li>\n<li>W niedziele Wielkiego Postu o godzinie 15.00 Nabo\u017ce\u0144stwo Gorzkich \u017bali z kazaniem Pasyjnym, a po nich Msza \u015awi\u0119ta.<\/li>\n<li>Serdecznie zapraszamy do udzia\u0142u w Nabo\u017ce\u0144stwach wielkopostnych, zar&oacute;wno starszych, jak i m\u0142odzie\u017c i dzieci. Za udzia\u0142 w tych Nabo\u017ce\u0144stwach mo\u017cna zyska\u0107 odpust zupe\u0142ny pod zwyk\u0142ymi warunkami.<\/li>\n<li>Mo\u017cliwo\u015b\u0107 skorzystania ze Spowiedzi \u015bw. codziennie, godzin\u0119 przed Msz\u0105 \u015bw.<\/li>\n<li>Ca\u0142y czas trwa w naszej parafii peregrynacja Obrazu Serca Jezusowego, jako owoc Nawiedzenia, kt&oacute;re prze\u017cywali\u015bmy w dn.22-23 listopada ub.r. Chciejmy duchowo towarzyszy\u0107 rodzinom przyjmuj\u0105cym Obraz, aby \u0142aska Bo\u017cego b\u0142ogos\u0142awie\u0144stwa i Bo\u017cej opieki u\u015bwi\u0119ca\u0142a codzienne nasze \u017cycie.<\/li>\n<li>S\u0105 jeszcze wolne miejsca na Pielgrzymk\u0119 do Kodnia, Gietrzwa\u0142du, \u015awi\u0119tej Lipki i Sok&oacute;\u0142ki na prze\u0142omie czerwca i lipca br. <\/li>\n<li>Na stoliku przy gazetach s\u0105 jeszcze do zakupienia wielkanocne \u015bwiece tzw. Paschaliki w cenie 10 z\u0142. <\/li>\n<li>Sk\u0142adam serdeczne B&oacute;g zap\u0142a\u0107 dla os&oacute;b sprz\u0105taj\u0105cych i stroj\u0105cych ko\u015bci&oacute;\u0142 oraz za wszystkie ofiary sk\u0142adane na potrzeby parafii, w tym r&oacute;wnie\u017c, ofiary sk\u0142adane bezpo\u015brednio na konto parafii. <\/li>\n<\/ol>\n<h3 style=\"text-align: center;\"><strong><span style=\"color: rgb(0, 0, 128);\">Intencje mszalne<\/span><\/strong><\/h3>\n<h4 style=\"text-align: center;\"><strong><span style=\"color: rgb(0, 0, 128);\">od 26 lutego 2024 do 3 marca 2024<\/span><\/strong><\/h4>\n<h4>&nbsp;<\/h4>\n<h4><strong>Gdyby zbyt d\u0142ugi czas nie by\u0142a og\u0142oszona zam&oacute;wiona intencja mszalna &ndash; prosimy o zg\u0142oszenie tego kap\u0142anowi.&nbsp; Zam&oacute;wiona intencja nie mo\u017ce zgin\u0105\u0107.<br \/>\n\t<\/strong><\/h4>\n<p><u><strong>Poniedzia\u0142ek &#8211; 26 luty<br \/>\n\t<\/strong><\/u>1. + Zbigniew \u015awietlicki (greg.) <br \/>\n\t2. + Joanna, Stanis\u0142aw Dr\u0105\u017cek <br \/>\n\t3. + Janina, Franciszek Kloc<\/p>\n<p><u><strong>Wtorek &#8211; 27 luty<br \/>\n\t<\/strong><\/u>1. + Zbigniew \u015awietlicki (greg.) <br \/>\n\t2. + Mieczys\u0142aw, Magdalena, Roman, J&oacute;zef, Franciszek Bartnik <br \/>\n\t3. + Zofia i Wies\u0142aw Wikiera &ndash; od rodziny \u015alimak&oacute;w <\/p>\n<p><u><strong>\u015aroda &#8211; 28 luty<br \/>\n\t<\/strong><\/u>1. + Zbigniew \u015awietlicki (greg.)<br \/>\n\t2. + Janina, Leszek Bia\u0142y <br \/>\n\t3. + Franciszek Bochno i zmarli z rodziny<\/p>\n<p><u><strong>Czwartek &#8211; 29 luty<\/strong><\/u><br \/>\n\t1. + Zbigniew \u015awietlicki (greg.) <br \/>\n\t2. + Julia Pasiak &ndash; od Bernadki z rodzin\u0105<br \/>\n\t3. + Anna Biel&oacute;wka &ndash; od Joanny i Jacka<\/p>\n<p>\t<u><strong>Pi\u0105tek &#8211; 1 marzec<br \/>\n\t<\/strong><\/u>06.45 + Zbigniew \u015awietlicki (zak. greg.)<br \/>\n\t06.45 + Emilia Migas (pocz. greg.) <br \/>\n\t17.00 + Maria, J&oacute;zef, Tadeusz Dr\u0105\u017cek<\/p>\n<p><u><strong>Sobota &#8211; 2 marzec<br \/>\n\t<\/strong><\/u>1. + Emilia Migas (greg.) <br \/>\n\t2. + Boles\u0142aw Migas &ndash; od El\u017cbiety Warzyniak <br \/>\n\t3. + Cecylia, J&oacute;zef, Boles\u0142aw Buty\u0144ski<\/p>\n<p><u><strong>Niedziela &#8211; 3 marzec<br \/>\n\t<\/strong><\/u>06.30 + Anna, Jan Por\u0119bny <br \/>\n\t08.00 + Wies\u0142aw Wikiera &ndash; od syna Marka z \u017con\u0105 i od o. Fabiana<br \/>\n\t08.00 + Janina Kojder (\u017cona) i Katarzyna Stafiej (te\u015bciowa)- od Jana Kojder <br \/>\n\t10.30 Za parafian <br \/>\n\t15.00 + Emilia Migas (greg.)<\/p>\n<h3 style=\"text-align: center;\"><strong><span style=\"color: rgb(0, 0, 128);\">Modlitw\u0119 r&oacute;\u017ca\u0144cow\u0105 prowadz\u0105<\/span><\/strong><\/h3>\n<p>26. Pn. R&oacute;\u017ca Matki Bo\u017cej Szkaplerznej &ndash; (Maria K\u0142os) <br \/>\n\t27. Wt. R&oacute;\u017ca \u015aw. Stanis\u0142awa Bpa &ndash; (Wojciech Pelc)<br \/>\n\t28. \u015ar. R&oacute;\u017ca \u015aw. Teresy od Dzieci\u0105tka Jezus &ndash; (Dorota Dzierga)<br \/>\n\t29. Cz. R&oacute;\u017ca \u015aw. Teresy Wielkiej &ndash; (Zofia Wierzbicka)<br \/>\n\t01. Pt. KSM<br \/>\n\t02. Sb. Kap\u0142an<br \/>\n\t03. Nd. R&oacute;\u017ca \u015aw. Tomasza Aposto\u0142a &#8211; (Stanis\u0142aw \u015alimak) <\/p>\n","protected":false},"excerpt":{"rendered":"<p>II Niedziela Wielkiego Postu &#8211; 25-02-2024 Og\u0142oszenia Dzi\u015b o godz. 15.00 Nabo\u017ce\u0144stwo Gorzkich \u017bali, a po nim Msza \u015bw. W czwartek adoracja Naj\u015bwi\u0119tszego Sakramentu od godziny 16.00. W tym tygodniu &hellip; <a href=\"https:\/\/budy.przemyska.pl\/index.php\/2024\/02\/25\/ogloszenia-parafialne-25-luty-2024\/\" class=\"more-link\">Czytaj dalej <span class=\"screen-reader-text\">Og\u0142oszenia parafialne 25 luty 2024<\/span> <span class=\"meta-nav\">&rarr;<\/span><\/a><\/p>\n","protected":false},"author":1,"featured_media":0,"comment_status":"closed","ping_status":"closed","sticky":false,"template":"","format":"standard","meta":{"footnotes":""},"categories":[6,4],"tags":[],"class_list":["post-3764","post","type-post","status-publish","format-standard","hentry","category-aktualnosci","category-ogloszenia"],"_links":{"self":[{"href":"https:\/\/budy.przemyska.pl\/index.php\/wp-json\/wp\/v2\/posts\/3764","targetHints":{"allow":["GET"]}}],"collection":[{"href":"https:\/\/budy.przemyska.pl\/index.php\/wp-json\/wp\/v2\/posts"}],"about":[{"href":"https:\/\/budy.przemyska.pl\/index.php\/wp-json\/wp\/v2\/types\/post"}],"author":[{"embeddable":true,"href":"https:\/\/budy.przemyska.pl\/index.php\/wp-json\/wp\/v2\/users\/1"}],"replies":[{"embeddable":true,"href":"https:\/\/budy.przemyska.pl\/index.php\/wp-json\/wp\/v2\/comments?post=3764"}],"version-history":[{"count":0,"href":"https:\/\/budy.przemyska.pl\/index.php\/wp-json\/wp\/v2\/posts\/3764\/revisions"}],"wp:attachment":[{"href":"https:\/\/budy.przemyska.pl\/index.php\/wp-json\/wp\/v2\/media?parent=3764"}],"wp:term":[{"taxonomy":"category","embeddable":true,"href":"https:\/\/budy.przemyska.pl\/index.php\/wp-json\/wp\/v2\/categories?post=3764"},{"taxonomy":"post_tag","embeddable":true,"href":"https:\/\/budy.przemyska.pl\/index.php\/wp-json\/wp\/v2\/tags?post=3764"}],"curies":[{"name":"wp","href":"https:\/\/api.w.org\/{rel}","templated":true}]}}