{"id":3761,"date":"2024-02-17T16:03:39","date_gmt":"2024-02-17T15:03:39","guid":{"rendered":"http:\/\/www.budylancuckie.przemyska.pl\/?p=3761"},"modified":"2024-02-17T16:03:39","modified_gmt":"2024-02-17T15:03:39","slug":"ogloszenia-parafialne-18-luty-2024","status":"publish","type":"post","link":"https:\/\/budy.przemyska.pl\/index.php\/2024\/02\/17\/ogloszenia-parafialne-18-luty-2024\/","title":{"rendered":"Og\u0142oszenia parafialne 18 luty 2024"},"content":{"rendered":"<h2 style=\"text-align: center;\"><strong><span style=\"color: rgb(0, 0, 128);\">I Niedziela Wielkiego Postu &#8211; 18-02-2024<\/span><\/strong><\/h2>\n<h2 style=\"text-align: center;\"><strong><span style=\"color: rgb(0, 0, 128);\">Og\u0142oszenia<br \/>\n\t<\/span><\/strong><\/h2>\n<ol>\n<li>Dzi\u015b o godz. 15.00 Nabo\u017ce\u0144stwo Gorzkich \u017bali, a po nim Msza \u015bw.<\/li>\n<li>W czwartek wypada \u015awi\u0119to Katedry \u015bw. Piotra. W tym dniu adoracja Naj\u015bwi\u0119tszego Sakramentu od godziny 16.00. <\/li>\n<li>W pi\u0105tek Nabo\u017ce\u0144stwo Drogi Krzy\u017cowej o godzinie 17.00, a po nim Msza \u015awi\u0119ta, za\u015b o godzinie 19.30 Droga Krzy\u017cowa prowadzona przez m\u0142odzie\u017c z naszej parafii.<\/li>\n<li>W niedziele Wielkiego Postu o godzinie 15.00 Nabo\u017ce\u0144stwo Gorzkich \u017bali z kazaniem Pasyjnym, a po nich Msza \u015awi\u0119ta.<\/li>\n<li>Serdecznie zapraszamy do udzia\u0142u w Nabo\u017ce\u0144stwach wielkopostnych, zar&oacute;wno starszych, jak i m\u0142odzie\u017c i dzieci. Za udzia\u0142 w tych Nabo\u017ce\u0144stwach mo\u017cna zyska\u0107 odpust zupe\u0142ny pod zwyk\u0142ymi warunkami. <\/li>\n<li>Chciejmy ze swej strony podj\u0105\u0107 wielkopostne postanowienia, drobne umartwienia i wyrzeczenia, aby ten czas jak najlepiej prze\u017cy\u0107, by rzeczywi\u015bcie sta\u0142 si\u0119 on okazj\u0105 do odnowy naszego ducha.<\/li>\n<li>W zakrystii mo\u017cliwo\u015b\u0107 zapisania si\u0119 na Pielgrzymk\u0119 do Kodnia, \u015awi\u0119tej Lipki, Gietrzwa\u0142du i Sok&oacute;\u0142ki.<\/li>\n<li>Sakrament Bierzmowania zostanie udzielony naszej m\u0142odzie\u017cy z klas VIII w dniu 25 kwietnia.<\/li>\n<li>Sk\u0142adam serdeczne B&oacute;g zap\u0142a\u0107 dla os&oacute;b sprz\u0105taj\u0105cych i stroj\u0105cych ko\u015bci&oacute;\u0142 oraz za wszystkie ofiary sk\u0142adane na potrzeby parafii, w tym r&oacute;wnie\u017c wp\u0142acane bezpo\u015brednio na konto parafialne. <\/li>\n<\/ol>\n<h3 style=\"text-align: center;\"><strong><span style=\"color: rgb(0, 0, 128);\">Intencje mszalne<\/span><\/strong><\/h3>\n<h4 style=\"text-align: center;\"><strong><span style=\"color: rgb(0, 0, 128);\">od 19 lutego 2024 do 25 lutego 2024<\/span><\/strong><\/h4>\n<h4>&nbsp;<\/h4>\n<h4><strong>Gdyby zbyt d\u0142ugi czas nie by\u0142a og\u0142oszona zam&oacute;wiona intencja mszalna &ndash; prosimy o zg\u0142oszenie tego kap\u0142anowi.&nbsp; Zam&oacute;wiona intencja nie mo\u017ce zgin\u0105\u0107.<br \/>\n\t<\/strong><\/h4>\n<p><u><strong>Poniedzia\u0142ek &#8211; 19 luty<br \/>\n\t<\/strong><\/u>1. + Zbigniew \u015awietlicki (greg.) <br \/>\n\t2. + Genowefa Salwach &ndash; od wnuk&oacute;w: Katarzyny i Kamila <br \/>\n\t3. + Zofia, Jan Kurek oraz + Stefania i Franciszek Mach<\/p>\n<p><u><strong>Wtorek &#8211; 20 luty<br \/>\n\t<\/strong><\/u>1. + Zbigniew \u015awietlicki (greg.) <br \/>\n\t2. + Emilia i Boles\u0142aw M\u0105dry <br \/>\n\t3. + Helena, Ludwik Machniak &ndash; rocz. \u015bmierci<\/p>\n<p><u><strong>\u015aroda &#8211; 21 luty<br \/>\n\t<\/strong><\/u>1. + Zbigniew \u015awietlicki (greg.)<br \/>\n\t2. + Adam Zi\u0119zio &ndash; rocznica \u015bmierci <br \/>\n\t3. + Zofia i Wies\u0142aw Wikiera &ndash; od rodziny Nawrot&oacute;w<\/p>\n<p><u><strong>Czwartek &#8211; 22 luty<\/strong><\/u><br \/>\n\t1. + Zbigniew \u015awietlicki (greg.) <br \/>\n\t2. + Kazimierz Kania &ndash; od swatowej<br \/>\n\t3. + Stanis\u0142aw Lasek &ndash; od chrze\u015bniaka Marcina z rodzin\u0105<\/p>\n<p>\t<u><strong>Pi\u0105tek &#8211; 23 luty<br \/>\n\t<\/strong><\/u>1. + Zbigniew \u015awietlicki (greg.)<br \/>\n\t2. + Stanis\u0142awa Czech (rocz. \u015bmierci) oraz + Stanis\u0142aw <br \/>\n\t3. W intencji Pielgrzym&oacute;w z Akcji Katolickiej i KSM-u pielgrzymuj\u0105cych do Archikatedry w Przemy\u015blu<\/p>\n<p><u><strong>Sobota &#8211; 24 luty<br \/>\n\t<\/strong><\/u>1. + Zbigniew \u015awietlicki (greg.) <br \/>\n\t2. + Maria, Antoni, Maria Golenia <br \/>\n\t3. + Andrzej, Katarzyna Dyrda oraz zmarli ich Rodzice i Rodze\u0144stwo<\/p>\n<p><u><strong>Niedziela &#8211; 25 luty<br \/>\n\t<\/strong><\/u>06.30 + Boles\u0142aw Migas &ndash; od Krzysztofa Parys z rodzin\u0105 <br \/>\n\t08.00 + Stanis\u0142aw i Bogus\u0142aw Por\u0119bny<br \/>\n\t08.00 + Helena, Franciszek, Stanis\u0142awa Sowa i zm. z rodziny<br \/>\n\t10.30 Za parafian <br \/>\n\t15.00 + Zbigniew \u015awietlicki (greg.) <\/p>\n<h3 style=\"text-align: center;\"><strong><span style=\"color: rgb(0, 0, 128);\">Modlitw\u0119 r&oacute;\u017ca\u0144cow\u0105 prowadz\u0105<\/span><\/strong><\/h3>\n<p>19. Pn. R&oacute;\u017ca \u015aw. Marii Magdaleny &ndash; (Janina Rachwa\u0142) <br \/>\n\t20. Wt. R&oacute;\u017ca \u015aw. Marii Goretti &ndash; (El\u017cbieta Kukulska)<br \/>\n\t21. \u015ar. R&oacute;\u017ca \u015aw. Marty &ndash; (Czes\u0142awa Por\u0119bna)<br \/>\n\t22. Cz. R&oacute;\u017ca \u015aw. Jadwigi \u015al\u0105skiej &ndash; (Edyta Wal)<br \/>\n\t23. Pt. KSM<br \/>\n\t24. Sb. R&oacute;\u017ca Matki Bo\u017cej Bolesnej &ndash; (Krystyna Szostek)<br \/>\n\t25. Nd. R&oacute;\u017ca Matki Bo\u017cej R&oacute;\u017ca\u0144cowej &#8211; (Zofia \u015awizdor)<\/p>\n<h3 style=\"text-align: center;\"><strong><span style=\"color: rgb(0, 0, 128);\">Propozycja intencji do przekazania do odprawienia <br \/>\n\t<\/span><\/strong><strong><span style=\"color: rgb(0, 0, 128);\">w Wy\u017cszym Seminarium Duchownym w Przemy\u015blu<br \/>\n\t<\/span><\/strong><\/h3>\n<p>01.&nbsp;&nbsp;&nbsp; &nbsp;+ Boles\u0142aw Migas &ndash; od rodziny Niemczyk&oacute;w<br \/>\n\t02.&nbsp;&nbsp;&nbsp; &nbsp;+ Boles\u0142aw Migas &ndash; od rodziny Niemczyk&oacute;w<br \/>\n\t03.&nbsp;&nbsp;&nbsp; &nbsp;+ Boles\u0142aw Migas &ndash; od brata Kazimierza z rodzin\u0105<br \/>\n\t04.&nbsp;&nbsp;&nbsp; &nbsp;+ Boles\u0142aw Migas &ndash; od chrze\u015bnicy Anny z rodzin\u0105<br \/>\n\t05.&nbsp;&nbsp;&nbsp; &nbsp;+ Boles\u0142aw Migas &ndash; od kole\u017canek Joli z Damianexu<br \/>\n\t06.&nbsp;&nbsp;&nbsp; &nbsp;+ Wies\u0142aw Wikiera &ndash; od Stanis\u0142awa Krauz z rodzin\u0105<br \/>\n\t07.&nbsp;&nbsp;&nbsp; &nbsp;+ Wies\u0142aw Wikiera &ndash; od s\u0105siad&oacute;w Koniecznych<br \/>\n\t08.&nbsp;&nbsp;&nbsp; &nbsp;+ Wies\u0142aw Wikiera &ndash; od Stanis\u0142awa z rodzin\u0105<br \/>\n\t09.&nbsp;&nbsp;&nbsp; &nbsp;+ Wies\u0142aw Wikiera &ndash; od Barbary i Adama Tomczyk<br \/>\n\t10.&nbsp;&nbsp;&nbsp; &nbsp;+ Wies\u0142aw Wikiera &ndash; od Sylwii i \u0141ukasza M\u0105czko z dzie\u0107mi<br \/>\n\t11.&nbsp;&nbsp;&nbsp; &nbsp;+ Stanis\u0142aw Lasek &ndash; od s\u0105siad&oacute;w Ryszarda i Marty Nawr&oacute;t z rodzin\u0105<br \/>\n\t12.&nbsp;&nbsp;&nbsp; &nbsp;+ Stanis\u0142aw Lasek &ndash; od Marty z rodzin\u0105<br \/>\n\t13.&nbsp;&nbsp;&nbsp; &nbsp;+ Helena Bartnik &ndash; od Moniki i Wiktora Uchman z Albigowej<br \/>\n\t14.&nbsp;&nbsp;&nbsp; &nbsp;+ Helena Bartnik &ndash; od Mileny i \u0141ukasza Musz z rodzin\u0105 z Albigowej<br \/>\n\t15.&nbsp;&nbsp;&nbsp; &nbsp;+ Helena Bartnik &ndash; od Jana i Grzegorza Musz z Albigowej<br \/>\n\t16.&nbsp;&nbsp;&nbsp; &nbsp;+ Helena Bartnik &ndash; od Jana i Grzegorza Musz z Albigowej<br \/>\n\t17.&nbsp;&nbsp;&nbsp; &nbsp;+ J&oacute;zef Ciupi\u0144ski &ndash; od Dyrekcji i Pracownik&oacute;w Szko\u0142y Podstawowej nr 1 w Budach \u0141a\u0144cuckich<br \/>\n\t18.&nbsp;&nbsp;&nbsp; &nbsp;+ J&oacute;zef Ciupi\u0144ski &ndash; od Kierownictwa i Prac. Gm. O\u015brodka Kultury i Czytelnictwa i Gminnego O\u015brodka Sportu i Rekreacji w Bia\u0142obrzegach<br \/>\n\t19.&nbsp;&nbsp;&nbsp; &nbsp;+ J&oacute;zef Ciupi\u0144ski &ndash; od dzieci klasy 3 Szko\u0142y Podst. w Woli Dalszej<br \/>\n\t20.&nbsp;&nbsp;&nbsp; &nbsp;+ J&oacute;zef Ciupi\u0144ski &ndash; od Rodzic&oacute;w dzieci kl. 3 Szk. Podst. w Woli Dalszej<\/p>\n<p>&nbsp;<\/p>\n","protected":false},"excerpt":{"rendered":"<p>I Niedziela Wielkiego Postu &#8211; 18-02-2024 Og\u0142oszenia Dzi\u015b o godz. 15.00 Nabo\u017ce\u0144stwo Gorzkich \u017bali, a po nim Msza \u015bw. W czwartek wypada \u015awi\u0119to Katedry \u015bw. Piotra. W tym dniu adoracja &hellip; <a href=\"https:\/\/budy.przemyska.pl\/index.php\/2024\/02\/17\/ogloszenia-parafialne-18-luty-2024\/\" class=\"more-link\">Czytaj dalej <span class=\"screen-reader-text\">Og\u0142oszenia parafialne 18 luty 2024<\/span> <span class=\"meta-nav\">&rarr;<\/span><\/a><\/p>\n","protected":false},"author":1,"featured_media":0,"comment_status":"closed","ping_status":"closed","sticky":false,"template":"","format":"standard","meta":{"footnotes":""},"categories":[6,4],"tags":[],"class_list":["post-3761","post","type-post","status-publish","format-standard","hentry","category-aktualnosci","category-ogloszenia"],"_links":{"self":[{"href":"https:\/\/budy.przemyska.pl\/index.php\/wp-json\/wp\/v2\/posts\/3761","targetHints":{"allow":["GET"]}}],"collection":[{"href":"https:\/\/budy.przemyska.pl\/index.php\/wp-json\/wp\/v2\/posts"}],"about":[{"href":"https:\/\/budy.przemyska.pl\/index.php\/wp-json\/wp\/v2\/types\/post"}],"author":[{"embeddable":true,"href":"https:\/\/budy.przemyska.pl\/index.php\/wp-json\/wp\/v2\/users\/1"}],"replies":[{"embeddable":true,"href":"https:\/\/budy.przemyska.pl\/index.php\/wp-json\/wp\/v2\/comments?post=3761"}],"version-history":[{"count":0,"href":"https:\/\/budy.przemyska.pl\/index.php\/wp-json\/wp\/v2\/posts\/3761\/revisions"}],"wp:attachment":[{"href":"https:\/\/budy.przemyska.pl\/index.php\/wp-json\/wp\/v2\/media?parent=3761"}],"wp:term":[{"taxonomy":"category","embeddable":true,"href":"https:\/\/budy.przemyska.pl\/index.php\/wp-json\/wp\/v2\/categories?post=3761"},{"taxonomy":"post_tag","embeddable":true,"href":"https:\/\/budy.przemyska.pl\/index.php\/wp-json\/wp\/v2\/tags?post=3761"}],"curies":[{"name":"wp","href":"https:\/\/api.w.org\/{rel}","templated":true}]}}