{"id":3754,"date":"2024-02-10T14:12:47","date_gmt":"2024-02-10T13:12:47","guid":{"rendered":"http:\/\/www.budylancuckie.przemyska.pl\/?p=3754"},"modified":"2024-02-10T14:12:47","modified_gmt":"2024-02-10T13:12:47","slug":"ogloszenia-parafialne-11-luty-2024","status":"publish","type":"post","link":"https:\/\/budy.przemyska.pl\/index.php\/2024\/02\/10\/ogloszenia-parafialne-11-luty-2024\/","title":{"rendered":"Og\u0142oszenia parafialne 11 luty 2024"},"content":{"rendered":"<h2 style=\"text-align: center;\"><strong><span style=\"color: rgb(0, 0, 128);\">VI Niedziela Zwyk\u0142a &#8211; 11-02-2024<\/span><\/strong><\/h2>\n<h2 style=\"text-align: center;\"><strong><span style=\"color: rgb(0, 0, 128);\">Og\u0142oszenia<br \/>\n\t<\/span><\/strong><\/h2>\n<ol>\n<li>Dzi\u015b o godz. 15.00 Nabo\u017ce\u0144stwo R&oacute;\u017ca\u0144cowe, a po nim Msza \u015bw.<\/li>\n<li>Dzi\u015b rozpoczyna si\u0119 Tydzie\u0144 Trze\u017awo\u015bci. Zach\u0119camy w tym czasie do abstynencji oraz modlitwy za osoby uzale\u017cnione oraz ich rodziny.<\/li>\n<li>W \u015arod\u0119 Popielcow\u0105 &#8211; rozpoczynamy 40-dniowy okres Wielkiego Postu. W tym dniu obowi\u0105zuje wstrzemi\u0119\u017aliwo\u015b\u0107 od pokarm&oacute;w mi\u0119snych (wszystkich kt&oacute;rzy uko\u0144czyli 14 rok \u017cycia) oraz post ilo\u015bciowy (wszystkich wiernych, kt&oacute;rzy uko\u0144czyli 18 rok \u017cycia, a nie rozpocz\u0119li 60). Mimo tego, zach\u0119ca si\u0119, aby r&oacute;wnie\u017c dzieci by\u0142y wprowadzane w autentycznego ducha pokuty.<br \/>\n\t\tW tym dniu Msze \u015bwi\u0119te z obrz\u0119dem posypania g\u0142&oacute;w popio\u0142em o godzinie 6.30, 8.00 oraz 17.00. Zaleca si\u0119, aby dla nieobecnych zabra\u0107 po\u015bwi\u0119cony popi&oacute;\u0142 jako znak \u0142\u0105czno\u015bci z pokutuj\u0105cym Ko\u015bcio\u0142em.<\/li>\n<li>W czwartek adoracja Naj\u015bwi\u0119tszego Sakramentu od godziny 16.00. <\/li>\n<li>W pi\u0105tek Nabo\u017ce\u0144stwo Drogi Krzy\u017cowej o godzinie 17.00, a po nim Msza \u015awi\u0119ta, za\u015b o godzinie 19.30 Droga Krzy\u017cowa prowadzona przez m\u0142odzie\u017c z naszej parafii. W pi\u0105tki sk\u0142adka przeznaczona na kwiaty do Bo\u017cego Grobu oraz Ciemnicy Pa\u0144skiej.<\/li>\n<li>W niedziele Wielkiego Postu o godzinie 15.00 Nabo\u017ce\u0144stwo Gorzkich \u017bali z kazaniem Pasyjnym, a po nich Msza \u015awi\u0119ta. Zapraszamy do udzia\u0142u w tych wydarzeniach. Za udzia\u0142 w powy\u017cszych nabo\u017ce\u0144stwach mo\u017cna zyska\u0107 odpust zupe\u0142ny pod zwyk\u0142ymi warunkami.<\/li>\n<li>W dniach 29.06. &ndash; 01.07 br. planowana jest z naszej parafii Pielgrzymka do Kodnia, Sok&oacute;\u0142ki, \u015awi\u0119tej Lipki i Gietrzwa\u0142du. Oferta i program Pielgrzymki znajduje si\u0119 na stoliku przy gazetach oraz na stronie internetowej. Prosz\u0119 o zapoznanie si\u0119, a od nast\u0119pnej niedzieli by\u0142by zapisy na t\u0119 Pielgrzymk\u0119.<\/li>\n<li>W najbli\u017csz\u0105 niedziel\u0119, III miesi\u0105ca, sk\u0142adka na cele inwestycyjne w naszej parafii.<\/li>\n<li>We wtorek po Mszy \u015bw. zbi&oacute;rka ministrant&oacute;w.<\/li>\n<li>Tegoroczne Spotkanie M\u0142odzie\u017cy naszej Archidiecezji poprzedzaj\u0105ce Niedziel\u0119 Palmow\u0105 b\u0119dzie mia\u0142o miejsce w \u0141a\u0144cucie. Zainteresowanych prosz\u0119 o kontakt z ks. Wikariuszem.<\/li>\n<li>Sk\u0142adam serdeczne B&oacute;g zap\u0142a\u0107 dla os&oacute;b sprz\u0105taj\u0105cych i stroj\u0105cych ko\u015bci&oacute;\u0142 oraz za wszystkie ofiary sk\u0142adane na potrzeby parafii, w tym ofiary na utrzymanie pracownik&oacute;w ko\u015bcielnych i ogrzewanie ko\u015bcio\u0142a. <\/li>\n<\/ol>\n<h3 style=\"text-align: center;\"><strong><span style=\"color: rgb(0, 0, 128);\">Intencje mszalne<\/span><\/strong><\/h3>\n<h4 style=\"text-align: center;\"><strong><span style=\"color: rgb(0, 0, 128);\">od 12 lutego 2024 do 18 lutego 2024<\/span><\/strong><\/h4>\n<h4>&nbsp;<\/h4>\n<h4><strong>Gdyby zbyt d\u0142ugi czas nie by\u0142a og\u0142oszona zam&oacute;wiona intencja mszalna &ndash; prosimy o zg\u0142oszenie tego kap\u0142anowi.&nbsp; Zam&oacute;wiona intencja nie mo\u017ce zgin\u0105\u0107.<br \/>\n\t<\/strong><\/h4>\n<p><u><strong>Poniedzia\u0142ek &#8211; 12 luty<br \/>\n\t<\/strong><\/u>1. + Zbigniew \u015awietlicki (greg.) <br \/>\n\t2. + J&oacute;zef Mazur &ndash; od Agnieszki i Andrzeja Bartnik <br \/>\n\t3. + Genowefa Salwach &ndash; od wnuk&oacute;w: Kariny i Sebastiana z rodzinami<\/p>\n<p><u><strong>Wtorek &#8211; 13 luty<br \/>\n\t<\/strong><\/u>1. + Zbigniew \u015awietlicki (greg.) <br \/>\n\t2. + Antoni \u015awizdor <br \/>\n\t3. Za zmar\u0142ych z rodziny Bestr&oacute;w, Wajd&oacute;w oraz + Zofia Rupar, Anna Marek i za dusze w czy\u015b\u0107cu<\/p>\n<p><u><strong>\u015aroda &#8211; 14 luty<br \/>\n\t<\/strong><\/u>06.30 + Zbigniew \u015awietlicki (greg.)<br \/>\n\t08.00 + Boles\u0142aw Migas &ndash; od Wojciecha Parys z rodzin\u0105 <br \/>\n\t17.00 + Bartnik Micha\u0142, Jan, Marian, Stanis\u0142aw<\/p>\n<p><u><strong>Czwartek &#8211; 15 luty<\/strong><\/u><br \/>\n\t1. + Zbigniew \u015awietlicki (greg.) <br \/>\n\t2. + Stanis\u0142aw Kojder, Aniela, Jan Korzystka <br \/>\n\t3. + Genowefa Salwach &ndash; od kol. z pracy Ali i Witka<\/p>\n<p>\t<u><strong>Pi\u0105tek &#8211; 16 luty<br \/>\n\t<\/strong><\/u>1. + Zbigniew \u015awietlicki (greg.)<br \/>\n\t2. + Maria, Zofia Kochman <br \/>\n\t3. + Anna Biel&oacute;wka &ndash; od swat&oacute;w z Rog&oacute;\u017cna<\/p>\n<p><u><strong>Sobota &#8211; 17 luty<br \/>\n\t<\/strong><\/u>1. + Zbigniew \u015awietlicki (greg.) <br \/>\n\t2. + Stanis\u0142awa, Jan Kita &ndash; rocz. \u015bmierci <br \/>\n\t3. + Robert, Dariusz, Stanis\u0142aw, Agata, J&oacute;zef Cebulak<\/p>\n<p><u><strong>Niedziela &#8211; 18 luty<br \/>\n\t<\/strong><\/u>06.30 + Emilia, Jakub Rupar <br \/>\n\t08.00 + Boles\u0142aw Rupar &ndash; 4 rocznica \u015bmierci <br \/>\n\t08.00 + Micha\u0142 Por\u0119bny<br \/>\n\t10.30 Za parafian <br \/>\n\t15.00 + Zbigniew \u015awietlicki (greg.) <\/p>\n<h3 style=\"text-align: center;\"><strong><span style=\"color: rgb(0, 0, 128);\">Modlitw\u0119 r&oacute;\u017ca\u0144cow\u0105 prowadz\u0105<\/span><\/strong><\/h3>\n<p>12. Pn. R&oacute;\u017ca \u015aw. Genowefy &ndash; (Genowefa Dr\u0105\u017cek) <br \/>\n\t13. Wt. R&oacute;\u017ca \u015aw. Jadwigi Kr&oacute;lowej &ndash; (Halina Dyrda)<br \/>\n\t14. \u015ar. R&oacute;\u017ca \u015aw. Heleny &ndash; (Helena Dyrda)<br \/>\n\t15. Cz. R&oacute;\u017ca \u015aw. Katarzyny &ndash; (Anna Kurek)<br \/>\n\t16. Pt. KSM<br \/>\n\t17. Sb. R&oacute;\u017ca \u015aw. Klary &ndash; (Teresa G\u0142owiak)<br \/>\n\t18. Nd. R&oacute;\u017ca \u015aw. Kingi &#8211; (El\u017cbieta Wacnik) <\/p>\n<h3 style=\"text-align: center;\"><strong><span style=\"color: rgb(0, 0, 128);\">Propozycja intencji do przekazania do odprawienia <br \/>\n\t<\/span><\/strong><strong><span style=\"color: rgb(0, 0, 128);\">w Wy\u017cszym Seminarium Duchownym w Przemy\u015blu<br \/>\n\t<\/span><\/strong><\/h3>\n<p>01.&nbsp;&nbsp;&nbsp; + Boles\u0142aw Migas &#8211; od Wies\u0142awa Ko\u0142cz z Korniaktowa P\u0142d.<br \/>\n\t02.&nbsp;&nbsp;&nbsp; + Boles\u0142aw Migas &ndash; od rodziny D\u0105bek<br \/>\n\t03.&nbsp;&nbsp;&nbsp; + Boles\u0142aw Migas &ndash; od Dyrekcji i Prac. Przedszkola nr 36 w Rzeszowie<br \/>\n\t04.&nbsp;&nbsp;&nbsp; + Boles\u0142aw Migas &ndash; od Dyrekcji i Prac. Przedszkola nr 36 w Rzeszowie<br \/>\n\t05.&nbsp;&nbsp;&nbsp; + Boles\u0142aw Migas &ndash; od chrze\u015bniaka Dariusza z rodzin\u0105<br \/>\n\t06.&nbsp;&nbsp;&nbsp; + Wies\u0142aw Wikiera &ndash; od rodziny Kojder ze Zmys\u0142&oacute;wki<br \/>\n\t07.&nbsp;&nbsp;&nbsp; + Wies\u0142aw Wikiera &ndash; od rodziny Lizak&oacute;w<br \/>\n\t08.&nbsp;&nbsp;&nbsp; + Wies\u0142aw Wikiera &ndash; od Kr\u0119gu Biblijnego z Dukli<br \/>\n\t09.&nbsp;&nbsp;&nbsp; + Wies\u0142aw Wikiera &ndash; od Anny i Piotra<br \/>\n\t10.&nbsp;&nbsp;&nbsp; + Wies\u0142aw Wikiera &ndash; od Mariana Chmury z rodzin\u0105<br \/>\n\t11.&nbsp;&nbsp;&nbsp; + Stanis\u0142aw Lasek &ndash; od uczest. i prac. O\u015brodka w Korniaktowie P\u0142d.<br \/>\n\t12.&nbsp;&nbsp;&nbsp; + Stanis\u0142aw Lasek &ndash; od Anny Por\u0119bnej (Budy Prawe)<br \/>\n\t13.&nbsp;&nbsp;&nbsp; + Stanis\u0142aw Lasek &ndash; od kuzynki Marii Markowicz z rodzin\u0105<br \/>\n\t14.&nbsp;&nbsp;&nbsp; + Stanis\u0142aw Lasek &ndash; od Barbary Por\u0119bnej z rodzin\u0105<br \/>\n\t15.&nbsp;&nbsp;&nbsp; + Helena Bartnik &ndash; od rodziny Bejstr&oacute;w<br \/>\n\t16.&nbsp;&nbsp;&nbsp; + Helena Bartnik &ndash; od Moniki i Wiktora Uchman z Albigowej<br \/>\n\t17.&nbsp;&nbsp;&nbsp; + Helena Bartnik &ndash; od Moniki mi Patryka Do\u0142\u0119ga<br \/>\n\t18.&nbsp;&nbsp;&nbsp; + J&oacute;zef Ciupi\u0144ski &ndash; od rodziny Szelig&oacute;w<br \/>\n\t19.&nbsp;&nbsp;&nbsp; + J&oacute;zef Ciupi\u0144ski &ndash; od Siostry i Ma\u0107ka<br \/>\n\t20.&nbsp;&nbsp;&nbsp; + J&oacute;zef Ciupi\u0144ski &ndash; od Rady Rodzic&oacute;w ze SP nr 1 w Budach \u0141a\u0144.<br \/>\n\t&nbsp;<\/p>\n<p>&nbsp;<\/p>\n","protected":false},"excerpt":{"rendered":"<p>VI Niedziela Zwyk\u0142a &#8211; 11-02-2024 Og\u0142oszenia Dzi\u015b o godz. 15.00 Nabo\u017ce\u0144stwo R&oacute;\u017ca\u0144cowe, a po nim Msza \u015bw. Dzi\u015b rozpoczyna si\u0119 Tydzie\u0144 Trze\u017awo\u015bci. Zach\u0119camy w tym czasie do abstynencji oraz modlitwy &hellip; <a href=\"https:\/\/budy.przemyska.pl\/index.php\/2024\/02\/10\/ogloszenia-parafialne-11-luty-2024\/\" class=\"more-link\">Czytaj dalej <span class=\"screen-reader-text\">Og\u0142oszenia parafialne 11 luty 2024<\/span> <span class=\"meta-nav\">&rarr;<\/span><\/a><\/p>\n","protected":false},"author":1,"featured_media":0,"comment_status":"closed","ping_status":"closed","sticky":false,"template":"","format":"standard","meta":{"footnotes":""},"categories":[6,4],"tags":[],"class_list":["post-3754","post","type-post","status-publish","format-standard","hentry","category-aktualnosci","category-ogloszenia"],"_links":{"self":[{"href":"https:\/\/budy.przemyska.pl\/index.php\/wp-json\/wp\/v2\/posts\/3754","targetHints":{"allow":["GET"]}}],"collection":[{"href":"https:\/\/budy.przemyska.pl\/index.php\/wp-json\/wp\/v2\/posts"}],"about":[{"href":"https:\/\/budy.przemyska.pl\/index.php\/wp-json\/wp\/v2\/types\/post"}],"author":[{"embeddable":true,"href":"https:\/\/budy.przemyska.pl\/index.php\/wp-json\/wp\/v2\/users\/1"}],"replies":[{"embeddable":true,"href":"https:\/\/budy.przemyska.pl\/index.php\/wp-json\/wp\/v2\/comments?post=3754"}],"version-history":[{"count":0,"href":"https:\/\/budy.przemyska.pl\/index.php\/wp-json\/wp\/v2\/posts\/3754\/revisions"}],"wp:attachment":[{"href":"https:\/\/budy.przemyska.pl\/index.php\/wp-json\/wp\/v2\/media?parent=3754"}],"wp:term":[{"taxonomy":"category","embeddable":true,"href":"https:\/\/budy.przemyska.pl\/index.php\/wp-json\/wp\/v2\/categories?post=3754"},{"taxonomy":"post_tag","embeddable":true,"href":"https:\/\/budy.przemyska.pl\/index.php\/wp-json\/wp\/v2\/tags?post=3754"}],"curies":[{"name":"wp","href":"https:\/\/api.w.org\/{rel}","templated":true}]}}