{"id":3752,"date":"2024-02-04T19:48:53","date_gmt":"2024-02-04T18:48:53","guid":{"rendered":"http:\/\/www.budylancuckie.przemyska.pl\/?p=3752"},"modified":"2024-02-04T19:48:53","modified_gmt":"2024-02-04T18:48:53","slug":"ogloszenia-parafialne-4-luty-2024","status":"publish","type":"post","link":"https:\/\/budy.przemyska.pl\/index.php\/2024\/02\/04\/ogloszenia-parafialne-4-luty-2024\/","title":{"rendered":"Og\u0142oszenia parafialne 4 luty 2024"},"content":{"rendered":"<h2 style=\"text-align: center;\"><strong><span style=\"color: rgb(0, 0, 128);\">V Niedziela Zwyk\u0142a &#8211; 04-02-2024<\/span><\/strong><\/h2>\n<h2 style=\"text-align: center;\"><strong><span style=\"color: rgb(0, 0, 128);\">Og\u0142oszenia<br \/>\n\t<\/span><\/strong><\/h2>\n<ol>\n<li>Dzi\u015b o godz. 15.00 Nabo\u017ce\u0144stwo Adoracyjne, a po nim Msza \u015bw. <\/li>\n<li>W tym tygodniu w Liturgii Ko\u015bcio\u0142a wspominamy: w poniedzia\u0142ek &ndash; wspomnienie \u015bw. Agaty (w tym dniu po\u015bwi\u0119cenie chleba i soli); we wtorek &ndash; wspomnienie \u015bw. Paw\u0142a Miki i Towarzyszy; w sobot\u0119 &ndash; wspomnienie \u015bw. Scholastyki. <\/li>\n<li>W czwartek Adoracja Naj\u015bwi\u0119tszego Sakramentu od godz. 16.00. Po Mszy \u015bw. spotkanie Akcji Katolickiej.<\/li>\n<li>Sk\u0142adam serdeczne B&oacute;g zap\u0142a\u0107 dla os&oacute;b sprz\u0105taj\u0105cych i stroj\u0105cych ko\u015bci&oacute;\u0142 oraz za wszystkie ofiary sk\u0142adane na potrzeby parafii, w tym ofiary na utrzymanie pracownik&oacute;w ko\u015bcielnych i ogrzewanie ko\u015bcio\u0142a. .<\/li>\n<\/ol>\n<h3 style=\"text-align: center;\"><strong><span style=\"color: rgb(0, 0, 128);\">Intencje mszalne<\/span><\/strong><\/h3>\n<h4 style=\"text-align: center;\"><strong><span style=\"color: rgb(0, 0, 128);\">od 5 lutego 2024 do 11 lutego 2024<\/span><\/strong><\/h4>\n<h4>&nbsp;<\/h4>\n<h4><strong>Gdyby zbyt d\u0142ugi czas nie by\u0142a og\u0142oszona zam&oacute;wiona intencja mszalna &ndash; prosimy o zg\u0142oszenie tego kap\u0142anowi.&nbsp; Zam&oacute;wiona intencja nie mo\u017ce zgin\u0105\u0107.<br \/>\n\t<\/strong><\/h4>\n<p><u><strong>Poniedzia\u0142ek &#8211; 5 luty<br \/>\n\t<\/strong><\/u>1. + Zbigniew \u015awietlicki (greg.) <br \/>\n\t2. + Genowefa Salwach &ndash; od siostry Czes\u0142awy z rodzin\u0105 <br \/>\n\t3. + W\u0142adys\u0142awa i J&oacute;zef Kurek oraz + Maria, Antoni, Maria Golenia <\/p>\n<p><u><strong>Wtorek &#8211; 6 luty<br \/>\n\t<\/strong><\/u>1. + Zbigniew \u015awietlicki (greg.) <br \/>\n\t2. + Stanis\u0142aw Kochman &ndash; od rodziny Socha z Husowa <br \/>\n\t3. O zdrowie i b\u0142. Bo\u017ce dla Antoniego Kojder<\/p>\n<p><u><strong>\u015aroda &#8211; 7 luty<br \/>\n\t<\/strong><\/u>1. + Zbigniew \u015awietlicki (greg.)<br \/>\n\t2. + Weronika, Wincenty, Stanis\u0142aw Bielecki <br \/>\n\t3. Dzi\u0119kczynna za zdrowie, za szcz\u0119\u015bliwy zabieg i za 82 lata \u017cycia; z pro\u015bb\u0105 o dalsz\u0105 Bo\u017c\u0105 opiek\u0119 na ka\u017cdy dzie\u0144 dla Heleny <\/p>\n<p><u><strong>Czwartek &#8211; 8 luty<\/strong><\/u><br \/>\n\t1. + Zbigniew \u015awietlicki (greg.) <br \/>\n\t2. + Antoni Mach &ndash; rocznica \u015bmierci<br \/>\n\t3. + Waleria i J&oacute;zef Syka\u0142a, siostra Marta Kurek<\/p>\n<p>\t<u><strong>Pi\u0105tek &#8211; 9 luty<br \/>\n\t<\/strong><\/u>1. + Zbigniew \u015awietlicki (greg.)<br \/>\n\t2. + Bogdan, Jan Ku\u017aniar, Marcjanna Sty\u015b <br \/>\n\t3. + Stanis\u0142aw (r. \u015bm.), Zofia, Bogdan Blok<\/p>\n<p><u><strong>Sobota &#8211; 10 luty<br \/>\n\t<\/strong><\/u>1. + Zbigniew \u015awietlicki (greg.) <br \/>\n\t2. + Maria, Stanis\u0142aw Szular i zmarli z rodziny <br \/>\n\t3. + Stanis\u0142aw Kita &ndash; 2 rocznica \u015bmierci<\/p>\n<p><u><strong>Niedziela &#8211; 11 luty<br \/>\n\t<\/strong><\/u>06.30 + Julia Pasiak &ndash; od Paw\u0142a i Katarzyny <br \/>\n\t08.00 + Antoni Zieli\u0144ski &ndash; od c&oacute;rki Moniki Ros&oacute;\u0142 z rodzin\u0105<br \/>\n\t08.00 Za zmar\u0142ych Rodzic&oacute;w: Stanis\u0142aw i Cecylia R\u0105czka &ndash; w rocznic\u0119 \u015bmierci <br \/>\n\t10.30 Za parafian <br \/>\n\t15.00 + Zbigniew \u015awietlicki (greg.) <\/p>\n<h3 style=\"text-align: center;\"><strong><span style=\"color: rgb(0, 0, 128);\">Modlitw\u0119 r&oacute;\u017ca\u0144cow\u0105 prowadz\u0105<\/span><\/strong><\/h3>\n<p>05. Pn. R&oacute;\u017ca \u015aw. Zofii &ndash; (Zofia Kurek) <br \/>\n\t06. Wt. R&oacute;\u017ca \u015aw. Cecylii &ndash; (Krystyna Markowicz)<br \/>\n\t07. \u015ar. Akcja Katolicka<br \/>\n\t08. Cz. Akcja Katolicka<br \/>\n\t09. Pt. KSM<br \/>\n\t10. Sb. R&oacute;\u017ca \u015aw. El\u017cbiety &ndash; (Alina Trojnar)<br \/>\n\t11. Nd. R&oacute;\u017ca \u015aw. Faustyny &#8211; (Eugenia \u015awizdor) <\/p>\n","protected":false},"excerpt":{"rendered":"<p>V Niedziela Zwyk\u0142a &#8211; 04-02-2024 Og\u0142oszenia Dzi\u015b o godz. 15.00 Nabo\u017ce\u0144stwo Adoracyjne, a po nim Msza \u015bw. W tym tygodniu w Liturgii Ko\u015bcio\u0142a wspominamy: w poniedzia\u0142ek &ndash; wspomnienie \u015bw. Agaty &hellip; <a href=\"https:\/\/budy.przemyska.pl\/index.php\/2024\/02\/04\/ogloszenia-parafialne-4-luty-2024\/\" class=\"more-link\">Czytaj dalej <span class=\"screen-reader-text\">Og\u0142oszenia parafialne 4 luty 2024<\/span> <span class=\"meta-nav\">&rarr;<\/span><\/a><\/p>\n","protected":false},"author":1,"featured_media":0,"comment_status":"closed","ping_status":"closed","sticky":false,"template":"","format":"standard","meta":{"footnotes":""},"categories":[6,4],"tags":[],"class_list":["post-3752","post","type-post","status-publish","format-standard","hentry","category-aktualnosci","category-ogloszenia"],"_links":{"self":[{"href":"https:\/\/budy.przemyska.pl\/index.php\/wp-json\/wp\/v2\/posts\/3752","targetHints":{"allow":["GET"]}}],"collection":[{"href":"https:\/\/budy.przemyska.pl\/index.php\/wp-json\/wp\/v2\/posts"}],"about":[{"href":"https:\/\/budy.przemyska.pl\/index.php\/wp-json\/wp\/v2\/types\/post"}],"author":[{"embeddable":true,"href":"https:\/\/budy.przemyska.pl\/index.php\/wp-json\/wp\/v2\/users\/1"}],"replies":[{"embeddable":true,"href":"https:\/\/budy.przemyska.pl\/index.php\/wp-json\/wp\/v2\/comments?post=3752"}],"version-history":[{"count":0,"href":"https:\/\/budy.przemyska.pl\/index.php\/wp-json\/wp\/v2\/posts\/3752\/revisions"}],"wp:attachment":[{"href":"https:\/\/budy.przemyska.pl\/index.php\/wp-json\/wp\/v2\/media?parent=3752"}],"wp:term":[{"taxonomy":"category","embeddable":true,"href":"https:\/\/budy.przemyska.pl\/index.php\/wp-json\/wp\/v2\/categories?post=3752"},{"taxonomy":"post_tag","embeddable":true,"href":"https:\/\/budy.przemyska.pl\/index.php\/wp-json\/wp\/v2\/tags?post=3752"}],"curies":[{"name":"wp","href":"https:\/\/api.w.org\/{rel}","templated":true}]}}