{"id":3750,"date":"2024-01-28T19:43:41","date_gmt":"2024-01-28T18:43:41","guid":{"rendered":"http:\/\/www.budylancuckie.przemyska.pl\/?p=3750"},"modified":"2024-01-28T19:43:41","modified_gmt":"2024-01-28T18:43:41","slug":"ogloszenia-parafialne-28-styczen-2024","status":"publish","type":"post","link":"https:\/\/budy.przemyska.pl\/index.php\/2024\/01\/28\/ogloszenia-parafialne-28-styczen-2024\/","title":{"rendered":"Og\u0142oszenia parafialne 28 stycze\u0144 2024"},"content":{"rendered":"<h2 style=\"text-align: center;\"><strong><span style=\"color: rgb(0, 0, 128);\">IV Niedziela Zwyk\u0142a &#8211; 28-01-2024<\/span><\/strong><\/h2>\n<h2 style=\"text-align: center;\"><strong><span style=\"color: rgb(0, 0, 128);\">Og\u0142oszenia<br \/>\n\t<\/span><\/strong><\/h2>\n<ol>\n<li>Dzi\u015b o godz. 15.00 Nabo\u017ce\u0144stwo do \u015bw. J&oacute;zefa, a po nim Msza \u015bw. <\/li>\n<li>W tym tygodniu w Liturgii Ko\u015bcio\u0142a wspominamy: w \u015brod\u0119 &ndash; wspomnienie \u015bw. Jana Bosco; w pi\u0105tek &ndash; \u015awi\u0119to Ofiarowania Pa\u0144skiego (Matki Bo\u017cej Gromnicznej).<\/li>\n<li>W tym tygodniu wypada I czwartek, I pi\u0105tek i I sobota miesi\u0105ca. <br \/>\n\t\tW czwartek Adoracja Naj\u015bwi\u0119tszego Sakramentu od godz. 16.00. W tym dniu modlimy si\u0119 o powo\u0142ania do S\u0142u\u017cby Bo\u017cej i za powo\u0142anych.<\/li>\n<li>W I pi\u0105tek Msze \u015bw., z racji \u015awi\u0119ta Ofiarowania Pa\u0144skiego, b\u0119d\u0105 odprawiane nast\u0119puj\u0105co: o godz. 06.30; o 08.00 oraz o 17.00. Podczas ka\u017cdej Mszy \u015bw. po\u015bwi\u0119cenie gromnic. <br \/>\n\t\tJest to r&oacute;wnie\u017c Dzie\u0144 \u017bycia Konsekrowanego.<br \/>\n\t\tW tym dniu czcimy Naj\u015bwi\u0119tsze Serce Pana Jezusa. Po Mszy \u015bw. o godz. 08.00 odwiedziny chorych z Komuni\u0105 \u015bw. Po wieczornej Mszy \u015bw. nabo\u017ce\u0144stwo pierwszopi\u0105tkowe.<\/li>\n<li>W I sobot\u0119 czcimy Niepokalane Serce Naj\u015bwi\u0119tszej Maryi Panny. Msza \u015bw. z kazaniem o godz.17.00, po Niej Nabo\u017ce\u0144stwo R&oacute;\u017ca\u0144cowe , procesja z figurk\u0105 Matki Bo\u017cej Fatimskiej i zmiana tajemnic r&oacute;\u017ca\u0144cowych. <br \/>\n\t\tPodczas Mszy \u015bw. dzieci z klas III przygotowuj\u0105ce si\u0119 do I Komunii \u015bw. otrzymaj\u0105 po\u015bwi\u0119cone modlitewniki. Po zako\u0144czeniu Nabo\u017ce\u0144stwa kr&oacute;tkie spotkanie dla ich rodzic&oacute;w.<\/li>\n<li>Sk\u0142adam serdeczne B&oacute;g zap\u0142a\u0107 dla os&oacute;b sprz\u0105taj\u0105cych i stroj\u0105cych ko\u015bci&oacute;\u0142 oraz za wszystkie ofiary sk\u0142adane na potrzeby parafii, w tym ofiary na utrzymanie pracownik&oacute;w ko\u015bcielnych i ogrzewanie ko\u015bcio\u0142a.<\/li>\n<\/ol>\n<h3 style=\"text-align: center;\"><strong><span style=\"color: rgb(0, 0, 128);\">Intencje mszalne<\/span><\/strong><\/h3>\n<h4 style=\"text-align: center;\"><strong><span style=\"color: rgb(0, 0, 128);\">od 29 stycznia 2024 do 4 lutego 2024<\/span><\/strong><\/h4>\n<h4>&nbsp;<\/h4>\n<h4><strong>Gdyby zbyt d\u0142ugi czas nie by\u0142a og\u0142oszona zam&oacute;wiona intencja mszalna &ndash; prosimy o zg\u0142oszenie tego kap\u0142anowi.&nbsp; Zam&oacute;wiona intencja nie mo\u017ce zgin\u0105\u0107.<br \/>\n\t<\/strong><\/h4>\n<p><u><strong>Poniedzia\u0142ek &#8211; 29 stycze\u0144<br \/>\n\t<\/strong><\/u>1. + Wies\u0142aw Baran (greg.) <br \/>\n\t2. + J&oacute;zef (5 r. \u015bm.), Cecylia, Stefan Socha&nbsp; oraz ich zmarli Rodzice <br \/>\n\t3. + Wies\u0142aw Wikiera &ndash; od rodziny W\u0119grzyn&oacute;w <\/p>\n<p><u><strong>Wtorek &#8211; 30 stycze\u0144<br \/>\n\t<\/strong><\/u>1. + Wies\u0142aw Baran (zak. greg.) <br \/>\n\t2. + Genowefa Salwach &ndash; od Marii Wojtyna i c&oacute;rki Renaty z rodzin\u0105 <br \/>\n\t3. + Stanis\u0142aw Lasek &ndash; od syna W\u0142adys\u0142awa<\/p>\n<p><u><strong>\u015aroda &#8211; 31 stycze\u0144<br \/>\n\t<\/strong><\/u>1. + Andrzej Krupa (1 r. \u015bm.) &ndash; od chrzestnej i wujka<br \/>\n\t2. + Emil Kojder &ndash; od siostrze\u0144ca Andrzeja z rodzin\u0105 <br \/>\n\t3. + Anna Biel&oacute;wka &ndash; od swat&oacute;w z Rog&oacute;\u017cna<\/p>\n<p><u><strong>Czwartek &#8211; 1 luty<\/strong><\/u><br \/>\n\t1. + Zbigniew \u015awietlicki (pocz. greg.) <br \/>\n\t2. + Stanis\u0142aw W\u0119grzyn &ndash; od Stanis\u0142awy Kochman <br \/>\n\t3. + Maria i W\u0142adys\u0142aw Gw&oacute;\u017ad\u017a &ndash; od dzieci<\/p>\n<p>\t<u><strong>Pi\u0105tek &#8211; 2 luty<br \/>\n\t<\/strong><\/u>06.30 + Zbigniew \u015awietlicki (greg.)<br \/>\n\t08.00 + Antonina, Franciszek, Maria, Zofia Wn\u0119k<br \/>\n\t17.00 O b\u0142og. Bo\u017ce dla Marii w 90-t\u0105 rocznic\u0119 urodzin<\/p>\n<p><u><strong>Sobota &#8211; 3 luty<br \/>\n\t<\/strong><\/u>1. + Zbigniew \u015awietlicki (greg.) <br \/>\n\t2. + Boles\u0142aw Migas &ndash; od Jana i Marii Parys <br \/>\n\t3. + Maria, Stanis\u0142aw, Krystyna Pelc <\/p>\n<p><u><strong>Niedziela &#8211; 4 luty<br \/>\n\t<\/strong><\/u>06.30 + Stefania, Albina Ciupi\u0144ska oraz zmarli Rodzice i Rodze\u0144stwo <br \/>\n\t08.00 + Wies\u0142aw Wikiera &ndash; od Siostry z rodzin\u0105 <br \/>\n\t10.30 Za parafian <br \/>\n\t15.00 + Zbigniew \u015awietlicki (greg.) <\/p>\n<h3 style=\"text-align: center;\"><strong><span style=\"color: rgb(0, 0, 128);\">Modlitw\u0119 r&oacute;\u017ca\u0144cow\u0105 prowadz\u0105<\/span><\/strong><\/h3>\n<p>29. Pn. R&oacute;\u017ca \u015aw. Tomasza Aposto\u0142a &ndash; (Stanis\u0142aw \u015alimak) <br \/>\n\t30. Wt. R&oacute;\u017ca \u015aw. Andrzeja Aposto\u0142a &ndash; (J&oacute;zef M\u0105dry)<br \/>\n\t31. \u015ar. R&oacute;\u017ca \u015aw. Agaty &ndash; (Patrycja Por\u0119bna)<br \/>\n\t01. Cz. Dzie\u0142o Pomocy Powo\u0142aniom &ndash; (Anna Szular)<br \/>\n\t02. Pt. KSM<br \/>\n\t03. Sb. Kap\u0142an<br \/>\n\t04. Nd. R&oacute;\u017ca \u015aw. Agnieszki &#8211; (Ma\u0142gorzata Markowicz) <\/p>\n","protected":false},"excerpt":{"rendered":"<p>IV Niedziela Zwyk\u0142a &#8211; 28-01-2024 Og\u0142oszenia Dzi\u015b o godz. 15.00 Nabo\u017ce\u0144stwo do \u015bw. J&oacute;zefa, a po nim Msza \u015bw. W tym tygodniu w Liturgii Ko\u015bcio\u0142a wspominamy: w \u015brod\u0119 &ndash; wspomnienie &hellip; <a href=\"https:\/\/budy.przemyska.pl\/index.php\/2024\/01\/28\/ogloszenia-parafialne-28-styczen-2024\/\" class=\"more-link\">Czytaj dalej <span class=\"screen-reader-text\">Og\u0142oszenia parafialne 28 stycze\u0144 2024<\/span> <span class=\"meta-nav\">&rarr;<\/span><\/a><\/p>\n","protected":false},"author":1,"featured_media":0,"comment_status":"closed","ping_status":"closed","sticky":false,"template":"","format":"standard","meta":{"footnotes":""},"categories":[6,4],"tags":[],"class_list":["post-3750","post","type-post","status-publish","format-standard","hentry","category-aktualnosci","category-ogloszenia"],"_links":{"self":[{"href":"https:\/\/budy.przemyska.pl\/index.php\/wp-json\/wp\/v2\/posts\/3750","targetHints":{"allow":["GET"]}}],"collection":[{"href":"https:\/\/budy.przemyska.pl\/index.php\/wp-json\/wp\/v2\/posts"}],"about":[{"href":"https:\/\/budy.przemyska.pl\/index.php\/wp-json\/wp\/v2\/types\/post"}],"author":[{"embeddable":true,"href":"https:\/\/budy.przemyska.pl\/index.php\/wp-json\/wp\/v2\/users\/1"}],"replies":[{"embeddable":true,"href":"https:\/\/budy.przemyska.pl\/index.php\/wp-json\/wp\/v2\/comments?post=3750"}],"version-history":[{"count":0,"href":"https:\/\/budy.przemyska.pl\/index.php\/wp-json\/wp\/v2\/posts\/3750\/revisions"}],"wp:attachment":[{"href":"https:\/\/budy.przemyska.pl\/index.php\/wp-json\/wp\/v2\/media?parent=3750"}],"wp:term":[{"taxonomy":"category","embeddable":true,"href":"https:\/\/budy.przemyska.pl\/index.php\/wp-json\/wp\/v2\/categories?post=3750"},{"taxonomy":"post_tag","embeddable":true,"href":"https:\/\/budy.przemyska.pl\/index.php\/wp-json\/wp\/v2\/tags?post=3750"}],"curies":[{"name":"wp","href":"https:\/\/api.w.org\/{rel}","templated":true}]}}