{"id":3747,"date":"2024-01-21T14:25:03","date_gmt":"2024-01-21T13:25:03","guid":{"rendered":"http:\/\/www.budylancuckie.przemyska.pl\/?p=3747"},"modified":"2024-01-21T14:25:03","modified_gmt":"2024-01-21T13:25:03","slug":"ogloszenia-parafialne-21-styczen-2024","status":"publish","type":"post","link":"https:\/\/budy.przemyska.pl\/index.php\/2024\/01\/21\/ogloszenia-parafialne-21-styczen-2024\/","title":{"rendered":"Og\u0142oszenia parafialne 21 stycze\u0144 2024"},"content":{"rendered":"<h2 style=\"text-align: center;\"><strong><span style=\"color: rgb(0, 0, 128);\">III Niedziela Zwyk\u0142a &#8211; 21-01-2024<\/span><\/strong><\/h2>\n<h2 style=\"text-align: center;\"><strong><span style=\"color: rgb(0, 0, 128);\">Og\u0142oszenia<br \/>\n\t<\/span><\/strong><\/h2>\n<ol>\n<li>Dzi\u015b o godz. 15.00 Nabo\u017ce\u0144stwo do Bo\u017cego Mi\u0142osierdzia, a po nim Msza \u015bw. Dzi\u015b Niedziela S\u0142owa Bo\u017cego. Zach\u0119camy wszystkich parafian do lektury Pisma \u015bw. <\/li>\n<li>W tym tygodniu w Liturgii Ko\u015bcio\u0142a wspominamy: w \u015brod\u0119 &ndash; wspomnienie \u015bw. Franciszka Salezego; w czwartek &ndash; \u015awi\u0119to Nawr&oacute;cenia \u015bw. Paw\u0142a Aposto\u0142a; w pi\u0105tek &#8211; wspomnienie \u015bw. Tymoteusza i Tytusa.<\/li>\n<li>W czwartek Adoracja Naj\u015bwi\u0119tszego Sakramentu od godz. 16.00. W tym dniu r&oacute;wnie\u017c zako\u0144czenie Tygodnia Modlitw o Jedno\u015b\u0107 Chrze\u015bcijan.<\/li>\n<li>Zach\u0119camy r&oacute;wnie\u017c do lektury prasy katolickiej: Niedzieli i Go\u015bcia Niedzielnego, a tak\u017ce do czytania ksi\u0105\u017cek o tematyce religijnej, aby systematycznie pog\u0142\u0119bia\u0107 swoj\u0105 wiar\u0119 i wi\u0119\u017a z Bogiem.<\/li>\n<li>Sk\u0142adam serdeczne B&oacute;g zap\u0142a\u0107 dla os&oacute;b sprz\u0105taj\u0105cych i stroj\u0105cych ko\u015bci&oacute;\u0142 oraz za wszystkie ofiary sk\u0142adane na potrzeby parafii, w tym ofiary na utrzymanie pracownik&oacute;w ko\u015bcielnych i ogrzewanie ko\u015bcio\u0142a. <\/li>\n<\/ol>\n<h3 style=\"text-align: center;\"><strong><span style=\"color: rgb(0, 0, 128);\">Intencje mszalne<\/span><\/strong><\/h3>\n<h4 style=\"text-align: center;\"><strong><span style=\"color: rgb(0, 0, 128);\">od 22 stycznia 2024 do 28 stycznia 2024<\/span><\/strong><\/h4>\n<h4>&nbsp;<\/h4>\n<h4><strong>Gdyby zbyt d\u0142ugi czas nie by\u0142a og\u0142oszona zam&oacute;wiona intencja mszalna &ndash; prosimy o zg\u0142oszenie tego kap\u0142anowi.&nbsp; Zam&oacute;wiona intencja nie mo\u017ce zgin\u0105\u0107.<br \/>\n\t<\/strong><\/h4>\n<p><u><strong>Poniedzia\u0142ek &#8211; 22 stycze\u0144<br \/>\n\t<\/strong><\/u>1. + Wies\u0142aw Baran (greg.) <br \/>\n\t2. + Genowefa Salwach &ndash; od syna Wiktora z \u017con\u0105 <br \/>\n\t3. + Zofia i Wies\u0142aw Wikiera &ndash; od rodziny Kurk&oacute;w <\/p>\n<p><u><strong>Wtorek &#8211; 23 stycze\u0144<br \/>\n\t<\/strong><\/u>1. + Wies\u0142aw Baran (greg.) <br \/>\n\t2. + J&oacute;zef, Maria, Jan, Katarzyna Bieleccy <br \/>\n\t3. O b\u0142ogos\u0142awie\u0144stwo Bo\u017ce i potrzebne \u0142aski dla Senior&oacute;w z Bud \u0141a\u0144cuckich (Prawa Strona) <\/p>\n<p><u><strong>\u015aroda &#8211; 24 stycze\u0144<br \/>\n\t<\/strong><\/u>1. + Wies\u0142aw Baran (greg.)<br \/>\n\t2. + Stanis\u0142aw Por\u0119bny<br \/>\n\t3. + Julia Pasiak &ndash; od syna Jana z rodzin\u0105<\/p>\n<p><u><strong>Czwartek &#8211; 25 stycze\u0144<\/strong><\/u><br \/>\n\t1. + Wies\u0142aw Baran (greg.) <br \/>\n\t2. + Stanis\u0142aw Bartnik &ndash; od kuzynki Bernadety z rodzin\u0105 <br \/>\n\t3. + Jakub Rupar <\/p>\n<p>\t<u><strong>Pi\u0105tek &#8211; 26 stycze\u0144<br \/>\n\t<\/strong><\/u>1. + Wies\u0142aw Baran (greg.)<br \/>\n\t2. + Jan Janusz, Zbigniew Szular<br \/>\n\t3. + Boles\u0142aw Migas &ndash; od c&oacute;rki Jolanty z rodzin\u0105 <\/p>\n<p><u><strong>Sobota &#8211; 27 stycze\u0144<br \/>\n\t<\/strong><\/u>1. + Wies\u0142aw Baran (greg.) <br \/>\n\t2. + Stanis\u0142aw Bartnik &ndash; od chrze\u015bniaka z rodzin\u0105<br \/>\n\t3. + Stanis\u0142awa Machniak &ndash; rocznica \u015bmierci<\/p>\n<p><u><strong>Niedziela &#8211; 28 stycze\u0144<br \/>\n\t<\/strong><\/u>06.30 Dzi\u0119kczynna w 30 rocznic\u0119 \u015blubu dla Bogus\u0142awy i Grzegorza; z pro\u015bb\u0105 o dalsze Bo\u017ce b\u0142ogos\u0142awie\u0144stwo <br \/>\n\t08.00 + Wies\u0142aw Baran (greg.) <br \/>\n\t10.30 Za parafian <br \/>\n\t15.00 O b\u0142ogos\u0142awie\u0144stwo Bo\u017ce i potrzebne \u0142aski dla Senior&oacute;w z Bud \u0141a\u0144cuckich (Lewa Strona) <\/p>\n<h3 style=\"text-align: center;\"><strong><span style=\"color: rgb(0, 0, 128);\">Modlitw\u0119 r&oacute;\u017ca\u0144cow\u0105 prowadz\u0105<\/span><\/strong><\/h3>\n<p>22. Pn. R&oacute;\u017ca Matki Bo\u017cej Bolesnej &ndash; (Krystyna Szostek) <br \/>\n\t23. Wt. R&oacute;\u017ca Matki Bo\u017cej R&oacute;\u017ca\u0144cowej &ndash; (Zofia \u015awizdor)<br \/>\n\t24. \u015ar. R&oacute;\u017ca Matki Bo\u017cej Szkaplerznej &ndash; (Maria K\u0142os)<br \/>\n\t25. Cz. R&oacute;\u017ca \u015aw. Stanis\u0142awa Biskupa &ndash; (Wojciech Pelc)<br \/>\n\t26. Pt. KSM<br \/>\n\t27. Sb. R&oacute;\u017ca \u015aw. Teresy od Dzieci\u0105tka Jezus &ndash; (Dorota Dzierga)<br \/>\n\t28. Nd. R&oacute;\u017ca \u015aw. Teresy Wielkiej &#8211; (Zofia Wierzbicka) <\/p>\n<h3 style=\"text-align: center;\"><strong><span style=\"color: rgb(0, 0, 128);\">Propozycja intencji do przekazania do odprawienia <br \/>\n\t<\/span><\/strong><strong><span style=\"color: rgb(0, 0, 128);\">w Wy\u017cszym Seminarium Duchownym w Przemy\u015blu<br \/>\n\t<\/span><\/strong><\/h3>\n<p>01.&nbsp;&nbsp;&nbsp; &nbsp;+ J&oacute;zef Mazur &ndash; od wsp&oacute;lnoty KSM-u w Budach \u0141a\u0144cuckich<br \/>\n\t02.&nbsp;&nbsp;&nbsp; &nbsp;+ J&oacute;zef Mazur &ndash; od Us\u0142ugi Budowlane Bia\u0142obrzegi &ndash; Bogus\u0142aw Wal<br \/>\n\t03.&nbsp;&nbsp;&nbsp; &nbsp;+ J&oacute;zef Mazur &ndash; od kol. i kol. Sabiny z Polskiego Stowarzyszenia Wolne Podkarpacie<br \/>\n\t04.&nbsp;&nbsp;&nbsp; &nbsp;+ J&oacute;zef Mazur &#8211; od Krystyny i Witolda i ca\u0142ej rodziny<br \/>\n\t05.&nbsp;&nbsp;&nbsp; &nbsp;+ J&oacute;zef Mazur &ndash; od kolegi z pracy<br \/>\n\t06.&nbsp;&nbsp;&nbsp; &nbsp;+ J&oacute;zef Mazur &ndash; od cz\u0142onk&oacute;w Orkiestry D\u0119tej z Rakszawy<br \/>\n\t07.&nbsp;&nbsp;&nbsp; &nbsp;+ J&oacute;zef Mazur &ndash; od Karoliny Walig&oacute;rskiej z m\u0119\u017cem<br \/>\n\t08.&nbsp;&nbsp;&nbsp; &nbsp;+ J&oacute;zef Mazur &ndash; od rodziny So\u0142k&oacute;w z Grodziska<br \/>\n\t09.&nbsp;&nbsp;&nbsp; &nbsp;+ J&oacute;zef Mazur &ndash; od Krystyny i Adama Kusek<br \/>\n\t10.&nbsp;&nbsp;&nbsp; &nbsp;+ Franciszek Bartnik &ndash; od Stanis\u0142awy Dyrda z Rzeszowa<br \/>\n\t11.&nbsp;&nbsp;&nbsp; &nbsp;+ Franciszek Bartnik &ndash; wsp&oacute;\u0142prac. synowej z pracy DPS w Rzeszowie<br \/>\n\t12.&nbsp;&nbsp;&nbsp; &nbsp;+ Antoni R\u0105czka &ndash; od Magdaleny i \u0141ukasza Daszkiewicz<br \/>\n\t13.&nbsp;&nbsp;&nbsp; &nbsp;+ Antoni Raczka &ndash; od Gra\u017cyny R\u0105czka<br \/>\n\t14.&nbsp;&nbsp;&nbsp; &nbsp;+ Antoni R\u0105czka &ndash; od Ma\u0142gorzaty i Wojciecha Kani z dzie\u0107mi<br \/>\n\t15.&nbsp;&nbsp;&nbsp; &nbsp;+ Antoni R\u0105czka &ndash; od Siostrzenicy<br \/>\n\t16.&nbsp;&nbsp;&nbsp; &nbsp;+ Antoni R\u0105czka &ndash; od Siostrze\u0144ca<br \/>\n\t17.&nbsp;&nbsp;&nbsp; &nbsp;+ Antoni Raczka &ndash; od Teresy Lepa i Stanis\u0142awa Majcher<br \/>\n\t18.&nbsp;&nbsp;&nbsp; &nbsp;+ Antoni Raczka &ndash; od Anny i Janusza Pieczko z rodzin\u0105<br \/>\n\t19.&nbsp;&nbsp;&nbsp; &nbsp;+ J&oacute;zefa S\u0142ysz &ndash; od Dyrektora i Pracownik&oacute;w Miejskiego O\u015brodka Kultury w Przeworsku<br \/>\n\t20.&nbsp;&nbsp;&nbsp; &nbsp;+ J&oacute;zefa S\u0142ysz &ndash; od Gra\u017cyny i Zbigniewa Homik<br \/>\n\t21.&nbsp;&nbsp;&nbsp; &nbsp;+ B\u0142a\u017cej Kurek &ndash; od kol. i kol. z klasy licealnej<br \/>\n\t22.&nbsp;&nbsp;&nbsp; &nbsp;+ Andrzej Pietrzycki &ndash; od rodziny Szyd\u0142&oacute;w i Rut&oacute;w<br \/>\n\t23.&nbsp;&nbsp;&nbsp; &nbsp;+ Andrzej Pietrzycki &ndash; od rodziny Ho\u0142ub&oacute;w i Korkosz&oacute;w<br \/>\n\t24.&nbsp;&nbsp;&nbsp; &nbsp;+ Andrzej Pietrzycki &ndash; od pracownik&oacute;w PKS w Rzeszowie<br \/>\n\t25.&nbsp;&nbsp;&nbsp; &nbsp;+ Andrzej Pietrzycki &ndash; od Jana Brud z rodzin\u0105<br \/>\n\t26.&nbsp;&nbsp;&nbsp; &nbsp;+ Andrzej Pietrzycki &ndash; od Anny Drelich<br \/>\n\t27.&nbsp;&nbsp;&nbsp; &nbsp;+ Andrzej Pietrzycki &ndash; od rodziny M\u015bcisz<br \/>\n\t28.&nbsp;&nbsp;&nbsp; &nbsp;+ Andrzej Pietrzycki &ndash; od kol. \u017cony Halinki z Kliniki Laryngologii z Uniwersyteckiego Szpitala nr 1 w Rzeszowie<br \/>\n\t&nbsp;<\/p>\n<p>&nbsp;<\/p>\n","protected":false},"excerpt":{"rendered":"<p>III Niedziela Zwyk\u0142a &#8211; 21-01-2024 Og\u0142oszenia Dzi\u015b o godz. 15.00 Nabo\u017ce\u0144stwo do Bo\u017cego Mi\u0142osierdzia, a po nim Msza \u015bw. Dzi\u015b Niedziela S\u0142owa Bo\u017cego. Zach\u0119camy wszystkich parafian do lektury Pisma \u015bw. &hellip; <a href=\"https:\/\/budy.przemyska.pl\/index.php\/2024\/01\/21\/ogloszenia-parafialne-21-styczen-2024\/\" class=\"more-link\">Czytaj dalej <span class=\"screen-reader-text\">Og\u0142oszenia parafialne 21 stycze\u0144 2024<\/span> <span class=\"meta-nav\">&rarr;<\/span><\/a><\/p>\n","protected":false},"author":1,"featured_media":0,"comment_status":"closed","ping_status":"closed","sticky":false,"template":"","format":"standard","meta":{"footnotes":""},"categories":[6,4],"tags":[],"class_list":["post-3747","post","type-post","status-publish","format-standard","hentry","category-aktualnosci","category-ogloszenia"],"_links":{"self":[{"href":"https:\/\/budy.przemyska.pl\/index.php\/wp-json\/wp\/v2\/posts\/3747","targetHints":{"allow":["GET"]}}],"collection":[{"href":"https:\/\/budy.przemyska.pl\/index.php\/wp-json\/wp\/v2\/posts"}],"about":[{"href":"https:\/\/budy.przemyska.pl\/index.php\/wp-json\/wp\/v2\/types\/post"}],"author":[{"embeddable":true,"href":"https:\/\/budy.przemyska.pl\/index.php\/wp-json\/wp\/v2\/users\/1"}],"replies":[{"embeddable":true,"href":"https:\/\/budy.przemyska.pl\/index.php\/wp-json\/wp\/v2\/comments?post=3747"}],"version-history":[{"count":0,"href":"https:\/\/budy.przemyska.pl\/index.php\/wp-json\/wp\/v2\/posts\/3747\/revisions"}],"wp:attachment":[{"href":"https:\/\/budy.przemyska.pl\/index.php\/wp-json\/wp\/v2\/media?parent=3747"}],"wp:term":[{"taxonomy":"category","embeddable":true,"href":"https:\/\/budy.przemyska.pl\/index.php\/wp-json\/wp\/v2\/categories?post=3747"},{"taxonomy":"post_tag","embeddable":true,"href":"https:\/\/budy.przemyska.pl\/index.php\/wp-json\/wp\/v2\/tags?post=3747"}],"curies":[{"name":"wp","href":"https:\/\/api.w.org\/{rel}","templated":true}]}}