{"id":3745,"date":"2024-01-13T20:46:32","date_gmt":"2024-01-13T19:46:32","guid":{"rendered":"http:\/\/www.budylancuckie.przemyska.pl\/?p=3745"},"modified":"2024-01-13T20:46:32","modified_gmt":"2024-01-13T19:46:32","slug":"ogloszenia-parafialne-14-styczen-2024","status":"publish","type":"post","link":"https:\/\/budy.przemyska.pl\/index.php\/2024\/01\/13\/ogloszenia-parafialne-14-styczen-2024\/","title":{"rendered":"Og\u0142oszenia parafialne 14 stycze\u0144 2024"},"content":{"rendered":"<h2 style=\"text-align: center;\"><strong><span style=\"color: rgb(0, 0, 128);\">II Niedziela Zwyk\u0142a &#8211; 14-01-2024<\/span><\/strong><\/h2>\n<h2 style=\"text-align: center;\"><strong><span style=\"color: rgb(0, 0, 128);\">Og\u0142oszenia<br \/>\n\t<\/span><\/strong><\/h2>\n<ol>\n<li>Dzi\u015b o godz. 15.00 Nabo\u017ce\u0144stwo R&oacute;\u017ca\u0144cowe, a po nim Msza \u015bw.<\/li>\n<li>W tym tygodniu w Liturgii Ko\u015bcio\u0142a wspominamy: w \u015brod\u0119 &ndash; wspomnienie \u015bw. Antoniego, opata; w pi\u0105tek &ndash; wspomnienie \u015bw. J&oacute;zefa Sebastiana Pelczara.<\/li>\n<li>W czwartek Adoracja Naj\u015bwi\u0119tszego Sakramentu od godz. 16.00. Po Mszy \u015bw. spotkanie dla uczni&oacute;w klas VII i VIII przygotowuj\u0105cych si\u0119 do Sakramentu Bierzmowania.<\/li>\n<li>Od czwartku rozpoczyna si\u0119 w Ko\u015bciele Tydzie\u0144 Modlitw o Jedno\u015b\u0107 Chrze\u015bcijan.<\/li>\n<li>W pi\u0105tek, 19 stycznia, rozpoczniemy peregrynacj\u0119 Obrazu Serca Jezusowego w naszej parafii. Jeden obraz rozpocznie peregrynacj\u0119 od p. J&oacute;zefa Bartnika (Prawa Strona, nr domu 105) i odwiedzi parafian mieszkaj\u0105cych na Prawej Stronie i p&oacute;\u017aniej w Korniaktowie P\u0142n., za\u015b drugi obraz &ndash; od p. Ryszarda Kojder (Lewa Strona, nr domu 444) i odwiedzi parafian mieszkaj\u0105cych na Lewej Stronie. Idea peregrynacji jest ta sama, co odwiedziny Obrazu Matki Bo\u017cej czy te\u017c Krzy\u017ca Papieskiego. Kolejno\u015b\u0107 odwiedzin ustalaj\u0105 ze sob\u0105 poszczeg&oacute;lni s\u0105siedzi. Przeniesienie obrazu do nast\u0119pnego domu o godz. 16.30 (latem o godz. 17.30). Niech peregrynacja stanie si\u0119 okazj\u0105 do wsp&oacute;lnej modlitwy rodzinnej, wypraszania Bo\u017cego B\u0142ogos\u0142awie\u0144stwa dla rodziny oraz powierzenia si\u0119 rodziny Naj\u015bwi\u0119tszemu Sercu Pana Jezusa. Zapraszam zatem w pi\u0105tek na Msz\u0119 si\u0119 parafian, kt&oacute;rzy rozpoczynaj\u0105 peregrynacj\u0119, podczas kt&oacute;rej obrazy zostan\u0105 po\u015bwi\u0119cone i uroczy\u015bcie przekazane dla Jej rozpocz\u0119cia.<\/li>\n<li>W pi\u0105tek r&oacute;wnie\u017c, po Mszy \u015bw., zapraszam na spotkanie Rad\u0119 Parafialn\u0105 dla podsumowania minionego roku oraz zaplanowania pracy duszpasterskiej i wykonania zamierzonych dzia\u0142a\u0144 w obecnym roku.<\/li>\n<li>Na stoliku z gazetami znajduje si\u0119 broszurka przygotowana na tegoroczn\u0105 wizyt\u0119 duszpastersk\u0105 w ka\u017cdej parafii. Prosz\u0119 o zabranie jej ze sob\u0105 do domu dla niedzielnego poczytania.<\/li>\n<li>Wyra\u017camy serdecznie podzi\u0119kowanie za przyj\u0119cie, nas kap\u0142an&oacute;w, podczas tegorocznej Wizyty Duszpasterskiej. Dzi\u0119kujemy r&oacute;wnie\u017c za ofiary sk\u0142adane z tej racji. Cz\u0119\u015b\u0107 tych ofiar przeznaczamy na potrzeby parafii. B&oacute;g zap\u0142a\u0107!<\/li>\n<li>Sk\u0142adam serdeczne B&oacute;g zap\u0142a\u0107 dla os&oacute;b sprz\u0105taj\u0105cych i stroj\u0105cych ko\u015bci&oacute;\u0142 oraz za wszystkie ofiary sk\u0142adane na potrzeby parafii, w tym ofiary na utrzymanie pracownik&oacute;w ko\u015bcielnych i ogrzewanie ko\u015bcio\u0142a. <\/li>\n<\/ol>\n<h3 style=\"text-align: center;\"><strong><span style=\"color: rgb(0, 0, 128);\">Intencje mszalne<\/span><\/strong><\/h3>\n<h4 style=\"text-align: center;\"><strong><span style=\"color: rgb(0, 0, 128);\">od 15 stycznia 2024 do 21 stycznia 2024<\/span><\/strong><\/h4>\n<h4>&nbsp;<\/h4>\n<h4><strong>Gdyby zbyt d\u0142ugi czas nie by\u0142a og\u0142oszona zam&oacute;wiona intencja mszalna &ndash; prosimy o zg\u0142oszenie tego kap\u0142anowi.&nbsp; Zam&oacute;wiona intencja nie mo\u017ce zgin\u0105\u0107.<br \/>\n\t<\/strong><\/h4>\n<p><u><strong>Poniedzia\u0142ek &#8211; 15 stycze\u0144<br \/>\n\t<\/strong><\/u>1. + Wies\u0142aw Baran (greg.) <br \/>\n\t2. + Zofia, Florian Pelc i ich Rodzice <br \/>\n\t3. + Maria Golenia &ndash; rocz. \u015bmierci <\/p>\n<p><u><strong>Wtorek &#8211; 16 stycze\u0144<br \/>\n\t<\/strong><\/u>1. + Wies\u0142aw Baran (greg.) <br \/>\n\t2. + Stefan, Urszula, Cecylia, Stanis\u0142aw Ros&oacute;\u0142 <br \/>\n\t3. + Aniela, Franciszek, Stanis\u0142aw, Tadeusz Kojder <\/p>\n<p><u><strong>\u015aroda &#8211; 17 stycze\u0144<br \/>\n\t<\/strong><\/u>1. + Wies\u0142aw Baran (greg.)<br \/>\n\t2. + Stanis\u0142aw Bartnik &ndash; od Antoniego z rodzin\u0105<br \/>\n\t3. + Zdzis\u0142aw Wota &ndash; 1 rocz. \u015bmierci<\/p>\n<p><u><strong>Czwartek &#8211; 18 stycze\u0144<\/strong><\/u><br \/>\n\t1. + Wies\u0142aw Baran (greg.) <br \/>\n\t2. + Salomea i Jakub Wierzbiccy &ndash; rocz. \u015bmierci <br \/>\n\t3. + Boles\u0142aw Migas &ndash; od c&oacute;rki Justyny z rodzin\u0105<\/p>\n<p>\t<u><strong>Pi\u0105tek &#8211; 19 stycze\u0144<br \/>\n\t<\/strong><\/u>1. + Wies\u0142aw Baran (greg.)<br \/>\n\t2. + Genowefa Salwach &ndash; od syna Tadeusza z \u017con\u0105<br \/>\n\t3. O b\u0142og. Bo\u017ce dla dzieci: B<\/p>\n<p><u><strong>Sobota &#8211; 20 stycze\u0144<br \/>\n\t<\/strong><\/u>1. + Wies\u0142aw Baran (greg.) <br \/>\n\t2. + Stanis\u0142aw Bartnik &ndash; od rodziny Nawr&oacute;t<br \/>\n\t3. + Marian Ku\u017aniar &ndash; od c&oacute;rki<\/p>\n<p><u><strong>Niedziela &#8211; 21 stycze\u0144<br \/>\n\t<\/strong><\/u>06.00 + Helena, Franciszek Motyka oraz ich Rodzice <br \/>\n\t08.00 + Wies\u0142aw Baran (greg.) <br \/>\n\t10.30 Za parafian<br \/>\n\t15.00 W intencji Senior&oacute;w z Korniaktowa P\u0142n.<\/p>\n<h3 style=\"text-align: center;\"><strong><span style=\"color: rgb(0, 0, 128);\">Modlitw\u0119 r&oacute;\u017ca\u0144cow\u0105 prowadz\u0105<\/span><\/strong><\/h3>\n<p>15. Pn. R&oacute;\u017ca \u015aw. Klary &ndash; (Teresa G\u0142owiak) <br \/>\n\t16. Wt. R&oacute;\u017ca \u015aw. Kingi &ndash; (El\u017cbieta Wacnik)<br \/>\n\t17. \u015ar. R&oacute;\u017ca \u015aw. Marii Magdaleny &ndash; (Janina Rachwa\u0142)<br \/>\n\t18. Cz. R&oacute;\u017ca \u015aw. Marii Goretti &ndash; (El\u017cbieta Kukulska)<br \/>\n\t19. Pt. KSM<br \/>\n\t20. Sb. R&oacute;\u017ca \u015aw. Marty &ndash; (Czes\u0142awa Por\u0119bna)<br \/>\n\t21. Nd. R&oacute;\u017ca \u015aw. Jadwigi \u015al\u0105skiej &#8211; (Edyta Wal) <\/p>\n","protected":false},"excerpt":{"rendered":"<p>II Niedziela Zwyk\u0142a &#8211; 14-01-2024 Og\u0142oszenia Dzi\u015b o godz. 15.00 Nabo\u017ce\u0144stwo R&oacute;\u017ca\u0144cowe, a po nim Msza \u015bw. W tym tygodniu w Liturgii Ko\u015bcio\u0142a wspominamy: w \u015brod\u0119 &ndash; wspomnienie \u015bw. Antoniego, &hellip; <a href=\"https:\/\/budy.przemyska.pl\/index.php\/2024\/01\/13\/ogloszenia-parafialne-14-styczen-2024\/\" class=\"more-link\">Czytaj dalej <span class=\"screen-reader-text\">Og\u0142oszenia parafialne 14 stycze\u0144 2024<\/span> <span class=\"meta-nav\">&rarr;<\/span><\/a><\/p>\n","protected":false},"author":1,"featured_media":0,"comment_status":"closed","ping_status":"closed","sticky":false,"template":"","format":"standard","meta":{"footnotes":""},"categories":[6,4],"tags":[],"class_list":["post-3745","post","type-post","status-publish","format-standard","hentry","category-aktualnosci","category-ogloszenia"],"_links":{"self":[{"href":"https:\/\/budy.przemyska.pl\/index.php\/wp-json\/wp\/v2\/posts\/3745","targetHints":{"allow":["GET"]}}],"collection":[{"href":"https:\/\/budy.przemyska.pl\/index.php\/wp-json\/wp\/v2\/posts"}],"about":[{"href":"https:\/\/budy.przemyska.pl\/index.php\/wp-json\/wp\/v2\/types\/post"}],"author":[{"embeddable":true,"href":"https:\/\/budy.przemyska.pl\/index.php\/wp-json\/wp\/v2\/users\/1"}],"replies":[{"embeddable":true,"href":"https:\/\/budy.przemyska.pl\/index.php\/wp-json\/wp\/v2\/comments?post=3745"}],"version-history":[{"count":0,"href":"https:\/\/budy.przemyska.pl\/index.php\/wp-json\/wp\/v2\/posts\/3745\/revisions"}],"wp:attachment":[{"href":"https:\/\/budy.przemyska.pl\/index.php\/wp-json\/wp\/v2\/media?parent=3745"}],"wp:term":[{"taxonomy":"category","embeddable":true,"href":"https:\/\/budy.przemyska.pl\/index.php\/wp-json\/wp\/v2\/categories?post=3745"},{"taxonomy":"post_tag","embeddable":true,"href":"https:\/\/budy.przemyska.pl\/index.php\/wp-json\/wp\/v2\/tags?post=3745"}],"curies":[{"name":"wp","href":"https:\/\/api.w.org\/{rel}","templated":true}]}}