{"id":3743,"date":"2024-01-07T13:10:53","date_gmt":"2024-01-07T12:10:53","guid":{"rendered":"http:\/\/www.budylancuckie.przemyska.pl\/?p=3743"},"modified":"2024-01-07T13:10:53","modified_gmt":"2024-01-07T12:10:53","slug":"ogloszenia-parafialne-7-styczen-2024","status":"publish","type":"post","link":"https:\/\/budy.przemyska.pl\/index.php\/2024\/01\/07\/ogloszenia-parafialne-7-styczen-2024\/","title":{"rendered":"Og\u0142oszenia parafialne 7 stycze\u0144 2024"},"content":{"rendered":"<h2 style=\"text-align: center;\"><strong><span style=\"color: rgb(0, 0, 128);\">Niedziela Chrztu Pa\u0144skiego &#8211; 07-01-2024<\/span><\/strong><\/h2>\n<h2 style=\"text-align: center;\"><strong><span style=\"color: rgb(0, 0, 128);\">Og\u0142oszenia<br \/>\n\t<\/span><\/strong><\/h2>\n<ol>\n<li>Dzi\u015b o godz. 15.00 Nabo\u017ce\u0144stwo Adoracyjne, a po nim Msza \u015bw.<\/li>\n<li>Od jutra rozpoczynamy w liturgii &#8211; Okres Zwyk\u0142y. Kol\u0119dy jednak tradycyjnie \u015bpiewamy do \u015awi\u0119ta Ofiarowania Pa\u0144skiego.<\/li>\n<li>W czwartek Adoracja Naj\u015bwi\u0119tszego Sakramentu od godz. 16.00. Po Mszy \u015bw. spotkanie Akcji Katolickiej.<\/li>\n<li>W tym tygodniu dalszy ci\u0105g Wizyty Duszpasterskiej wed\u0142ug za\u0142\u0105czonego planu. W dniach Kol\u0119dy, kap\u0142ani udaj\u0105cy si\u0119 z pos\u0142ug\u0105 odprawiaj\u0105 Msz\u0119 \u015bw. w godzinach rannych.<br \/>\n\t\tJednak\u017ce w tym tygodniu, ze wzgl\u0119du na pogrzeb, b\u0119dzie jedna zmiana w planie kol\u0119dy. Parafian, kt&oacute;rych ks. Piotr mia\u0142 odwiedzi\u0107 w poniedzia\u0142ek od godz. 14.00, odwiedzi we wtorek od godz. 14.00. <\/li>\n<li>Sk\u0142adam serdeczne B&oacute;g zap\u0142a\u0107 dla os&oacute;b sprz\u0105taj\u0105cych i stroj\u0105cych ko\u015bci&oacute;\u0142 oraz za wszystkie ofiary sk\u0142adane na potrzeby parafii, w tym ofiary na utrzymanie pracownik&oacute;w ko\u015bcielnych i ogrzewanie ko\u015bcio\u0142a.<\/li>\n<li>Waszym modlitwom polecam zmar\u0142ych parafian: \u015bp. Stanis\u0142awa Laska (Prawa strona) &ndash; pogrzeb w poniedzia\u0142ek o godz. 15.00 oraz \u015bp. Helen\u0119 Bartnik (Lewa strona) &ndash; pogrzeb w \u015brod\u0119 o godz. 15.00. Wieczne odpoczywanie&hellip; <\/li>\n<\/ol>\n<h3 style=\"text-align: center;\"><strong><span style=\"color: rgb(0, 0, 128);\">Intencje mszalne<\/span><\/strong><\/h3>\n<h4 style=\"text-align: center;\"><strong><span style=\"color: rgb(0, 0, 128);\">od 8 stycznia 2024 do 14 stycznia 2024<\/span><\/strong><\/h4>\n<h4>&nbsp;<\/h4>\n<h4><strong>Gdyby zbyt d\u0142ugi czas nie by\u0142a og\u0142oszona zam&oacute;wiona intencja mszalna &ndash; prosimy o zg\u0142oszenie tego kap\u0142anowi.&nbsp; Zam&oacute;wiona intencja nie mo\u017ce zgin\u0105\u0107.<br \/>\n\t<\/strong><\/h4>\n<p><u><strong>Poniedzia\u0142ek &#8211; 8 stycze\u0144<br \/>\n\t<\/strong><\/u>1. + Wies\u0142aw Baran (greg.) <br \/>\n\t2. + Jan Kurek (r. \u015bm.) i zmarli z rodziny<br \/>\n\t3 + Marcin i Franciszka Czech oraz zmarli rodzice <\/p>\n<p><u><strong>Wtorek &#8211; 9 stycze\u0144<br \/>\n\t<\/strong><\/u>1. + Wies\u0142aw Baran (greg.) <br \/>\n\t2. + Stefania i Franciszek Kojder <br \/>\n\t3. + Stanis\u0142awa i W\u0142adys\u0142aw Blok i zmarli z rodziny <\/p>\n<p><u><strong>\u015aroda &#8211; 10 stycze\u0144<br \/>\n\t<\/strong><\/u>1. + Wies\u0142aw Baran (greg.)<br \/>\n\t2. Dzi\u0119kczynna; z pro\u015bb\u0105 o zdrowie i b\u0142og. Bo\u017ce w rodzinie<br \/>\n\t3. + Jan \u015awizdor i Antoni<\/p>\n<p><u><strong>Czwartek &#8211; 11 stycze\u0144<\/strong><\/u><br \/>\n\t1. + Wies\u0142aw Baran (greg.) <br \/>\n\t2. + Bronis\u0142awa Szybist &ndash; od kole\u017canek Ani, Gosi i Teresy <br \/>\n\t3. + Franciszek, Anna, Franciszek &ndash; od Krystyny Cebula<\/p>\n<p>\t<u><strong>Pi\u0105tek &#8211; 12 stycze\u0144<br \/>\n\t<\/strong><\/u>1. + Wies\u0142aw Baran (greg.)<br \/>\n\t2. + Zofia i Franciszek Dyrda<br \/>\n\t3. + Franciszek Bartnik &ndash; od s\u0105siad&oacute;w Dyrd&oacute;w<\/p>\n<p><u><strong>Sobota &#8211; 13 stycze\u0144<br \/>\n\t<\/strong><\/u>1 + Wies\u0142aw Baran (greg.) <br \/>\n\t2. + Jan Jarosz (r. \u015bm.) oraz + Anna i Micha\u0142<br \/>\n\t3. + Stanis\u0142aw Kochman &ndash; od \u017cony<\/p>\n<p><u><strong>Niedziela &#8211; 14 stycze\u0144<br \/>\n\t<\/strong><\/u>06.30 + W\u0142adys\u0142awa, J&oacute;zef Kurek oraz Maria, Antoni, Maria Golenia <br \/>\n\t08.00 + B\u0142a\u017cej Kurek &ndash; od Joli Pietruszka<br \/>\n\t10.30 Za parafian<br \/>\n\t15.00 + Wies\u0142aw Baran (greg.) <\/p>\n<h3 style=\"text-align: center;\"><strong><span style=\"color: rgb(0, 0, 128);\">Modlitw\u0119 r&oacute;\u017ca\u0144cow\u0105 prowadz\u0105<\/span><\/strong><\/h3>\n<p>08. Pn. R&oacute;\u017ca \u015aw. Faustyny &ndash; (Eugenia \u015awizdor) <br \/>\n\t09. Wt. R&oacute;\u017ca \u015aw. Genowefy &ndash; (Genowefa Dr\u0105\u017cek)<br \/>\n\t10. \u015ar. R&oacute;\u017ca \u015aw. Jadwigi Kr&oacute;lowej &ndash; (Halina Dyrda)<br \/>\n\t11. Cz. Akcja Katolicka<br \/>\n\t12. Pt. KSM<br \/>\n\t13. Sb. R&oacute;\u017ca \u015aw. Heleny &ndash; (Helena Dyrda)<br \/>\n\t14. Nd. R&oacute;\u017ca \u015aw. Katarzyny &#8211; (Anna Kurek) <\/p>\n<h3 style=\"text-align: center;\"><strong><span style=\"color: rgb(0, 0, 128);\">Plan Kol\u0119dy: 8-12 stycze\u0144 2024 r.<\/span><\/strong><\/h3>\n<p><strong>08.01.2024 r. Korniakt&oacute;w P&oacute;\u0142nocny &#8211; ks. Proboszcz; od godz. 08.30<\/strong><br \/>\n\tNumery dom&oacute;w: 96a , 96, 93, 89a, 88, 87a, 87, 86, 86a84, 84a?, 54a , 54, 127, 128, 126, 124, 123, 53a, 53, 52a, 52, 51a, 50, 49c, 49, 49a, 48, 47a, 46, 46a.<\/p>\n<p><strong>09.01.2024 r. Korniakt&oacute;w P&oacute;\u0142nocny &#8211; Ks. Piotr &#8211; od godz.14.00<\/strong> <strong>(prze\u0142o\u017cone z poniedzia\u0142ku 8 stycznia, kt&oacute;ry jest w gazetce wskazany)<\/strong><br \/>\n\tod numeru 227 za cmentarzem w stron\u0119 szko\u0142y domy tylko po p&oacute;\u0142nocnej stronie od szosy: 227, 38, 39, 39a, 41, 42a, 42, 43, 44, 45, 45c, 45a, 45b, 50a.<\/p>\n<p>\t<strong>10.01.2024 r. Mikulice &ndash; Bi\u0142goraj: <br \/>\n\tks. Proboszcz; od godz. 08.30<\/strong><br \/>\n\tNumery dom&oacute;w: 56b, 56a, 82, 81, 80, 79, 79b, 79a, 78, 77a, 77, 76, 75, 74, 73, 70, 68a, 61a, 61, 62, 63, 64, 67, 66, 230, 229, 228, 226, 225a, 224, 225, 223, 222, 221a, 221b, 221, 220c, 220, 219, 219a, 218, 220e.<\/p>\n<p><strong>Ks. Piotr od godz.14.00<\/strong><br \/>\n\tod numeru: 220e za cmentarzem,&nbsp; do spotkania z ks. Proboszczem<\/p>\n<p><strong>12.01.2024 r. POD G&Oacute;R\u0104 I PASIEKA <br \/>\n\t<\/strong>Jeden ks. od numeru 217; drugi ks. od numeru 270c &#8211; do spotkania; <br \/>\n\t<strong>od godz. 08.30:<\/strong> 217, 240, 236, 238, 244, 245, 247,&nbsp; 248,&nbsp; 249,&nbsp; 249a, 250, 251, 252, 254, 255, 255a, 255b, 256, 259, 257a, 260,&nbsp; 261,&nbsp; 261a, 263, 264, 265, 266, 266a, 276, 275a, 275, 272a, 270b, 270, 270a, 270c. <\/p>\n<p>\tGdyby kt&oacute;ry\u015b numer by\u0142 opuszczony, to jest to zwyk\u0142a pomy\u0142ka. Nikt nie b\u0119dzie celowo opuszczony. <br \/>\n\tW czasie wizyty nie sk\u0142adamy \u017cadnych ofiar, mo\u017cemy to uczyni\u0107 tradycyjnie &#8211; jak w poprzednich latach &#8211; w ko\u015bciele.<\/p>\n","protected":false},"excerpt":{"rendered":"<p>Niedziela Chrztu Pa\u0144skiego &#8211; 07-01-2024 Og\u0142oszenia Dzi\u015b o godz. 15.00 Nabo\u017ce\u0144stwo Adoracyjne, a po nim Msza \u015bw. Od jutra rozpoczynamy w liturgii &#8211; Okres Zwyk\u0142y. Kol\u0119dy jednak tradycyjnie \u015bpiewamy do &hellip; <a href=\"https:\/\/budy.przemyska.pl\/index.php\/2024\/01\/07\/ogloszenia-parafialne-7-styczen-2024\/\" class=\"more-link\">Czytaj dalej <span class=\"screen-reader-text\">Og\u0142oszenia parafialne 7 stycze\u0144 2024<\/span> <span class=\"meta-nav\">&rarr;<\/span><\/a><\/p>\n","protected":false},"author":1,"featured_media":0,"comment_status":"closed","ping_status":"closed","sticky":false,"template":"","format":"standard","meta":{"footnotes":""},"categories":[6,4],"tags":[],"class_list":["post-3743","post","type-post","status-publish","format-standard","hentry","category-aktualnosci","category-ogloszenia"],"_links":{"self":[{"href":"https:\/\/budy.przemyska.pl\/index.php\/wp-json\/wp\/v2\/posts\/3743","targetHints":{"allow":["GET"]}}],"collection":[{"href":"https:\/\/budy.przemyska.pl\/index.php\/wp-json\/wp\/v2\/posts"}],"about":[{"href":"https:\/\/budy.przemyska.pl\/index.php\/wp-json\/wp\/v2\/types\/post"}],"author":[{"embeddable":true,"href":"https:\/\/budy.przemyska.pl\/index.php\/wp-json\/wp\/v2\/users\/1"}],"replies":[{"embeddable":true,"href":"https:\/\/budy.przemyska.pl\/index.php\/wp-json\/wp\/v2\/comments?post=3743"}],"version-history":[{"count":0,"href":"https:\/\/budy.przemyska.pl\/index.php\/wp-json\/wp\/v2\/posts\/3743\/revisions"}],"wp:attachment":[{"href":"https:\/\/budy.przemyska.pl\/index.php\/wp-json\/wp\/v2\/media?parent=3743"}],"wp:term":[{"taxonomy":"category","embeddable":true,"href":"https:\/\/budy.przemyska.pl\/index.php\/wp-json\/wp\/v2\/categories?post=3743"},{"taxonomy":"post_tag","embeddable":true,"href":"https:\/\/budy.przemyska.pl\/index.php\/wp-json\/wp\/v2\/tags?post=3743"}],"curies":[{"name":"wp","href":"https:\/\/api.w.org\/{rel}","templated":true}]}}