{"id":3740,"date":"2023-12-31T08:04:01","date_gmt":"2023-12-31T07:04:01","guid":{"rendered":"http:\/\/www.budylancuckie.przemyska.pl\/?p=3740"},"modified":"2023-12-31T08:04:01","modified_gmt":"2023-12-31T07:04:01","slug":"ogloszenia-parafialne-31-grudzien-2023","status":"publish","type":"post","link":"https:\/\/budy.przemyska.pl\/index.php\/2023\/12\/31\/ogloszenia-parafialne-31-grudzien-2023\/","title":{"rendered":"Og\u0142oszenia parafialne 31 grudzie\u0144 2023"},"content":{"rendered":"<h2 style=\"text-align: center;\"><strong><span style=\"color: rgb(0, 0, 128);\">Niedziela \u015awi\u0119tej Rodziny &#8211; 31-12-2023<\/span><\/strong><\/h2>\n<h2 style=\"text-align: center;\"><strong><span style=\"color: rgb(0, 0, 128);\">Og\u0142oszenia<br \/>\n\t<\/span><\/strong><\/h2>\n<ol>\n<li>Dzi\u015b o godz. 15.00 Msza \u015bw., a po Niej Nabo\u017ce\u0144stwo dzi\u0119kczynno &ndash; przeb\u0142agalne za ca\u0142y 2023 r.<\/li>\n<li>Jutro Uroczysto\u015b\u0107 \u015awi\u0119tej Bo\u017cej Rodzicielki Maryi. Msze \u015bw. tak, jak w niedziel\u0119.<\/li>\n<li>W tym tygodniu wypada I czwartek, I pi\u0105tek i I sobota miesi\u0105ca.<\/li>\n<li>W czwartek wystawienie Naj\u015bwi\u0119tszego Sakramentu od godz. 16.00. W tym dniu za przyczyn\u0105 b\u0142og. Ks. Jana Balickiego modlimy si\u0119 za powo\u0142anych i o nowe powo\u0142ania do S\u0142u\u017cby Bo\u017cej.<\/li>\n<li>W I pi\u0105tek czcimy Naj\u015bwi\u0119tsze Serce Pana Jezusa. Msza \u015bw. rano o godz. 06.45 oraz wieczorem o godz. 17.00. Po rannej Mszy \u015bw. odwiedziny chorych z Komuni\u0105 \u015bw. Po wieczornej Mszy \u015bw. nabo\u017ce\u0144stwo do Serca Pana Jezusa.<\/li>\n<li>W I sobot\u0119 czcimy Niepokalane Serce NMP. Jest to zarazem Uroczysto\u015b\u0107 Objawienia Pa\u0144skiego (\u015awi\u0119to Trzech Kr&oacute;li). Msze \u015bw. tak, jak w niedziel\u0119. Podczas ka\u017cdej Mszy \u015bw. po\u015bwi\u0119cenie kadzid\u0142a i kredy, kt&oacute;r\u0105 oznaczamy drzwi naszych dom&oacute;w. Po Mszy \u015bw. o godz. 15.00 wystawienie Naj\u015bwi\u0119tszego Sakramentu i modlitwa r&oacute;\u017ca\u0144cowa, po Niej procesja z figurk\u0105 Matki Bo\u017cej Fatimskiej i zmiana tajemnic r&oacute;\u017ca\u0144cowych. <\/li>\n<li>W przysz\u0142\u0105 Niedziel\u0119 Chrztu Pa\u0144skiego, zako\u0144czenie liturgicznego Okresu Bo\u017cego Narodzenia. Kol\u0119dy \u015bpiewamy tradycyjnie do 2 lutego.<\/li>\n<li>Dalszy plan Wizyty Duszpasterskiej zamieszczony jest wewn\u0105trz obecnego numeru naszej gazetki oraz na stronie internetowej. <\/li>\n<li>Sk\u0142adam serdeczne B&oacute;g zap\u0142a\u0107 dla os&oacute;b sprz\u0105taj\u0105cych i stroj\u0105cych ko\u015bci&oacute;\u0142 oraz za wszystkie ofiary sk\u0142adane na potrzeby parafii, w tym ofiary na utrzymanie pracownik&oacute;w ko\u015bcielnych i ogrzewanie ko\u015bcio\u0142a. <\/li>\n<\/ol>\n<h3 style=\"text-align: center;\"><strong><span style=\"color: rgb(0, 0, 128);\">Intencje mszalne<\/span><\/strong><\/h3>\n<h4 style=\"text-align: center;\"><strong><span style=\"color: rgb(0, 0, 128);\">od 1 stycznia 2024 do 7 stycznia 2024<\/span><\/strong><\/h4>\n<h4>&nbsp;<\/h4>\n<h4><strong>Gdyby zbyt d\u0142ugi czas nie by\u0142a og\u0142oszona zam&oacute;wiona intencja mszalna &ndash; prosimy o zg\u0142oszenie tego kap\u0142anowi.&nbsp; Zam&oacute;wiona intencja nie mo\u017ce zgin\u0105\u0107.<br \/>\n\t<\/strong><\/h4>\n<p><u><strong>Poniedzia\u0142ek &#8211; 1 stycze\u0144<br \/>\n\t<\/strong><\/u>06.30 + Krystyna, Stanis\u0142aw Czyrek oraz + Danuta Rupar <br \/>\n\t08.00 + Maria, Franciszek \u015alimak i za zmar\u0142ych z rodziny &ndash; od c&oacute;rki<br \/>\n\t08.00 + Zofia, Jan Kurek &ndash; rocznica \u015bmierci <br \/>\n\t10.30 Za parafian<br \/>\n\t15.00 + Wies\u0142aw Baran (pocz. greg.) <\/p>\n<p><u><strong>Wtorek &#8211; 2 stycze\u0144<br \/>\n\t<\/strong><\/u>1. + Wies\u0142aw Baran (greg.) <br \/>\n\t2. + Teresa Baran &ndash; od Zofii z rodzin\u0105 <br \/>\n\t3. + Agata, Cecylia, Stanis\u0142aw Wojtyna <\/p>\n<p><u><strong>\u015aroda &#8211; 3 stycze\u0144<br \/>\n\t<\/strong><\/u>1. + Wies\u0142aw Baran (greg.)<br \/>\n\t2. + Bronis\u0142awa i Marian Cie\u015bla<br \/>\n\t3. + W\u0142adys\u0142awa, J&oacute;zef Stafiej<\/p>\n<p><u><strong>Czwartek &#8211; 4 stycze\u0144<\/strong><\/u><br \/>\n\t1. + Wies\u0142aw Baran (greg.) <br \/>\n\t2. + Jan i Maria Kojder <br \/>\n\t3. + Karolina, Tomasz, Agata Cebula oraz + Teresa, Tomasz Mach<\/p>\n<p>\t<u><strong>Pi\u0105tek &#8211; 5 stycze\u0144<br \/>\n\t<\/strong><\/u>06.45 + Wies\u0142aw Baran (greg.)<br \/>\n\t06.45 + Teresa, Roman, Jan Birek oraz + Ryszard Ros&oacute;\u0142<br \/>\n\t17.00 + Salomea, W\u0142adys\u0142aw Mach i ich Rodzice <\/p>\n<p><u><strong>Sobota &#8211; 6 stycze\u0144<br \/>\n\t<\/strong><\/u>06.30 + W\u0142adys\u0142aw Sobu\u015b &ndash; 6 rocznica \u015bmierci <br \/>\n\t08.00 Dzi\u0119kczynna za 80 lat \u017cycia Anny i o b\u0142og. Bo\u017ce oraz opiek\u0119 Matki Bo\u017cej na dalsze lata<br \/>\n\t08.00 + Jan Blok (rocz. \u015bmierci), Stanis\u0142aw, Maria + J&oacute;zef i Eugenia Czaja<br \/>\n\t10.30 Za parafian<br \/>\n\t15.00 + Wies\u0142aw Baran (greg.) <\/p>\n<p><u><strong>Niedziela &#8211; 7 stycze\u0144<br \/>\n\t<\/strong><\/u>06.30 + Anna Bosak &ndash; rocznica \u015bmierci <br \/>\n\t08.00 + Agata, Tadeusz, Micha\u0142 Kurek oraz + Zofia i Andrzej Osiowy<br \/>\n\t10.30 Za parafian<br \/>\n\t15.00 + Wies\u0142aw Baran (greg.) <\/p>\n<h3 style=\"text-align: center;\"><strong><span style=\"color: rgb(0, 0, 128);\">Modlitw\u0119 r&oacute;\u017ca\u0144cow\u0105 prowadz\u0105<\/span><\/strong><\/h3>\n<p>01. Pn. R&oacute;\u017ca \u015aw. Agaty &ndash; (Patrycja Por\u0119bna) <br \/>\n\t02. Wt. R&oacute;\u017ca \u015aw. Agnieszki &ndash; (Ma\u0142gorzata Markowicz)<br \/>\n\t03. \u015ar. R&oacute;\u017ca \u015aw. Zofii &ndash; (Zofia Kurek)<br \/>\n\t04. Cz. Dzie\u0142o Pomocy Powo\u0142aniom &ndash; (Anna Szular)<br \/>\n\t05. Pt. KSM<br \/>\n\t06. Sb. R&oacute;\u017ca \u015aw. Cecylii &ndash; (Krystyna Markowicz)<br \/>\n\t07. Nd. R&oacute;\u017ca \u015aw. El\u017cbiety &#8211; (Alina Trojnar) <\/p>\n<h3 style=\"text-align: center;\"><strong><span style=\"color: rgb(0, 0, 128);\">Plan Kol\u0119dy: 2-5 stycze\u0144 2024 r.<\/span><\/strong><\/h3>\n<p><strong>3.01.2024 r. &#8211; \u015broda (prze\u0142o\u017cone z wtorku 2 stycznia, kt&oacute;ry jest w gazetce wskazany)<\/strong><br \/>\n\tKorniakt&oacute;w P\u0142n. &ndash; Numery dom&oacute;w (pocz\u0105tek od godz. 14.30):<br \/>\n\t102, 438, 101, 100, 337c, 437, 99, 437a, b, 99a, b, 98, 98a, 436f, 436e, 477.<\/p>\n<p>Budy \u0141a\u0144cuckie: domy od Rudzie\u0144ca do p. Kr&oacute;l &#8211; str. P&oacute;\u0142nocna:<br \/>\n\t315, 317, 318, 319, 320, 321, 321, 323,&nbsp; 324, 326,&nbsp; 328, 328, 330a, 307e, d, c, b, a, 306, 306a,&nbsp; 305, 305c, 305b, 331, 331a, 334a, 303, 308, 309, 310, 312a , 312, 313, 313a, 314a, 271c, 272b, 272c, 271, 268, 267.<\/p>\n<p>\t<strong>5.01.2024 r. &ndash; pi\u0105tek<\/strong><br \/>\n\tKorniakt&oacute;w P\u0142n. i Budy \u0141a\u0144cuckie: ks. Proboszcz &ndash; Numery: 25b, c,&nbsp; 34b,&nbsp; 212, 212a, 213, 214,&nbsp; 34, 35, 35a36, 36a32, 30,&nbsp; 29a, 29c, 29, 28, 27?, 26, 25a, 24, 22, 23,&nbsp; 13, 20, 22a,&nbsp; 10, 9a, 9, 5, 4, 3, 2c, 2a, 2d, 2b, 2, 1, 121, 120, 118, 117a, 117, 116a, 116,&nbsp; 115a,&nbsp; 115, 114a, 113c, b, a, 113, 112b,&nbsp; 112a, 112, 111, 108, 106, 105, 104. <br \/>\n\tKs. Piotr po odwiedzeniu chorych w pierwszy Pi\u0105tek ok. 11.00 od numeru 105 do spotkania z ks. Proboszczem.<\/p>\n<p>\tGdyby kt&oacute;ry\u015b numer by\u0142 opuszczony, to jest to zwyk\u0142a pomy\u0142ka. Nikt nie b\u0119dzie celowo opuszczony. <br \/>\n\tW czasie wizyty nie sk\u0142adamy \u017cadnych ofiar, mo\u017cemy to uczyni\u0107 tradycyjnie &#8211; jak w poprzednich latach &#8211; w ko\u015bciele.<\/p>\n<p>&nbsp;<\/p>\n<h2><strong>BO\u017bEGO B\u0141OGOS\u0141AWIE\u0143STWA W CA\u0141YM NOWYM ROKU 2024 DLA WSZYSTKICH PARAFIAN &ndash; \u017bYCZ\u0104 DUSZPASTERZE!<\/p>\n<p>\t<\/strong><\/h2>\n<p>\n\t&nbsp;<\/p>\n","protected":false},"excerpt":{"rendered":"<p>Niedziela \u015awi\u0119tej Rodziny &#8211; 31-12-2023 Og\u0142oszenia Dzi\u015b o godz. 15.00 Msza \u015bw., a po Niej Nabo\u017ce\u0144stwo dzi\u0119kczynno &ndash; przeb\u0142agalne za ca\u0142y 2023 r. Jutro Uroczysto\u015b\u0107 \u015awi\u0119tej Bo\u017cej Rodzicielki Maryi. Msze &hellip; <a href=\"https:\/\/budy.przemyska.pl\/index.php\/2023\/12\/31\/ogloszenia-parafialne-31-grudzien-2023\/\" class=\"more-link\">Czytaj dalej <span class=\"screen-reader-text\">Og\u0142oszenia parafialne 31 grudzie\u0144 2023<\/span> <span class=\"meta-nav\">&rarr;<\/span><\/a><\/p>\n","protected":false},"author":1,"featured_media":0,"comment_status":"closed","ping_status":"closed","sticky":false,"template":"","format":"standard","meta":{"footnotes":""},"categories":[6,4],"tags":[],"class_list":["post-3740","post","type-post","status-publish","format-standard","hentry","category-aktualnosci","category-ogloszenia"],"_links":{"self":[{"href":"https:\/\/budy.przemyska.pl\/index.php\/wp-json\/wp\/v2\/posts\/3740","targetHints":{"allow":["GET"]}}],"collection":[{"href":"https:\/\/budy.przemyska.pl\/index.php\/wp-json\/wp\/v2\/posts"}],"about":[{"href":"https:\/\/budy.przemyska.pl\/index.php\/wp-json\/wp\/v2\/types\/post"}],"author":[{"embeddable":true,"href":"https:\/\/budy.przemyska.pl\/index.php\/wp-json\/wp\/v2\/users\/1"}],"replies":[{"embeddable":true,"href":"https:\/\/budy.przemyska.pl\/index.php\/wp-json\/wp\/v2\/comments?post=3740"}],"version-history":[{"count":0,"href":"https:\/\/budy.przemyska.pl\/index.php\/wp-json\/wp\/v2\/posts\/3740\/revisions"}],"wp:attachment":[{"href":"https:\/\/budy.przemyska.pl\/index.php\/wp-json\/wp\/v2\/media?parent=3740"}],"wp:term":[{"taxonomy":"category","embeddable":true,"href":"https:\/\/budy.przemyska.pl\/index.php\/wp-json\/wp\/v2\/categories?post=3740"},{"taxonomy":"post_tag","embeddable":true,"href":"https:\/\/budy.przemyska.pl\/index.php\/wp-json\/wp\/v2\/tags?post=3740"}],"curies":[{"name":"wp","href":"https:\/\/api.w.org\/{rel}","templated":true}]}}