{"id":3733,"date":"2023-12-23T19:31:35","date_gmt":"2023-12-23T18:31:35","guid":{"rendered":"http:\/\/www.budylancuckie.przemyska.pl\/?p=3733"},"modified":"2023-12-23T19:31:35","modified_gmt":"2023-12-23T18:31:35","slug":"ogloszenia-parafialne-24-grudzien-2023","status":"publish","type":"post","link":"https:\/\/budy.przemyska.pl\/index.php\/2023\/12\/23\/ogloszenia-parafialne-24-grudzien-2023\/","title":{"rendered":"Og\u0142oszenia parafialne 24 grudzie\u0144 2023"},"content":{"rendered":"<h2 style=\"text-align: center;\"><strong><span style=\"color: rgb(0, 0, 128);\">IV Niedziela Adwentu &#8211; 24-12-2023<\/span><\/strong><\/h2>\n<h2 style=\"text-align: center;\"><strong><span style=\"color: rgb(0, 0, 128);\">Og\u0142oszenia<br \/>\n\t<\/span><\/strong><\/h2>\n<ol>\n<li>Dzi\u015b po po\u0142udniu nie b\u0119dzie Mszy \u015bw. To czas na prze\u017cywanie wsp&oacute;lnej Wigilii w naszych rodzinach, dzielenia si\u0119 op\u0142atkiem, \u015bwi\u0105tecznego sk\u0142adania sobie \u017cycze\u0144, kol\u0119dowania i g\u0142\u0119bokiego prze\u017cywania tajemnicy Bo\u017cego Narodzenia. Bardzo serdecznie zapraszamy na Pasterk\u0119 o p&oacute;\u0142nocy.<\/li>\n<li>Jutro Uroczysto\u015b\u0107 Bo\u017cego Narodzenia. Msze \u015bw. nast\u0119puj\u0105co: Pasterka o p&oacute;\u0142nocy, a nast\u0119pnie o godz. 07.30; 09.00 oraz o 10.30. Nie b\u0119dzie Mszy \u015bw. o godz. 15.00.<\/li>\n<li>We wtorek \u015awi\u0119to \u015bw. Szczepana. Msze \u015bw. o godz. 06.30; 08.00 oraz o godz. 10.30. Nie b\u0119dzie Mszy \u015bw. o godz. 15.00.<\/li>\n<li>W \u015brod\u0119 z racji \u015awi\u0119ta \u015aw. Jana Aposto\u0142a i Ewangelisty obrz\u0119d po\u015bwi\u0119cenia i kosztowania wina. W czwartek \u015awi\u0119to \u015bw. M\u0142odziank&oacute;w, a w przysz\u0142\u0105 niedziel\u0119 &ndash; \u015awi\u0119to \u015awi\u0119tej Rodziny: Jezusa, Maryi i J&oacute;zefa.<\/li>\n<li>W \u015awi\u0119to \u015aw. Rodziny, na Sumie o godz. 10.30, b\u0119dzie mia\u0142o miejsce wprowadzenie do naszego ko\u015bcio\u0142a relikwii B\u0142ogos\u0142awionej Rodziny Ulm&oacute;w, za\u015b Nabo\u017ce\u0144stwo dzi\u0119kczynno-przeb\u0142agalne na zako\u0144czenie Starego Roku zostanie odprawione o godz.15.00.<\/li>\n<li>Od \u015brody rozpoczniemy Wizyt\u0119 Duszpastersk\u0105. Szczeg&oacute;\u0142owy program na najbli\u017cszy tydzie\u0144 umieszczony jest w obecnym numerze gazetki. Pocz\u0105tek kol\u0119dy od godz.08.30. Zgodnie z tradycj\u0105 w naszej parafii &#8211; je\u015bli kto\u015b ma \u017cyczenie &#8211; to ofiary z racji kol\u0119dy mo\u017cemy z\u0142o\u017cy\u0107 na tac\u0119.<\/li>\n<li>Sk\u0142adam serdeczne B&oacute;g zap\u0142a\u0107 dla os&oacute;b sprz\u0105taj\u0105cych i stroj\u0105cych ko\u015bci&oacute;\u0142 oraz za wszystkie ofiary sk\u0142adane na potrzeby parafii, w tym ofiary na utrzymanie pracownik&oacute;w ko\u015bcielnych i ogrzewanie ko\u015bcio\u0142a.<\/li>\n<\/ol>\n<h3 style=\"text-align: center;\"><strong><span style=\"color: rgb(0, 0, 128);\">Intencje mszalne<\/span><\/strong><\/h3>\n<h4 style=\"text-align: center;\"><strong><span style=\"color: rgb(0, 0, 128);\">od 25 grudnia 2023 do 31 grudnia 2023<\/span><\/strong><\/h4>\n<h4>&nbsp;<\/h4>\n<h4><strong>Gdyby zbyt d\u0142ugi czas nie by\u0142a og\u0142oszona zam&oacute;wiona intencja mszalna &ndash; prosimy o zg\u0142oszenie tego kap\u0142anowi.&nbsp; Zam&oacute;wiona intencja nie mo\u017ce zgin\u0105\u0107.<br \/>\n\t<\/strong><\/h4>\n<p><u><strong>Poniedzia\u0142ek &#8211; 25 grudzie\u0144<br \/>\n\t<\/strong><\/u>07.30 + Maria Bosak (greg.) <br \/>\n\t09.00 + Krystyna i W\u0142adys\u0142aw; J&oacute;zefa i Stanis\u0142aw Hypnar <br \/>\n\t10.30 + Stanis\u0142aw, Maria, Zofia Kochman &ndash; od Moniki z rodzin\u0105<\/p>\n<p><u><strong>Wtorek &#8211; 26 grudzie\u0144<br \/>\n\t<\/strong><\/u>06.30 + Maria Bosak (greg.) <br \/>\n\t08.00 + Andrzej Pietrzycki &ndash; od rodziny K\u0119dzior&oacute;w <br \/>\n\t10.30 + Magdalena, Karolina, J&oacute;zef Kruk i zmarli rodzice<br \/>\n\t10.30 + Janina, Stanis\u0142aw Wacnik i zmarli z rodziny<\/p>\n<p><u><strong>\u015aroda &#8211; 27 grudzie\u0144<br \/>\n\t<\/strong><\/u>1. + Maria Bosak (greg.)<br \/>\n\t2. + J&oacute;zefa S\u0142ysz &ndash; od bratowej Janiny Szczupak <br \/>\n\t3. + Wies\u0142aw, Franciszek Kojder i zmarli z rodziny<\/p>\n<p><u><strong>Czwartek &#8211; 28 grudzie\u0144<\/strong><\/u><br \/>\n\t1. + Maria Bosak (greg.) <br \/>\n\t2. + Teresa Baran &ndash; od Pauliny Bosak<br \/>\n\t3. + Stanis\u0142aw Bartnik &ndash; od kuzynki El\u017cbiety<\/p>\n<p>\t<u><strong>Pi\u0105tek &#8211; 29 grudzie\u0144<br \/>\n\t<\/strong><\/u>1. + Maria Bosak (greg.)<br \/>\n\t2. + Andrzej Pietrzycki &ndash; od Katarzyny z rodzin\u0105<br \/>\n\t3. + Janina \u015awizdor; Katarzyna i Stanis\u0142aw Kurek<\/p>\n<p><u><strong>Sobota &#8211; 30 grudzie\u0144<br \/>\n\t<\/strong><\/u>1. + Maria Bosak ( zak. greg.) <br \/>\n\t2. + Teresa Baran &ndash; od Opiekunki<br \/>\n\t3. + Genowefa Dyrda oraz zmarli rodzice i rodze\u0144stwo<\/p>\n<p><u><strong>Niedziela &#8211; 31 grudzie\u0144<br \/>\n\t<\/strong><\/u>06.30 + J&oacute;zefa S\u0142ysz &ndash; od bratanicy Barbary <br \/>\n\t08.00 + Stanis\u0142aw, J&oacute;zefa i Jan Szlachta<br \/>\n\t08.00 + Ma\u0142gorzata Serafin<br \/>\n\t10.30 Za parafian<br \/>\n\t15.00 Dzi\u0119kczynno &ndash; przeb\u0142agalna za ca\u0142y 2023 rok.<\/p>\n<h3 style=\"text-align: center;\"><strong><span style=\"color: rgb(0, 0, 128);\">Modlitw\u0119 r&oacute;\u017ca\u0144cow\u0105 prowadz\u0105<\/span><\/strong><\/h3>\n<p>25. Pn. R&oacute;\u017ca Matki Bo\u017cej Szkaplerznej &ndash; (Maria K\u0142os) <br \/>\n\t26. Wt. R&oacute;\u017ca \u015aw. Stanis\u0142awa Biskupa &ndash; (Wojciech Pelc)<br \/>\n\t27. \u015ar. R&oacute;\u017ca \u015aw. Teresy od Dzieci\u0105tka Jezus &ndash; (Dorota Dzierga)<br \/>\n\t28. Cz. R&oacute;\u017ca \u015aw. Teresy Wielkiej &ndash; (Zofia Wierzbicka)<br \/>\n\t29. Pt. KSM<br \/>\n\t30. Sb. R&oacute;\u017ca \u015aw. Tomasza Aposto\u0142a &ndash; (Stanis\u0142aw \u015alimak)<br \/>\n\t31. Nd. R&oacute;\u017ca \u015aw. Andrzeja Aposto\u0142a &#8211; (J&oacute;zef M\u0105dry)<\/p>\n<h3 style=\"text-align: center;\"><strong><span style=\"color: rgb(0, 0, 128);\">Plan Kol\u0119dy: 27-30.12.2023 r.<\/span><\/strong><\/h3>\n<p><strong>27.12.2023 r. &#8211; \u015broda<\/strong><br \/>\n\tBudy \u0141a\u0144cuckie: Prawa strona; od sklepu &ndash; do szko\u0142y i dalej na wsch&oacute;d<br \/>\n\tNumery dom&oacute;w: 49, 51, 114a, b, c,&nbsp; 105, 103, 102, 99, 98a, 97, 96, 95, 87.86.84, 83, 82, 78, 72, 70, 65,&nbsp; 66\/1, 2, 3, 4,&nbsp; 68, 69, 62, 63, 61, 60, 59, 58, 57, 56, 53, 52. <\/p>\n<p>\t<strong>27.12.2023 r. &#8211; \u015broda<\/strong><br \/>\n\tNumery dom&oacute;w &#8211; Budy \u0141a\u0144cuckie: 487, 487a, 486, 485;Kmiecie &#8211; 203, 203a, 204, 295, 206a, 209, 210, 211; Korniakt&oacute;w P\u0142n:18, 18a, 17, 16, 15, 25 <\/p>\n<p>\t<strong>28.12.2023 r. &#8211; czwartek<\/strong><br \/>\n\tBudy \u0141a\u0144cuckie: Prawa strona; \u0141\u0105ki &ndash; Numery dom&oacute;w:200, 202, 202a,&nbsp; 199, 198, 195, 196, 192, 190, 188, , 187a, , 187, 186, 185, 184, 183, 182, 181a, 172, 169a, 169, 168, 168a, 167, 173a, 173, 175, 175a, 178, , 177, 177a, 179, 43b, 43a, 43, 42b, 42c, 46a, 42a, 42, 46, 47, <\/p>\n<p><strong>28.12.2023 r. &#8211; czwartek<\/strong><br \/>\n\tBudy \u0141a\u0144cuckie: Prawa strona; przy drodze &#8211; Numery dom&oacute;w: 41, 36, 35a, 35b, 35, 31, 30, 27, 24, 21, 20, 18, 17, 16, 13, 12, 11,&nbsp; 9, 8, 6, 5a, 5, 4, 3b, 3a,&nbsp; 3,&nbsp; 2,&nbsp; 1a, 1, 1,&nbsp; 10, 22, 23, 28, 29,&nbsp; 29a,&nbsp; 32, 33a, 37, 39, 40a, 40, 44, 48.<\/p>\n<p>\t<strong>29.12.2023 r. &ndash; pi\u0105tek<\/strong><br \/>\n\tBudy \u0141a\u0144cuckie &ndash; Numery dom&oacute;w: 390, 377, 377a, 377c, 377d, 377e, 378, 379, 383, 383, 381, 384, 380, , 380a, 388a, 388, 389, 420a, 420,&nbsp; 419b, 421, 422, 422a, 423, 424b, 441?, 444, 446,&nbsp; 447a, 435, 415, 434, 432, 431, 430a,&nbsp; 430, 426, 425, 425a, 418, 419c, 419, 419a, 416a, 394e, 394d, 394c, 394b, 394a.<\/p>\n<p>\t<strong>29.12.2023 r. &#8211; pi\u0105tek<\/strong><br \/>\n\tBudy \u0141a\u0144cuckie &ndash; Numery dom&oacute;w: 469a, 469b, 470, 468, 468a, 465, 463, 462a, 458, 475, 461, 459, 460, 450, 457, 454, 456a, 455, 412,&nbsp; 411, 410,&nbsp; 409, 405, 406, 407, 404, 401, 402c, 400, 399, 397, 396, 395, 395a,&nbsp; 395b, 395c, 395c, 395d, 395e, 376.<\/p>\n<p>\t<strong>30.12.2023 r. &ndash; sobota<\/strong><br \/>\n\tBudy \u0141a\u0144cuckie &ndash; Wschodnia strona; od drogi do Wis\u0142oka i domy za autostrad\u0105 &ndash; 286c, 286d, 286e, 286, 280, 280a, 280b, 281, 282, 278, 279, 277, 476, 476a, 477, 479, 283, 285, 293, 294, 294a, 295299, 300, 300a, 302, 302a, 333, 332a, 335a, 335,&nbsp; 336289, 288a, 288, 287, 286b, 286a.<\/p>\n<p>\n\t<strong>30.12.2023 r. &#8211; sobota<\/strong><br \/>\n\tBudy \u0141a\u0144cuckie: na wsch&oacute;d od Rudzie\u0144ca + \u0141ugi. <br \/>\n\tNumery dom&oacute;w: 344, 344a, 345, 347, 346, 349350,&nbsp; 351,&nbsp; 351a, 352a,&nbsp; 352b, 353, 355, 355, 356, 356a, 362?, 360, 359, 358a,&nbsp; 357, 403a, 403c, 373, 374, 372f,&nbsp; 372e, 372d, 372c, 372b, 372a, 372, 370a, 370, 371, 366, 364, 341, 338, 339.<\/p>\n<p>\tGdyby kt&oacute;ry\u015b numer by\u0142 opuszczony, to jest to zwyk\u0142a pomy\u0142ka. Nikt nie b\u0119dzie celowo opuszczony. <br \/>\n\tW czasie wizyty nie sk\u0142adamy \u017cadnych ofiar, mo\u017cemy to uczyni\u0107 tradycyjnie &#8211; jak w poprzednich latach &#8211; w ko\u015bciele.<br \/>\n\t&nbsp;<\/p>\n<p>&nbsp;<\/p>\n","protected":false},"excerpt":{"rendered":"<p>IV Niedziela Adwentu &#8211; 24-12-2023 Og\u0142oszenia Dzi\u015b po po\u0142udniu nie b\u0119dzie Mszy \u015bw. To czas na prze\u017cywanie wsp&oacute;lnej Wigilii w naszych rodzinach, dzielenia si\u0119 op\u0142atkiem, \u015bwi\u0105tecznego sk\u0142adania sobie \u017cycze\u0144, kol\u0119dowania &hellip; <a href=\"https:\/\/budy.przemyska.pl\/index.php\/2023\/12\/23\/ogloszenia-parafialne-24-grudzien-2023\/\" class=\"more-link\">Czytaj dalej <span class=\"screen-reader-text\">Og\u0142oszenia parafialne 24 grudzie\u0144 2023<\/span> <span class=\"meta-nav\">&rarr;<\/span><\/a><\/p>\n","protected":false},"author":1,"featured_media":0,"comment_status":"closed","ping_status":"closed","sticky":false,"template":"","format":"standard","meta":{"footnotes":""},"categories":[6,4],"tags":[],"class_list":["post-3733","post","type-post","status-publish","format-standard","hentry","category-aktualnosci","category-ogloszenia"],"_links":{"self":[{"href":"https:\/\/budy.przemyska.pl\/index.php\/wp-json\/wp\/v2\/posts\/3733","targetHints":{"allow":["GET"]}}],"collection":[{"href":"https:\/\/budy.przemyska.pl\/index.php\/wp-json\/wp\/v2\/posts"}],"about":[{"href":"https:\/\/budy.przemyska.pl\/index.php\/wp-json\/wp\/v2\/types\/post"}],"author":[{"embeddable":true,"href":"https:\/\/budy.przemyska.pl\/index.php\/wp-json\/wp\/v2\/users\/1"}],"replies":[{"embeddable":true,"href":"https:\/\/budy.przemyska.pl\/index.php\/wp-json\/wp\/v2\/comments?post=3733"}],"version-history":[{"count":0,"href":"https:\/\/budy.przemyska.pl\/index.php\/wp-json\/wp\/v2\/posts\/3733\/revisions"}],"wp:attachment":[{"href":"https:\/\/budy.przemyska.pl\/index.php\/wp-json\/wp\/v2\/media?parent=3733"}],"wp:term":[{"taxonomy":"category","embeddable":true,"href":"https:\/\/budy.przemyska.pl\/index.php\/wp-json\/wp\/v2\/categories?post=3733"},{"taxonomy":"post_tag","embeddable":true,"href":"https:\/\/budy.przemyska.pl\/index.php\/wp-json\/wp\/v2\/tags?post=3733"}],"curies":[{"name":"wp","href":"https:\/\/api.w.org\/{rel}","templated":true}]}}