{"id":3730,"date":"2023-12-17T10:16:21","date_gmt":"2023-12-17T09:16:21","guid":{"rendered":"http:\/\/www.budylancuckie.przemyska.pl\/?p=3730"},"modified":"2023-12-17T10:16:21","modified_gmt":"2023-12-17T09:16:21","slug":"ogloszenia-parafialne-17-grudzien-2023","status":"publish","type":"post","link":"https:\/\/budy.przemyska.pl\/index.php\/2023\/12\/17\/ogloszenia-parafialne-17-grudzien-2023\/","title":{"rendered":"Og\u0142oszenia parafialne 17 grudzie\u0144 2023"},"content":{"rendered":"<h2 style=\"text-align: center;\"><strong><span style=\"color: rgb(0, 0, 128);\">III Niedziela Adwentu &#8211; 17-12-2023<\/span><\/strong><\/h2>\n<h2 style=\"text-align: center;\"><strong><span style=\"color: rgb(0, 0, 128);\">Og\u0142oszenia<br \/>\n\t<\/span><\/strong><\/h2>\n<ol>\n<li>Dzi\u015b o godz. 15.00 Nabo\u017ce\u0144stwo Bo\u017cego Mi\u0142osierdzia, a po Nim Msza \u015bw. <\/li>\n<li>Od dzi\u015b przygotowujemy si\u0119 bezpo\u015brednio do Uroczysto\u015bci Bo\u017cego Narodzenia. W tym czasie \u015bpiewa si\u0119 tzw. Wielkie Antyfony.<\/li>\n<li>We wtorek planowana jest Spowied\u017a \u015bw. adwentowa w naszej parafii w godz. od 14.00 do 17.00. Od 16.00 do 16.30 by\u0142aby kr&oacute;tka przerwa w Spowiedzi \u015bw. Bardzo serdecznie zapraszamy z mo\u017cliwo\u015bci skorzystania w tym dniu z Sakramentu Pojednania, dlatego, \u017ce udajemy si\u0119 r&oacute;wnie\u017c na Spowied\u017a \u015bw. do innych parafii w Dekanacie.<\/li>\n<li>Codzienna Msza \u015bw. Roratnia, od dnia jutrzejszego a\u017c do soboty, o godz. 06.00 rano. Zapraszamy do uczestnictwa wszystkich parafian, a zw\u0142aszcza dzieci z lampionami.<br \/>\n\t\tPrzed Msz\u0105 \u015bw. b\u0119dziemy \u015bpiewa\u0107 Godzinki.<\/li>\n<li>W tym roku IV Niedziela Adwentu wypada w Wigili\u0119, a zatem nie b\u0119dzie ju\u017c Mszy \u015bw. popo\u0142udniowej o godz. 15.00.<\/li>\n<li>W czwartek (21 grudnia) o godz. 17.30 spotkanie formacyjne dla uczni&oacute;w klas VII i VIII w ramach przygotowania do Sakramentu Bierzmowania.<\/li>\n<li>W poniedzia\u0142ek (18.12.) od godz. 08.00 planujemy odwiedziny chorych korzystaj\u0105cych z pos\u0142ugi w okresie \u015awi\u0105t Bo\u017cego Narodzenia. Bardzo prosimy o zg\u0142aszanie tych chorych w zakrystii lub SMS-owo na nr telefonu, kt&oacute;ry widnieje na stronie internetowej parafii i w ka\u017cdym numerze naszej parafialnej gazetki. <\/li>\n<li>Na stoliku z gazetami s\u0105 ozdoby \u015bwi\u0105teczne wykonane przez m\u0142odzie\u017c. Nasze wsparcie, z racji ich zakupu, przeznaczone jest na cele statutowe KSM-u. <\/li>\n<li>W kaplicy \u015bw. Maksymiliana mo\u017cna naby\u0107 op\u0142atki Wigilijne. Ofiary sk\u0142adane s\u0105 cz\u0119\u015bci\u0105 wynagrodzenia Pana Organisty i Ko\u015bcielnego. <\/li>\n<li>Sk\u0142adam serdeczne B&oacute;g zap\u0142a\u0107 dla os&oacute;b sprz\u0105taj\u0105cych i stroj\u0105cych ko\u015bci&oacute;\u0142 oraz za wszystkie ofiary sk\u0142adane na potrzeby parafii, w tym ofiary na utrzymanie pracownik&oacute;w ko\u015bcielnych i ogrzewanie ko\u015bcio\u0142a. <\/li>\n<\/ol>\n<h3 style=\"text-align: center;\"><strong><span style=\"color: rgb(0, 0, 128);\">Intencje mszalne<\/span><\/strong><\/h3>\n<h4 style=\"text-align: center;\"><strong><span style=\"color: rgb(0, 0, 128);\">od 18 grudnia 2023 do 24 grudnia 2023<\/span><\/strong><\/h4>\n<h4>&nbsp;<\/h4>\n<h4><strong>Gdyby zbyt d\u0142ugi czas nie by\u0142a og\u0142oszona zam&oacute;wiona intencja mszalna &ndash; prosimy o zg\u0142oszenie tego kap\u0142anowi.&nbsp; Zam&oacute;wiona intencja nie mo\u017ce zgin\u0105\u0107.<br \/>\n\t<\/strong><\/h4>\n<p><u><strong>Poniedzia\u0142ek &#8211; 18 grudzie\u0144<br \/>\n\t<\/strong><\/u>1. + Maria Bosak (greg.) <br \/>\n\t2. + J&oacute;zef Czupich &ndash; od szwagra Jana z \u017con\u0105 <br \/>\n\t3. + Jan, Zofia Wilk<\/p>\n<p><u><strong>Wtorek &#8211; 19 grudzie\u0144<br \/>\n\t<\/strong><\/u>1. + Maria Bosak (greg.) <br \/>\n\t2. + W\u0142adys\u0142aw \u015awizdor oraz + Dariusz i Stanis\u0142aw Cebulak <br \/>\n\t3. Za zmar\u0142ych Rodzic&oacute;w: Julia i Tadeusz Falandys<\/p>\n<p><u><strong>\u015aroda &#8211; 20 grudzie\u0144<br \/>\n\t<\/strong><\/u>1. + Maria Bosak (greg.)<br \/>\n\t2. + Teresa Baran &ndash; od rodziny Blok i Kraska <br \/>\n\t3. + J&oacute;zefa S\u0142ysz &ndash; od wnuka Kamila z rodzin\u0105 <\/p>\n<p><u><strong>Czwartek &#8211; 21 grudzie\u0144<\/strong><\/u><br \/>\n\t1. + Maria Bosak (greg.) <br \/>\n\t2. + Salomea Wasyl &ndash; od rodziny <br \/>\n\t3. + W\u0142adys\u0142aw i Stanis\u0142awa Ko\u0142odziej<\/p>\n<p>\t<u><strong>Pi\u0105tek &#8211; 22 grudzie\u0144<br \/>\n\t<\/strong><\/u>1. + Maria Bosak (greg.)<br \/>\n\t2. + Stanis\u0142aw, Magdalena, Stefan Kojder oraz zmarli z Rodziny<br \/>\n\t3. + Maria, Tadeusz, Jan Kojder <\/p>\n<p><u><strong>Sobota &#8211; 23 grudzie\u0144<br \/>\n\t<\/strong><\/u>1. + Maria Bosak (greg.) <br \/>\n\t2. + Teresa Baran &ndash; od s\u0105siad&oacute;w Cebulak&oacute;w<br \/>\n\t3. + Maria, Tomasz Golak, o. Bogus\u0142aw Golak oraz zmar\u0142e Rodze\u0144stwo<\/p>\n<p><u><strong>Niedziela &#8211; 24 grudzie\u0144<br \/>\n\t<\/strong><\/u>06.30 + Maria Bosak (greg.) <br \/>\n\t08.00 + Czes\u0142aw Piestrak &ndash; rocznica \u015bmierci<br \/>\n\t08.00 ++ Katarzyna, Franciszek Kojder oraz + Marian Worek<br \/>\n\t10.30 Za parafian <\/p>\n","protected":false},"excerpt":{"rendered":"<p>III Niedziela Adwentu &#8211; 17-12-2023 Og\u0142oszenia Dzi\u015b o godz. 15.00 Nabo\u017ce\u0144stwo Bo\u017cego Mi\u0142osierdzia, a po Nim Msza \u015bw. Od dzi\u015b przygotowujemy si\u0119 bezpo\u015brednio do Uroczysto\u015bci Bo\u017cego Narodzenia. W tym czasie &hellip; <a href=\"https:\/\/budy.przemyska.pl\/index.php\/2023\/12\/17\/ogloszenia-parafialne-17-grudzien-2023\/\" class=\"more-link\">Czytaj dalej <span class=\"screen-reader-text\">Og\u0142oszenia parafialne 17 grudzie\u0144 2023<\/span> <span class=\"meta-nav\">&rarr;<\/span><\/a><\/p>\n","protected":false},"author":1,"featured_media":0,"comment_status":"closed","ping_status":"closed","sticky":false,"template":"","format":"standard","meta":{"footnotes":""},"categories":[6,4],"tags":[],"class_list":["post-3730","post","type-post","status-publish","format-standard","hentry","category-aktualnosci","category-ogloszenia"],"_links":{"self":[{"href":"https:\/\/budy.przemyska.pl\/index.php\/wp-json\/wp\/v2\/posts\/3730","targetHints":{"allow":["GET"]}}],"collection":[{"href":"https:\/\/budy.przemyska.pl\/index.php\/wp-json\/wp\/v2\/posts"}],"about":[{"href":"https:\/\/budy.przemyska.pl\/index.php\/wp-json\/wp\/v2\/types\/post"}],"author":[{"embeddable":true,"href":"https:\/\/budy.przemyska.pl\/index.php\/wp-json\/wp\/v2\/users\/1"}],"replies":[{"embeddable":true,"href":"https:\/\/budy.przemyska.pl\/index.php\/wp-json\/wp\/v2\/comments?post=3730"}],"version-history":[{"count":0,"href":"https:\/\/budy.przemyska.pl\/index.php\/wp-json\/wp\/v2\/posts\/3730\/revisions"}],"wp:attachment":[{"href":"https:\/\/budy.przemyska.pl\/index.php\/wp-json\/wp\/v2\/media?parent=3730"}],"wp:term":[{"taxonomy":"category","embeddable":true,"href":"https:\/\/budy.przemyska.pl\/index.php\/wp-json\/wp\/v2\/categories?post=3730"},{"taxonomy":"post_tag","embeddable":true,"href":"https:\/\/budy.przemyska.pl\/index.php\/wp-json\/wp\/v2\/tags?post=3730"}],"curies":[{"name":"wp","href":"https:\/\/api.w.org\/{rel}","templated":true}]}}