{"id":3728,"date":"2023-12-09T16:15:08","date_gmt":"2023-12-09T15:15:08","guid":{"rendered":"http:\/\/www.budylancuckie.przemyska.pl\/?p=3728"},"modified":"2023-12-09T16:15:08","modified_gmt":"2023-12-09T15:15:08","slug":"ogloszenia-parafialne-10-grudzien-2023","status":"publish","type":"post","link":"https:\/\/budy.przemyska.pl\/index.php\/2023\/12\/09\/ogloszenia-parafialne-10-grudzien-2023\/","title":{"rendered":"Og\u0142oszenia parafialne 10 grudzie\u0144 2023"},"content":{"rendered":"<h2 style=\"text-align: center;\"><strong><span style=\"color: rgb(0, 0, 128);\">II Niedziela Adwentu &#8211; 10-12-2023<\/span><\/strong><\/h2>\n<h2 style=\"text-align: center;\"><strong><span style=\"color: rgb(0, 0, 128);\">Og\u0142oszenia<br \/>\n\t<\/span><\/strong><\/h2>\n<ol>\n<li>Dzi\u015b o godz. 15.00 Nabo\u017ce\u0144stwo R&oacute;\u017ca\u0144cowe, a po Nim Msza \u015bw. <\/li>\n<li>W tym tygodniu w Liturgii Ko\u015bcio\u0142a wspominamy: w \u015brod\u0119 &ndash; wspomnienie \u015bw. \u0141ucji; w czwartek &#8211; wspomnienie \u015bw. Jana od Krzy\u017ca.<\/li>\n<li>W czwartek wystawienie Naj\u015bwi\u0119tszego Sakramentu od godz. 16.00. Po Mszy \u015bw. spotkanie Akcji Katolickiej.<\/li>\n<li>Codzienna Msza \u015bw. Roratnia o godz. 17.00. Zapraszamy do uczestnictwa wszystkich parafian, a zw\u0142aszcza dzieci z lampionami. Po III Niedzieli Adwentu Msza \u015bw. Roratnia b\u0119dzie odprawiana o godz. 06.00 rano.<\/li>\n<li>Na stoliku z gazetami s\u0105 r&oacute;wnie\u017c \u015bwiece wigilijne, rozprowadzane przez Caritas, w cenie 10 z\u0142. <\/li>\n<li>W kaplicy \u015bw. Maksymiliana mo\u017cna naby\u0107 op\u0142atki Wigilijne. Ofiary sk\u0142adane s\u0105 cz\u0119\u015bci\u0105 wynagrodzenia Pana Organisty i Ko\u015bcielnego.<\/li>\n<li>Za tydzie\u0144 III niedziela miesi\u0105ca. W naszej parafii sk\u0142adka na inwestycje. <\/li>\n<li>Sk\u0142adam serdeczne B&oacute;g zap\u0142a\u0107 dla os&oacute;b sprz\u0105taj\u0105cych i stroj\u0105cych ko\u015bci&oacute;\u0142 oraz za wszystkie ofiary sk\u0142adane na potrzeby parafii, w tym ofiary na utrzymanie pracownik&oacute;w ko\u015bcielnych i ogrzewanie ko\u015bcio\u0142a. <\/li>\n<\/ol>\n<h3 style=\"text-align: center;\"><strong><span style=\"color: rgb(0, 0, 128);\">Intencje mszalne<\/span><\/strong><\/h3>\n<h4 style=\"text-align: center;\"><strong><span style=\"color: rgb(0, 0, 128);\">od 11 grudnia 2023 do 17 grudnia 2023<\/span><\/strong><\/h4>\n<h4>&nbsp;<\/h4>\n<h4><strong>Gdyby zbyt d\u0142ugi czas nie by\u0142a og\u0142oszona zam&oacute;wiona intencja mszalna &ndash; prosimy o zg\u0142oszenie tego kap\u0142anowi.&nbsp; Zam&oacute;wiona intencja nie mo\u017ce zgin\u0105\u0107.<br \/>\n\t<\/strong><\/h4>\n<p><u><strong>Poniedzia\u0142ek &#8211; 11 grudzie\u0144<br \/>\n\t<\/strong><\/u>1. + Maria Bosak (greg.) <br \/>\n\t2. + Julia Syka\u0142a, Stanis\u0142awa i W\u0142adys\u0142aw Pi\u0105tek oraz zmarli Rodzice <br \/>\n\t3. + Zofia Wikiera w 3 rocz. \u015bm. &ndash; od m\u0119\u017ca i dzieci <\/p>\n<p><u><strong>Wtorek &#8211; 12 grudzie\u0144<br \/>\n\t<\/strong><\/u>1. + Maria Bosak (greg.) <br \/>\n\t2. + Teresa Baran &ndash; od chrze\u015bniaka Stanis\u0142awa z rodzin\u0105 <br \/>\n\t3. + Micha\u0142 Wikiera, Wojciech, Antonina &ndash; od Marii Wikiera<\/p>\n<p><u><strong>\u015aroda &#8211; 13 grudzie\u0144<br \/>\n\t<\/strong><\/u>1. + Maria Bosak (greg.)<br \/>\n\t2. + J&oacute;zefa S\u0142ysz &ndash; z R&oacute;\u017cy Matki Bo\u017cej Szkaplerznej<br \/>\n\t3. + Stanis\u0142aw, Magdalena, Arkadiusz Sanok <\/p>\n<p><u><strong>Czwartek &#8211; 14 grudzie\u0144<\/strong><\/u><br \/>\n\t1. + Maria Bosak (greg.) <br \/>\n\t2. Za zmar\u0142ych z rodziny Kr&oacute;l&oacute;w z Jaros\u0142awia <br \/>\n\t3. + Katarzyna, Antoni Kurek oraz zmarli Rodzice<\/p>\n<p>\t<u><strong>Pi\u0105tek &#8211; 15 grudzie\u0144<br \/>\n\t<\/strong><\/u>1. + Maria Bosak (greg.)<br \/>\n\t2. + Teresa Baran &ndash; od Agnieszki z c&oacute;rkami<br \/>\n\t3. + Andrzej Pietrzycki &ndash; od siostry Bronis\u0142awy <\/p>\n<p><u><strong>Sobota &#8211; 16 grudzie\u0144<br \/>\n\t<\/strong><\/u>1. + Maria Bosak (greg.) <br \/>\n\t2. + J&oacute;zefa S\u0142ysz &ndash; od wnuka Paw\u0142a Lorenca z rodzin\u0105<br \/>\n\t3. + Zofia, Jan Niemiec; Weronika, Tadeusz Poli\u0144scy &ndash; od Marii Wikiera<\/p>\n<p><u><strong>Niedziela &#8211; 17 grudzie\u0144<br \/>\n\t<\/strong><\/u>06.30 + Teresa Baran, Stanis\u0142awa Marek &ndash; od s\u0105siad&oacute;w C. M. Kojder <br \/>\n\t08.00 + Jan, Katarzyna, Maria, J&oacute;zef Bielecki <br \/>\n\t08.00 + Franciszek Bartnik &ndash; z R&oacute;\u017cy \u015aw. Stanis\u0142awa Bpa<br \/>\n\t10.30 Za parafian <br \/>\n\t15.00 + Maria Bosak (greg.)<\/p>\n<h3 style=\"text-align: center;\"><strong><span style=\"color: rgb(0, 0, 128);\">Modlitw\u0119 r&oacute;\u017ca\u0144cow\u0105 prowadz\u0105<\/span><\/strong><\/h3>\n<p>11. Pn. R&oacute;\u017ca \u015aw. Marii Goretti &ndash; (El\u017cbieta Kukulska) <br \/>\n\t12. Wt. R&oacute;\u017ca \u015aw. Marty &ndash; (Czes\u0142awa Por\u0119bna)<br \/>\n\t13. \u015ar. R&oacute;\u017ca \u015aw. Jadwigi \u015al\u0105skiej &ndash; (Edyta Wal)<br \/>\n\t14. Cz. Akcja Katolicka<br \/>\n\t15. Pt. KSM<br \/>\n\t16. Sb. R&oacute;\u017ca Matki Bo\u017cej Bolesnej &ndash; (Krystyna Szostek)<br \/>\n\t17. Nd. R&oacute;\u017ca Matki Bo\u017cej R&oacute;\u017ca\u0144cowej &#8211; (Zofia \u015awizdor) <\/p>\n<h3 style=\"text-align: center;\"><strong><span style=\"color: rgb(0, 0, 128);\">Propozycja intencji do przekazania do odprawienia <br \/>\n\t<\/span><\/strong><strong><span style=\"color: rgb(0, 0, 128);\">w Wy\u017cszym Seminarium Duchownym w Przemy\u015blu<br \/>\n\t<\/span><\/strong><\/h3>\n<p>01.&nbsp;&nbsp; &nbsp; + J&oacute;zef Mazur &ndash; od W&oacute;jta i Rady Gminy Bia\u0142obrzegi<br \/>\n\t02.&nbsp;&nbsp; &nbsp; + J&oacute;zef Mazur &ndash; od Tadeusza Dziura z rodzin\u0105<br \/>\n\t03.&nbsp;&nbsp; &nbsp; + J&oacute;zef Mazur &ndash; od przyjaci&oacute;\u0142 z Grupy: B&oacute;g, Honor, Ojczyzna<br \/>\n\t04.&nbsp;&nbsp; &nbsp; + J&oacute;zef Mazur &ndash; od przyjaci&oacute;\u0142 z Grupy: B&oacute;g, Honor, Ojczyzna<br \/>\n\t05.&nbsp;&nbsp; &nbsp; + J&oacute;zef Mazur &ndash; od przyjaci&oacute;\u0142 z Grupy: B&oacute;g, Honor, Ojczyzna<br \/>\n\t06.&nbsp;&nbsp; &nbsp; + J&oacute;zef Mazur &ndash; od przyjaci&oacute;\u0142 z Grupy: B&oacute;g, Honor, Ojczyzna<br \/>\n\t07.&nbsp;&nbsp; &nbsp; + B\u0142a\u017cej Kurek &ndash; od rodziny Paluch&oacute;w z Rog&oacute;\u017cna<br \/>\n\t08.&nbsp;&nbsp; &nbsp; + Andrzej Pietrzycki &ndash; od Personelu Kliniki Dermatologii Uniwersyteckiego Szpitala w Rzeszowie<br \/>\n\t09.&nbsp;&nbsp; &nbsp; + Andrzej Pietrzycki &ndash; od Personelu Kliniki Dermatologii Uniwersyteckiego Szpitala w Rzeszowie<br \/>\n\t10.&nbsp;&nbsp; &nbsp; + Andrzej Pietrzycki &ndash; od Personelu Kliniki Dermatologii Uniwersyteckiego Szpitala w Rzeszowie<br \/>\n\t11.&nbsp;&nbsp; &nbsp; + Andrzej Pietrzycki &ndash; od Jolanty i Bogus\u0142awa<br \/>\n\t12.&nbsp;&nbsp; &nbsp; + Andrzej Pietrzycki &ndash; od Iwony Baran<br \/>\n\t13.&nbsp;&nbsp; &nbsp; + Andrzej Pietrzycki &ndash; od kol. kierowc&oacute;w z PKS-u; Rejon Strzy\u017c&oacute;w<br \/>\n\t14.&nbsp;&nbsp; &nbsp; + Andrzej Pietrzycki &ndash; od kol. kierowc&oacute;w z PKS-u; Rejon Strzy\u017c&oacute;w<br \/>\n\t15.&nbsp;&nbsp; &nbsp; + Genowefa Salwach &ndash; od pracownik&oacute;w i uczestnik&oacute;w O\u015brodka Wsparcia w Korniaktowie Po\u0142udniowym<br \/>\n\t16.&nbsp;&nbsp; &nbsp; + Genowefa Salwach &ndash; od Zarz\u0105du i Prac. Firmy BUDMAR \u0141a\u0144cut<br \/>\n\t17.&nbsp;&nbsp; &nbsp; + Genowefa Salwach &ndash; od kol. i kol. z Piekarni w Bia\u0142obrzegach<br \/>\n\t18.&nbsp;&nbsp; &nbsp; + J&oacute;zef Czupich &ndash; od s\u0105siadki Krystyny Cebulak<br \/>\n\t19.&nbsp;&nbsp; &nbsp; + J&oacute;zef Czupich &ndash; od siostrzenicy Katarzyny z rodzin\u0105<br \/>\n\t20.&nbsp;&nbsp; &nbsp; + J&oacute;zef Czupich &ndash; od siostrzenicy Marii z rodzin\u0105<br \/>\n\t21.&nbsp;&nbsp; &nbsp; + J&oacute;zef Czupich &ndash; od siostrzenicy Anny<br \/>\n\t22.&nbsp;&nbsp; &nbsp; + J&oacute;zef Czupich &ndash; od rodziny Czerwonk&oacute;w<br \/>\n\t&nbsp;<\/p>\n<p>&nbsp;<\/p>\n","protected":false},"excerpt":{"rendered":"<p>II Niedziela Adwentu &#8211; 10-12-2023 Og\u0142oszenia Dzi\u015b o godz. 15.00 Nabo\u017ce\u0144stwo R&oacute;\u017ca\u0144cowe, a po Nim Msza \u015bw. W tym tygodniu w Liturgii Ko\u015bcio\u0142a wspominamy: w \u015brod\u0119 &ndash; wspomnienie \u015bw. \u0141ucji; &hellip; <a href=\"https:\/\/budy.przemyska.pl\/index.php\/2023\/12\/09\/ogloszenia-parafialne-10-grudzien-2023\/\" class=\"more-link\">Czytaj dalej <span class=\"screen-reader-text\">Og\u0142oszenia parafialne 10 grudzie\u0144 2023<\/span> <span class=\"meta-nav\">&rarr;<\/span><\/a><\/p>\n","protected":false},"author":1,"featured_media":0,"comment_status":"closed","ping_status":"closed","sticky":false,"template":"","format":"standard","meta":{"footnotes":""},"categories":[6,4],"tags":[],"class_list":["post-3728","post","type-post","status-publish","format-standard","hentry","category-aktualnosci","category-ogloszenia"],"_links":{"self":[{"href":"https:\/\/budy.przemyska.pl\/index.php\/wp-json\/wp\/v2\/posts\/3728","targetHints":{"allow":["GET"]}}],"collection":[{"href":"https:\/\/budy.przemyska.pl\/index.php\/wp-json\/wp\/v2\/posts"}],"about":[{"href":"https:\/\/budy.przemyska.pl\/index.php\/wp-json\/wp\/v2\/types\/post"}],"author":[{"embeddable":true,"href":"https:\/\/budy.przemyska.pl\/index.php\/wp-json\/wp\/v2\/users\/1"}],"replies":[{"embeddable":true,"href":"https:\/\/budy.przemyska.pl\/index.php\/wp-json\/wp\/v2\/comments?post=3728"}],"version-history":[{"count":0,"href":"https:\/\/budy.przemyska.pl\/index.php\/wp-json\/wp\/v2\/posts\/3728\/revisions"}],"wp:attachment":[{"href":"https:\/\/budy.przemyska.pl\/index.php\/wp-json\/wp\/v2\/media?parent=3728"}],"wp:term":[{"taxonomy":"category","embeddable":true,"href":"https:\/\/budy.przemyska.pl\/index.php\/wp-json\/wp\/v2\/categories?post=3728"},{"taxonomy":"post_tag","embeddable":true,"href":"https:\/\/budy.przemyska.pl\/index.php\/wp-json\/wp\/v2\/tags?post=3728"}],"curies":[{"name":"wp","href":"https:\/\/api.w.org\/{rel}","templated":true}]}}