{"id":3726,"date":"2023-12-03T16:00:38","date_gmt":"2023-12-03T15:00:38","guid":{"rendered":"http:\/\/www.budylancuckie.przemyska.pl\/?p=3726"},"modified":"2023-12-03T16:00:38","modified_gmt":"2023-12-03T15:00:38","slug":"ogloszenia-parafialne-3-grudzien-2023","status":"publish","type":"post","link":"https:\/\/budy.przemyska.pl\/index.php\/2023\/12\/03\/ogloszenia-parafialne-3-grudzien-2023\/","title":{"rendered":"Og\u0142oszenia parafialne 3 grudzie\u0144 2023"},"content":{"rendered":"<h2 style=\"text-align: center;\"><strong><span style=\"color: rgb(0, 0, 128);\">I Niedziela Adwentu &#8211; 03-12-2023<\/span><\/strong><\/h2>\n<h2 style=\"text-align: center;\"><strong><span style=\"color: rgb(0, 0, 128);\">Og\u0142oszenia<br \/>\n\t<\/span><\/strong><\/h2>\n<ol>\n<li>Dzi\u015b o godz. 15.00 Litania do Naj\u015bwi\u0119tszego Serca Pana Jezusa, a po Niej Msza \u015bw. <\/li>\n<li>W tym tygodniu w Liturgii Ko\u015bcio\u0142a wspominamy: w czwartek &ndash; wspomnienie \u015bw. Ambro\u017cego; w pi\u0105tek &ndash; Uroczysto\u015b\u0107 Niepokalanego Pocz\u0119cia NMP<\/li>\n<li>W tym tygodniu wypada I czwartek miesi\u0105ca. W tym dniu wystawienie Naj\u015bwi\u0119tszego Sakramentu od godz. 16.00. W spos&oacute;b szczeg&oacute;lny modlimy si\u0119 o \u0142ask\u0119 powo\u0142a\u0144 i za powo\u0142anych do S\u0142u\u017cby Bo\u017cej.<\/li>\n<li>Dzisiejsz\u0105 Niedziel\u0105 rozpoczynamy tegoroczny obch&oacute;d Adwentu. Codzienna Msza \u015bw. Roratnia o godz. 17.00. Zapraszamy do uczestnictwa wszystkich parafian, a zw\u0142aszcza dzieci z lampionami. Na pocz\u0105tku Mszy \u015bw. dzieci zgromadz\u0105 si\u0119 pod ch&oacute;rem i we wsp&oacute;lnej procesji wraz z asyst\u0105 liturgiczn\u0105 podejd\u0105 do o\u0142tarza.<br \/>\n\t\tPo III Niedzieli Adwentu Msza \u015bw. Roratnia b\u0119dzie odprawiana o godz. 06.00 rano.<\/li>\n<li>Na stoliku z gazetami s\u0105 r&oacute;wnie\u017c \u015bwiece wigilijne, rozprowadzane przez Caritas, w cenie 10 z\u0142. <\/li>\n<li>W kaplicy \u015bw. Maksymiliana mo\u017cna naby\u0107 op\u0142atki Wigilijne. Ofiary sk\u0142adane przy tej okazji s\u0105 cz\u0119\u015bci\u0105 wynagrodzenia Pana Organisty i Ko\u015bcielnego. <\/li>\n<li>Sk\u0142adam serdeczne B&oacute;g zap\u0142a\u0107 dla os&oacute;b sprz\u0105taj\u0105cych i stroj\u0105cych ko\u015bci&oacute;\u0142 oraz za wszystkie ofiary sk\u0142adane na potrzeby parafii, w tym ofiary na utrzymanie pracownik&oacute;w ko\u015bcielnych i ogrzewanie ko\u015bcio\u0142a. <\/li>\n<\/ol>\n<h3 style=\"text-align: center;\"><strong><span style=\"color: rgb(0, 0, 128);\">Intencje mszalne<\/span><\/strong><\/h3>\n<h4 style=\"text-align: center;\"><strong><span style=\"color: rgb(0, 0, 128);\">od 4 grudnia 2023 do 10 grudnia 2023<\/span><\/strong><\/h4>\n<h4>&nbsp;<\/h4>\n<h4><strong>Gdyby zbyt d\u0142ugi czas nie by\u0142a og\u0142oszona zam&oacute;wiona intencja mszalna &ndash; prosimy o zg\u0142oszenie tego kap\u0142anowi.&nbsp; Zam&oacute;wiona intencja nie mo\u017ce zgin\u0105\u0107.<br \/>\n\t<\/strong><\/h4>\n<p><u><strong>Poniedzia\u0142ek &#8211; 4 grudzie\u0144<br \/>\n\t<\/strong><\/u>1. + Maria Bosak (greg.) <br \/>\n\t2. + Teresa Baran &ndash; od bratowej Marii z rodzin\u0105 <br \/>\n\t3. + Stanis\u0142aw, J&oacute;zef, Karolina Bosak<\/p>\n<p><u><strong>Wtorek &#8211; 5 grudzie\u0144<br \/>\n\t<\/strong><\/u>1. + Maria Bosak (greg.) <br \/>\n\t2. + Stefan Bartnik &ndash; od \u017cony <br \/>\n\t3. + Andrzej Pietrzycki &ndash; od \u017cony<\/p>\n<p><u><strong>\u015aroda &#8211; 6 grudzie\u0144<br \/>\n\t<\/strong><\/u>1. + Maria Bosak (greg.)<br \/>\n\t2. + Krystyna, Agata, Zbigniew Kie\u0142b<br \/>\n\t3. + S\u0142awomir Kr&oacute;l &ndash; od Mamy<\/p>\n<p><u><strong>Czwartek &#8211; 7 grudzie\u0144<\/strong><\/u><br \/>\n\t1. + Maria Bosak (greg.) <br \/>\n\t2. + Teresa Baran &ndash; od Heleny Golak z rodzin\u0105<br \/>\n\t3. + J&oacute;zef Cebulak i El\u017cbieta Kukulska<\/p>\n<p>\t<u><strong>Pi\u0105tek &#8211; 8 grudzie\u0144<br \/>\n\t<\/strong><\/u>06.30 + Maria Bosak (greg.)<br \/>\n\t06.30 + Zofia, Stanis\u0142aw Skiba<br \/>\n\t08.00 + Maria i Stanis\u0142aw Miara<br \/>\n\t17.00 + Andrzej Pietrzycki &ndash; od Anny i Kamila <\/p>\n<p><u><strong>Sobota &#8211; 9 grudzie\u0144<br \/>\n\t<\/strong><\/u>1. + Maria Bosak (greg.) <br \/>\n\t2. + Stanis\u0142aw, Zofia Bartnik<br \/>\n\t3. + Jakub, Emilia Rupar <\/p>\n<p><u><strong>Niedziela &#8211; 10 grudzie\u0144<br \/>\n\t<\/strong><\/u>06.30 + Maria i Stanis\u0142aw Miara i ich dzieci <br \/>\n\t08.00 + Zofia, Franciszek Bartnik oraz + Maria, Stefan Mach<br \/>\n\t08.00 + Syka\u0142a Julia, Stanis\u0142awa i W\u0142adys\u0142aw Pi\u0105tek<br \/>\n\t10.30 Za parafian <br \/>\n\t15.00 + Maria Bosak (greg.)<\/p>\n<h3 style=\"text-align: center;\"><strong><span style=\"color: rgb(0, 0, 128);\">Modlitw\u0119 r&oacute;\u017ca\u0144cow\u0105 prowadz\u0105<\/span><\/strong><\/h3>\n<p>04. Pn. R&oacute;\u017ca \u015aw. Heleny &ndash; (Helena Dyrda) <br \/>\n\t05. Wt. R&oacute;\u017ca \u015aw. Katarzyny &ndash; (Anna Kurek)<br \/>\n\t06. \u015ar. R&oacute;\u017ca \u015aw. Klary &ndash; (Teresa G\u0142owiak)<br \/>\n\t07. Cz. Dzie\u0142o Pomocy Powo\u0142aniom &ndash; (Anna Szular)<br \/>\n\t08. Pt. KSM<br \/>\n\t09. Sb. R&oacute;\u017ca \u015aw. Kingi &ndash; (El\u017cbieta Wacnik)<br \/>\n\t10. Nd. R&oacute;\u017ca \u015aw. Marii Magdaleny &#8211; (Janina Rachwa\u0142) <\/p>\n","protected":false},"excerpt":{"rendered":"<p>I Niedziela Adwentu &#8211; 03-12-2023 Og\u0142oszenia Dzi\u015b o godz. 15.00 Litania do Naj\u015bwi\u0119tszego Serca Pana Jezusa, a po Niej Msza \u015bw. W tym tygodniu w Liturgii Ko\u015bcio\u0142a wspominamy: w czwartek &hellip; <a href=\"https:\/\/budy.przemyska.pl\/index.php\/2023\/12\/03\/ogloszenia-parafialne-3-grudzien-2023\/\" class=\"more-link\">Czytaj dalej <span class=\"screen-reader-text\">Og\u0142oszenia parafialne 3 grudzie\u0144 2023<\/span> <span class=\"meta-nav\">&rarr;<\/span><\/a><\/p>\n","protected":false},"author":1,"featured_media":0,"comment_status":"closed","ping_status":"closed","sticky":false,"template":"","format":"standard","meta":{"footnotes":""},"categories":[6,4],"tags":[],"class_list":["post-3726","post","type-post","status-publish","format-standard","hentry","category-aktualnosci","category-ogloszenia"],"_links":{"self":[{"href":"https:\/\/budy.przemyska.pl\/index.php\/wp-json\/wp\/v2\/posts\/3726","targetHints":{"allow":["GET"]}}],"collection":[{"href":"https:\/\/budy.przemyska.pl\/index.php\/wp-json\/wp\/v2\/posts"}],"about":[{"href":"https:\/\/budy.przemyska.pl\/index.php\/wp-json\/wp\/v2\/types\/post"}],"author":[{"embeddable":true,"href":"https:\/\/budy.przemyska.pl\/index.php\/wp-json\/wp\/v2\/users\/1"}],"replies":[{"embeddable":true,"href":"https:\/\/budy.przemyska.pl\/index.php\/wp-json\/wp\/v2\/comments?post=3726"}],"version-history":[{"count":0,"href":"https:\/\/budy.przemyska.pl\/index.php\/wp-json\/wp\/v2\/posts\/3726\/revisions"}],"wp:attachment":[{"href":"https:\/\/budy.przemyska.pl\/index.php\/wp-json\/wp\/v2\/media?parent=3726"}],"wp:term":[{"taxonomy":"category","embeddable":true,"href":"https:\/\/budy.przemyska.pl\/index.php\/wp-json\/wp\/v2\/categories?post=3726"},{"taxonomy":"post_tag","embeddable":true,"href":"https:\/\/budy.przemyska.pl\/index.php\/wp-json\/wp\/v2\/tags?post=3726"}],"curies":[{"name":"wp","href":"https:\/\/api.w.org\/{rel}","templated":true}]}}