{"id":3723,"date":"2023-11-26T19:39:43","date_gmt":"2023-11-26T18:39:43","guid":{"rendered":"http:\/\/www.budylancuckie.przemyska.pl\/?p=3723"},"modified":"2023-11-26T19:39:43","modified_gmt":"2023-11-26T18:39:43","slug":"ogloszenia-parafialne-26-listopad-2023","status":"publish","type":"post","link":"https:\/\/budy.przemyska.pl\/index.php\/2023\/11\/26\/ogloszenia-parafialne-26-listopad-2023\/","title":{"rendered":"Og\u0142oszenia parafialne 26 listopad 2023"},"content":{"rendered":"<h2 style=\"text-align: center;\"><strong><span style=\"color: rgb(0, 0, 128);\">Uroczysto\u015b\u0107 Chrystusa Kr&oacute;la &#8211; 26-11-2023<\/span><\/strong><\/h2>\n<h2 style=\"text-align: center;\"><strong><span style=\"color: rgb(0, 0, 128);\">Og\u0142oszenia<br \/>\n\t<\/span><\/strong><\/h2>\n<ol>\n<li>Dzi\u015b o godz. 15.00 Litania do Naj\u015bwi\u0119tszego Serca Pana Jezusa, a po Niej Msza \u015bw. <\/li>\n<li>W tym tygodniu w Liturgii Ko\u015bcio\u0142a wspominamy: w czwartek &ndash; \u015awi\u0119to \u015aw. Andrzeja Aposto\u0142a.<\/li>\n<li>W tym tygodniu wypada I pi\u0105tek i I sobota miesi\u0105ca.<\/li>\n<li>W I pi\u0105tek czcimy Naj\u015bwi\u0119tsze Serce Pana Jezusa. Msza \u015bw. rano o godz. 06.45, a po niej odwiedziny chorych z Komuni\u0105 \u015bw. Wieczorem Msza \u015bw. o godz. 17.00, a po Niej Nabo\u017ce\u0144stwo pierwszopi\u0105tkowe.<\/li>\n<li>W I sobot\u0119 czcimy Niepokalane Serce NMP. Msza \u015bw. o godz. 17.00, po Niej Nabo\u017ce\u0144stwo R&oacute;\u017ca\u0144cowe, procesja z figur\u0105 Matki Bo\u017cej Fatimskiej i zmiana tajemnic r&oacute;\u017ca\u0144cowych. <br \/>\n\t\tW tym te\u017c dniu dzieci z klas III przygotowuj\u0105ce si\u0119 do I Komunii \u015bw. otrzymaj\u0105 po\u015bwi\u0119cone medaliki.<\/li>\n<li>Za tydzie\u0144 ju\u017c I Niedziela Adwentu. W Ko\u015bciele rozpoczynamy nowy Rok Liturgiczny. <\/li>\n<li>Serdeczne B&oacute;g zap\u0142a\u0107 dla os&oacute;b sprz\u0105taj\u0105cych i stroj\u0105cych ko\u015bci&oacute;\u0142 oraz za wszystkie ofiary sk\u0142adane na potrzeby parafii.<\/li>\n<\/ol>\n<h3 style=\"text-align: center;\"><strong><span style=\"color: rgb(0, 0, 128);\">Intencje mszalne<\/span><\/strong><\/h3>\n<h4 style=\"text-align: center;\"><strong><span style=\"color: rgb(0, 0, 128);\">od 27 listopada 2023 do 3 grudnia 2023<\/span><\/strong><\/h4>\n<h4>&nbsp;<\/h4>\n<h4><strong>Gdyby zbyt d\u0142ugi czas nie by\u0142a og\u0142oszona zam&oacute;wiona intencja mszalna &ndash; prosimy o zg\u0142oszenie tego kap\u0142anowi.&nbsp; Zam&oacute;wiona intencja nie mo\u017ce zgin\u0105\u0107.<br \/>\n\t<\/strong><\/h4>\n<p><u><strong>Poniedzia\u0142ek &#8211; 27 listopad<br \/>\n\t<\/strong><\/u>1. + W\u0142adys\u0142aw Gw&oacute;\u017ad\u017a (greg.) <br \/>\n\t2. + Franciszek Bartnik &ndash; od Zofii \u015awizdor <br \/>\n\t3. + Jan Walanus &ndash; 1 rocznica \u015bmierci<\/p>\n<p><u><strong>Wtorek &#8211; 28 listopad<br \/>\n\t<\/strong><\/u>1. + W\u0142adys\u0142aw Gw&oacute;\u017ad\u017a (greg.) <br \/>\n\t2. + Teresa Baran &ndash; od s\u0105siadki Krystyny i Ewy <br \/>\n\t3. + Janina Buszta i zmarli z rodziny<\/p>\n<p><u><strong>\u015aroda &#8211; 29 listopad<br \/>\n\t<\/strong><\/u>1. + W\u0142adys\u0142aw Gw&oacute;\u017ad\u017a (greg.)<br \/>\n\t2. + Teresa Baran &ndash; od s\u0105siad&oacute;w Mach i Rachwa\u0142<br \/>\n\t3. + Agata i Tomasz Kruk<\/p>\n<p><u><strong>Czwartek &#8211; 30 listopad<\/strong><\/u><br \/>\n\t1. + W\u0142adys\u0142aw Gw&oacute;\u017ad\u017a (zak. greg.) <br \/>\n\t2. + Renata Nowak i Jej zmarli rodzice: Zofia i Franciszek<br \/>\n\t3. + Cecylia, Franciszek Mazur<\/p>\n<p>\t<u><strong>Pi\u0105tek &#8211; 1 grudzie\u0144<br \/>\n\t<\/strong><\/u>06.45 + Maria Bosak (pocz. greg.) <br \/>\n\t17.00 + Franciszek Bartnik &ndash; od Jolanty i Kazimierza W\u0119grzyn z rodzin\u0105 <br \/>\n\t17.00 + Stanis\u0142aw, Franciszka Rupar<\/p>\n<p><u><strong>Sobota &#8211; 2 grudzie\u0144<br \/>\n\t<\/strong><\/u>1. + Maria Bosak (greg.) <br \/>\n\t2. + Teresa Baran &#8211; &#8211; od rodziny Kojdr&oacute;w <br \/>\n\t3. + Stanis\u0142aw i Anna Kruk<\/p>\n<p><u><strong>Niedziela &#8211; 3 grudzie\u0144<br \/>\n\t<\/strong><\/u>06.30 + Franciszek Bartnik &ndash; od rodziny Wal <br \/>\n\t08.00 + Helena Stafiej &ndash; rocznica \u015bmierci<br \/>\n\t08.00 + Marian Kr&oacute;l (1 r. \u015bm.) &ndash; od \u017cony<br \/>\n\t10.30 Za parafian <br \/>\n\t15.00 + Maria Bosak (greg.)<\/p>\n<h3 style=\"text-align: center;\"><strong><span style=\"color: rgb(0, 0, 128);\">Modlitw\u0119 r&oacute;\u017ca\u0144cow\u0105 prowadz\u0105<\/span><\/strong><\/h3>\n<p>27. Pn. R&oacute;\u017ca \u015aw. Cecylii &ndash; (Krystyna Markowicz) <br \/>\n\t28. Wt. R&oacute;\u017ca \u015aw. El\u017cbiety &ndash; (Alina Trojnar)<br \/>\n\t29. \u015ar. R&oacute;\u017ca \u015aw. Faustyny &ndash; (Eugenia \u015awizdor)<br \/>\n\t30. Cz. R&oacute;\u017ca \u015aw. Genowefy &ndash; (Genowefa Dr\u0105\u017cek)<br \/>\n\t01. Pt. KSM<br \/>\n\t02. Sb. Kap\u0142an<br \/>\n\t03. Nd. R&oacute;\u017ca \u015aw. Jadwigi Kr&oacute;lowej &#8211; (Halina Dyrda)<\/p>\n<h3 style=\"text-align: center;\"><strong><span style=\"color: rgb(0, 0, 128);\">Propozycja intencji do przekazania do odprawienia <br \/>\n\t<\/span><\/strong><strong><span style=\"color: rgb(0, 0, 128);\">w Wy\u017cszym Seminarium Duchownym w Przemy\u015blu<br \/>\n\t<\/span><\/strong><\/h3>\n<p>01.&nbsp;&nbsp;&nbsp; &nbsp;+ J&oacute;zef Mazur &ndash; od rodziny Benedyk&oacute;w <br \/>\n\t02.&nbsp;&nbsp;&nbsp; &nbsp;+ J&oacute;zef Mazur &ndash; od koleg&oacute;w z PKS-u<br \/>\n\t03.&nbsp;&nbsp;&nbsp; &nbsp;+ J&oacute;zef Mazur &ndash; od siostry Marii Opiela<br \/>\n\t04.&nbsp;&nbsp;&nbsp; &nbsp;+ J&oacute;zef Mazur &ndash; od Kamila i Kingi Opiela<br \/>\n\t05.&nbsp;&nbsp;&nbsp; &nbsp;+ J&oacute;zef Mazur &ndash; od Moniki Ros&oacute;\u0142 i Grzegorza Panek<br \/>\n\t06.&nbsp;&nbsp;&nbsp; &nbsp;+ Franciszek Bartnik &ndash; od Emilii i Roberta Bartnik z rodzin\u0105<br \/>\n\t07.&nbsp;&nbsp;&nbsp; &nbsp;+ Franciszek Bartnik &ndash; od Bogus\u0142awa z rodzin\u0105<br \/>\n\t08.&nbsp;&nbsp;&nbsp; &nbsp;+ Franciszek Bartnik &ndash; od Marty i Ryszarda Nawr&oacute;t z rodzin\u0105<br \/>\n\t09.&nbsp;&nbsp;&nbsp; &nbsp;+ Franciszek Bartnik &ndash; od Adama Sowa z rodzin\u0105<br \/>\n\t10.&nbsp;&nbsp;&nbsp; &nbsp;+ Teresa Baran &ndash; od kol. i kol. z pracy c&oacute;rki Janiny z Biura Gospodarki Mieniem Miasta Rzeszowa<br \/>\n\t11.&nbsp;&nbsp;&nbsp; &nbsp;+ Teresa Baran &ndash; od kol. i kol. z pracy c&oacute;rki Janiny z Biura Gospodarki Mieniem Miasta Rzeszowa<br \/>\n\t12.&nbsp;&nbsp;&nbsp; &nbsp;+ Teresa Baran &ndash; od kol. i kol. z pracy c&oacute;rki Janiny z Biura Gospodarki Mieniem Miasta Rzeszowa<br \/>\n\t13.&nbsp;&nbsp;&nbsp; &nbsp;+ Teresa Baran &ndash; od Haliny i Tadeusza Cebulak z rodzin\u0105<br \/>\n\t14.&nbsp;&nbsp;&nbsp; &nbsp;+ Teresa Baran &ndash; od rodziny Kurk&oacute;w<br \/>\n\t15.&nbsp;&nbsp;&nbsp; &nbsp;+ J&oacute;zefa S\u0142ysz &ndash; od Haliny Lorenc z rodzin\u0105<br \/>\n\t16.&nbsp;&nbsp;&nbsp; &nbsp;+ J&oacute;zefa S\u0142ysz &ndash; od rodziny Dyrd&oacute;w z \u0141\u0105ki<br \/>\n\t17.&nbsp;&nbsp;&nbsp; &nbsp;+ B\u0142a\u017cej Kurek &ndash; od Sekretarza Powiatu \u0141a\u0144. &ndash; Roberta Kochmana<br \/>\n\t18.&nbsp;&nbsp;&nbsp; &nbsp;+ B\u0142a\u017cej Kurek &ndash; od rodziny Wr&oacute;bel<br \/>\n\t19.&nbsp;&nbsp;&nbsp; &nbsp;+ Adam Por\u0119bny &ndash; od Bogdana<br \/>\n\t20.&nbsp;&nbsp;&nbsp; &nbsp;+ Andrzej Pietrzycki &ndash; od Renaty i Bogdana Bednarek z dzie\u0107mi<\/p>\n<p>&nbsp;<\/p>\n","protected":false},"excerpt":{"rendered":"<p>Uroczysto\u015b\u0107 Chrystusa Kr&oacute;la &#8211; 26-11-2023 Og\u0142oszenia Dzi\u015b o godz. 15.00 Litania do Naj\u015bwi\u0119tszego Serca Pana Jezusa, a po Niej Msza \u015bw. W tym tygodniu w Liturgii Ko\u015bcio\u0142a wspominamy: w czwartek &hellip; <a href=\"https:\/\/budy.przemyska.pl\/index.php\/2023\/11\/26\/ogloszenia-parafialne-26-listopad-2023\/\" class=\"more-link\">Czytaj dalej <span class=\"screen-reader-text\">Og\u0142oszenia parafialne 26 listopad 2023<\/span> <span class=\"meta-nav\">&rarr;<\/span><\/a><\/p>\n","protected":false},"author":1,"featured_media":0,"comment_status":"closed","ping_status":"closed","sticky":false,"template":"","format":"standard","meta":{"footnotes":""},"categories":[6,4],"tags":[],"class_list":["post-3723","post","type-post","status-publish","format-standard","hentry","category-aktualnosci","category-ogloszenia"],"_links":{"self":[{"href":"https:\/\/budy.przemyska.pl\/index.php\/wp-json\/wp\/v2\/posts\/3723","targetHints":{"allow":["GET"]}}],"collection":[{"href":"https:\/\/budy.przemyska.pl\/index.php\/wp-json\/wp\/v2\/posts"}],"about":[{"href":"https:\/\/budy.przemyska.pl\/index.php\/wp-json\/wp\/v2\/types\/post"}],"author":[{"embeddable":true,"href":"https:\/\/budy.przemyska.pl\/index.php\/wp-json\/wp\/v2\/users\/1"}],"replies":[{"embeddable":true,"href":"https:\/\/budy.przemyska.pl\/index.php\/wp-json\/wp\/v2\/comments?post=3723"}],"version-history":[{"count":0,"href":"https:\/\/budy.przemyska.pl\/index.php\/wp-json\/wp\/v2\/posts\/3723\/revisions"}],"wp:attachment":[{"href":"https:\/\/budy.przemyska.pl\/index.php\/wp-json\/wp\/v2\/media?parent=3723"}],"wp:term":[{"taxonomy":"category","embeddable":true,"href":"https:\/\/budy.przemyska.pl\/index.php\/wp-json\/wp\/v2\/categories?post=3723"},{"taxonomy":"post_tag","embeddable":true,"href":"https:\/\/budy.przemyska.pl\/index.php\/wp-json\/wp\/v2\/tags?post=3723"}],"curies":[{"name":"wp","href":"https:\/\/api.w.org\/{rel}","templated":true}]}}