{"id":3720,"date":"2023-11-18T14:33:43","date_gmt":"2023-11-18T13:33:43","guid":{"rendered":"http:\/\/www.budylancuckie.przemyska.pl\/?p=3720"},"modified":"2023-11-18T14:33:43","modified_gmt":"2023-11-18T13:33:43","slug":"ogloszenia-parafialne-19-listopad-2023","status":"publish","type":"post","link":"https:\/\/budy.przemyska.pl\/index.php\/2023\/11\/18\/ogloszenia-parafialne-19-listopad-2023\/","title":{"rendered":"Og\u0142oszenia parafialne 19 listopad 2023"},"content":{"rendered":"<h2 style=\"text-align: center;\"><strong><span style=\"color: rgb(0, 0, 128);\">XXXIII Niedziela Zwyk\u0142a &#8211; 19-11-2023<\/span><\/strong><\/h2>\n<h2 style=\"text-align: center;\"><strong><span style=\"color: rgb(0, 0, 128);\">Og\u0142oszenia<br \/>\n\t<\/span><\/strong><\/h2>\n<ol>\n<li>Dzi\u015b o godz. 15.00 Nab. do Bo\u017cego Mi\u0142osierdzia, a po Nim Msza \u015bw. <\/li>\n<li>W tym tygodniu w Liturgii Ko\u015bcio\u0142a wspominamy: w poniedzia\u0142ek &ndash; wspomnienie \u015bw. Rafa\u0142a Kalinowskiego; we wtorek &ndash; wspomnienie Ofiarowania NMP; w \u015brod\u0119 &ndash; wspomnienie \u015bw. Cecylii; w pi\u0105tek &ndash; wspomnienie \u015bw. Andrzeja Dung-Lac i Towarzyszy.<\/li>\n<li>W dzisiejsz\u0105 niedziel\u0119 rozpocz\u0119li\u015bmy nasze duchowe przygotowanie na dobre prze\u017cycie tego wielkiego wydarzenia, jakim b\u0119dzie Dzie\u0144 Nawiedzin Obrazu Serca Jezusowego naszej parafii. Przywitanie Obrazu b\u0119dzie mia\u0142 miejsce w \u015brod\u0119. Ju\u017c o godz. 17.45 zgromadzimy si\u0119 przed naszym ko\u015bcio\u0142em, aby oczekiwa\u0107 na przybycie Obrazu Pana Jezusa. Po uroczystym wprowadzeniu i przywitaniu przez przedstawicieli parafii, rozpocznie si\u0119 Msza \u015bw. pod przewodnictwem ks. Abp J&oacute;zefa Michalika. Przez ca\u0142\u0105 dob\u0119 b\u0119dzie Obraz obecny w naszym ko\u015bciele.<br \/>\n\t\tO godz. 23.00 planowana jest Msza \u015bw. odprawiana przez Ksi\u0119\u017cy Rodak&oacute;w i Kap\u0142an&oacute;w pracuj\u0105cych w naszej parafii, w intencji powo\u0142a\u0144 do S\u0142u\u017cby Bo\u017cej. Mo\u017cliwo\u015b\u0107 dalszej modlitwy przed wizerunkiem Naj\u015bwi\u0119tszego Serca Pana Jezusa b\u0119dzie od godz. 06.00 rano. Program czuwania przed Obrazem umieszczony jest w naszej gazetce i na stronie internetowej parafii. <br \/>\n\t\tO godz. 16.15 zostanie odprawiona Msza \u015bw. na zako\u0144czenie peregrynacji w naszej parafii i przekazanie Obrazu do \u015awi\u0119toniowej.<br \/>\n\t\tBardzo serdecznie zapraszam Wszystkich Parafian do udzia\u0142u w tych wielkich religijnych uroczysto\u015bciach. Prosz\u0119 o przystrojenie naszych dom&oacute;w, wystawienie w naszych oknach religijnych obraz&oacute;w, przystrojenie drogi przejazdu Obrazu, aby\u015bmy r&oacute;wnie\u017c na zewn\u0105trz okazali nasz\u0105 mi\u0142o\u015b\u0107 do Jezusowego Serca.<\/li>\n<li>Planowana jest r&oacute;wnie\u017c peregrynacja obrazu Serca Jezusowego w naszych rodzinach. Jednak\u017ce rozpoczniemy j\u0105 w Nowym Roku, po zako\u0144czeniu wizyty duszpasterskiej.<\/li>\n<li>W zwi\u0105zku z naszymi parafialnymi Uroczysto\u015bciami, sprz\u0105tanie ko\u015bcio\u0142a zaplanowane jest na wtorek po wieczornej Mszy \u015bw. i nauce rekolekcyjnej dla m\u0142odzie\u017cy. Prosz\u0119 r&oacute;wnie\u017c o posprz\u0105tanie w sobot\u0119. <\/li>\n<li>W sobot\u0119 (25 listopada) planowana jest Pielgrzymka Akcji Katolickiej i KSM-u do Archikatedry w Przemy\u015blu z racji ich Patronalnego \u015bwi\u0119ta. <\/li>\n<li>Serdeczne B&oacute;g zap\u0142a\u0107 dla os&oacute;b sprz\u0105taj\u0105cych i stroj\u0105cych ko\u015bci&oacute;\u0142 oraz za wszystkie ofiary sk\u0142adane na potrzeby parafii.<\/li>\n<\/ol>\n<h3 style=\"text-align: center;\"><strong><span style=\"color: rgb(0, 0, 128);\">Intencje mszalne<\/span><\/strong><\/h3>\n<h4 style=\"text-align: center;\"><strong><span style=\"color: rgb(0, 0, 128);\">od 20 listopada 2023 do 26 listopada 2023<\/span><\/strong><\/h4>\n<h4>&nbsp;<\/h4>\n<h4><strong>Gdyby zbyt d\u0142ugi czas nie by\u0142a og\u0142oszona zam&oacute;wiona intencja mszalna &ndash; prosimy o zg\u0142oszenie tego kap\u0142anowi.&nbsp; Zam&oacute;wiona intencja nie mo\u017ce zgin\u0105\u0107.<br \/>\n\t<\/strong><\/h4>\n<p><u><strong>Poniedzia\u0142ek &#8211; 20 listopad<br \/>\n\t<\/strong><\/u>08.00 + W\u0142adys\u0142aw Gw&oacute;\u017ad\u017a (greg.) <br \/>\n\t08.00 + Franciszek Bartnik&ndash; od Anny i Adama Bartnik z rodz. <br \/>\n\t17.00 + Teresa Pelc &ndash; od chrze\u015bnicy Zofii<\/p>\n<p><u><strong>Wtorek &#8211; 21 listopad<br \/>\n\t<\/strong><\/u>10.00 + W\u0142adys\u0142aw Gw&oacute;\u017ad\u017a (greg.) <br \/>\n\t10.00 + Stanis\u0142aw, Maria, Roman Por\u0119bny oraz zmarli Rodzice i Rodze\u0144stwo <br \/>\n\t17.00 + Weronika, Jakub oraz W\u0142adys\u0142aw, Leokadia Obara &ndash; od Jana Obara z Tarnobrzega <\/p>\n<p><u><strong>\u015aroda &#8211; 22 listopad<br \/>\n\t<\/strong><\/u>18.00 + W\u0142adys\u0142aw Gw&oacute;\u017ad\u017a (greg.) <br \/>\n\t18.00 + Stanis\u0142awa, Franciszek \u015awizdor oraz zmarli Rodzice i Dzieci <br \/>\n\t18.00 + Franciszek, Maria Cebulak; Stanis\u0142aw oraz siostra Czes\u0142awa <\/p>\n<p><u><strong>Czwartek &#8211; 23 listopad<\/strong><\/u><br \/>\n\t08.15 + W\u0142adys\u0142aw Gw&oacute;\u017ad\u017a (greg.) <br \/>\n\t10.00 + Bronis\u0142awa Szybist &ndash; od rodziny Kwolk&oacute;w <br \/>\n\t16.15 + Teresa i Stanis\u0142aw Baran<\/p>\n<p>\t<u><strong>Pi\u0105tek &#8211; 24 listopad<br \/>\n\t<\/strong><\/u>1. + W\u0142adys\u0142aw Gw&oacute;\u017ad\u017a (greg.) <br \/>\n\t2. + Teresa i W\u0142adys\u0142aw &ndash; od c&oacute;rki Urszuli i Piotra z rodzin\u0105 <br \/>\n\t3. + Jan Kojder &ndash; w rocznic\u0119 \u015bmierci<\/p>\n<p><u><strong>Sobota &#8211; 25 listopad<br \/>\n\t<\/strong><\/u>1. + W\u0142adys\u0142aw Gw&oacute;\u017ad\u017a (greg.) <br \/>\n\t2. + Andrzej, J&oacute;zef, Micha\u0142 Kie\u0142b <br \/>\n\t3. + Stanis\u0142awa i Bronis\u0142aw Marek &ndash; od rodziny Niemiec<\/p>\n<p><u><strong>Niedziela &#8211; 26 listopad<br \/>\n\t<\/strong><\/u>06.30 + J&oacute;zef, Stanis\u0142awa W\u0119grzyn oraz Bogus\u0142awa Krzan <br \/>\n\t08.00 + J&oacute;zefa S\u0142ysz &ndash; od kuzyn&oacute;w W\u0119grzyn&oacute;w <br \/>\n\t08.00 + Maria, Franciszek Machniak <br \/>\n\t10.30 Za parafian <br \/>\n\t15.00 + W\u0142adys\u0142aw Gw&oacute;\u017ad\u017a (greg.)<\/p>\n<h3 style=\"text-align: center;\"><strong><span style=\"color: rgb(0, 0, 128);\">Modlitw\u0119 r&oacute;\u017ca\u0144cow\u0105 prowadz\u0105<\/span><\/strong><\/h3>\n<p>20. Pn. R&oacute;\u017ca \u015aw. Andrzeja Aposto\u0142a &ndash; (J&oacute;zef M\u0105dry) <br \/>\n\t21. Wt. R&oacute;\u017ca \u015aw. Agaty &ndash; (Patrycja Por\u0119bna)<br \/>\n\t24. Pt. KSM<br \/>\n\t25. Sb. R&oacute;\u017ca \u015aw. Agnieszki &ndash; (Ma\u0142gorzata Markowicz)<br \/>\n\t26. Nd. R&oacute;\u017ca \u015aw. Zofii &#8211; (Zofia Kurek) <\/p>\n<h3 style=\"text-align: center;\"><strong><span style=\"color: rgb(0, 0, 128);\">PROGRAM REKOLEKCJI PARAFIALNYCH<br \/>\n\tZ RACJI NAWIEDZENIA OBRAZU SERCA JEZUSOWEGO<br \/>\n\tBUDY \u0141A\u0143CUCKIE 19-23 LISTOPAD 2023<br \/>\n\t<\/span><\/strong><\/h3>\n<p><strong>Niedziela &ndash; 19.11.<\/strong><br \/>\n\t06.30 &ndash; Msza \u015bw. z nauk\u0105 rekolekcyjn\u0105<br \/>\n\t08.00 &ndash; Msza \u015bw. z nauk\u0105 rekolekcyjn\u0105<br \/>\n\t10.30 &ndash; Msza \u015bw. z nauk\u0105 rekolekcyjn\u0105 <br \/>\n\t15.00 &ndash; Nabo\u017ce\u0144stwo Eucharystyczne<br \/>\n\t15.15 &ndash; Msza \u015bw. z nauk\u0105 rekolekcyjn\u0105<\/p>\n<p>\t<strong>Poniedzia\u0142ek &ndash; 20.11.<\/strong><br \/>\n\t08.00 &ndash; Msza \u015bw. z nauk\u0105 rekolekcyjn\u0105<br \/>\n\t\/Modlitwa za zmar\u0142ych i procesja na cmentarz\/<br \/>\n\t17.00 &ndash; Msza \u015bw. z nauk\u0105 rekolekcyjn\u0105<br \/>\n\t\/Nauka rekolekcyjna dla ma\u0142\u017conk&oacute;w i rodzic&oacute;w\/<\/p>\n<p>\t<strong>Wtorek &ndash; 21.11.<\/strong><br \/>\n\t10.00 &ndash; Msza \u015bw. z udzia\u0142em uczni&oacute;w Szk&oacute;\u0142 Podstawowych<br \/>\n\t14.00 &ndash; 17.00 Spowied\u017a \u015bw. rekolekcyjna (przerwa od 16.00 do 16.30)<br \/>\n\t17.00 &ndash; Msza \u015bw. z nauk\u0105 rekolekcyjn\u0105<br \/>\n\t&nbsp;\/Nauka rekolekcyjna dla m\u0142odzie\u017cy\/<\/p>\n<p>\t<strong>\u015aroda &ndash; 22.11. <\/strong><br \/>\n\t10.00 &ndash; Konferencja dla uczni&oacute;w Szk&oacute;\u0142 Podstawowych<br \/>\n\t18.00 &ndash; Uroczysta Msza \u015bw. na powitanie Obrazu Naj\u015bwi\u0119tszego Serca<br \/>\n\t&nbsp;Pana Jezusa w naszej parafii<br \/>\n\t23.00 &#8211; Msza \u015bw. o \u0142ask\u0119 powo\u0142a\u0144 do S\u0142u\u017cby Bo\u017cej<br \/>\n\t&nbsp;\/Odprawiaj\u0105 Ksi\u0119\u017ca Rodacy i Ksi\u0119\u017ca, kt&oacute;rzy pracowali w naszej parafii\/ <\/p>\n<p>\t<strong>Czwartek &ndash; 23.11. <\/strong><br \/>\n\t07.30 &#8211; Spowied\u017a \u015bw. dla os&oacute;b chorych i starszych<br \/>\n\t08.15 &ndash; Msza \u015bw. dla chorych z udzieleniem Sakramentu Namaszczenia<br \/>\n\t10.00 &ndash; Msza \u015bw. z udzia\u0142em uczni&oacute;w Szk&oacute;\u0142 Podstawowych<br \/>\n\t16.15 &ndash; Msza \u015bw. na zako\u0144czenie peregrynacji w parafii <\/p>\n<h3 style=\"text-align: center;\"><strong><span style=\"color: rgb(0, 0, 128);\">MODLITWA R&Oacute;\u017b R&Oacute;\u017bA\u0143COWYCH <br \/>\n\tW DNIACH PEREGRYNACJI OBRAZU NAJ\u015aWI\u0118TSZEGO SERCA JEZUSOWEGO 22-23 LISTOPAD 2023<br \/>\n\t<\/span><\/strong><\/h3>\n<p><strong>19.30 &ndash; 20.30<\/strong> &ndash; R&oacute;\u017ca \u015bw. Agaty, \u015bw. Stanis\u0142awa Biskupa i \u015bw. Tomasza Aposto\u0142a<br \/>\n\t<strong>20.30 &ndash; 21.30<\/strong> &ndash; R&oacute;\u017ca \u015bw. Heleny, \u015bw. Teresy od Dzieci\u0105tka Jezus i \u015bw. Cecylii <br \/>\n\t<strong>21.30 &ndash; 22.30<\/strong> &#8211; Dzie\u0142o Pomocy Powo\u0142aniom, Akcja Katolicka R&oacute;\u017ca \u015bw. Genowefy, KSM.<br \/>\n\t<strong>06.30 &ndash; 07.30<\/strong> &#8211; R&oacute;\u017ca \u015bw. Anny, \u015bw. Andrzeja Aposto\u0142a, \u015bw. El\u017cbiety, \u015bw. Zofii<br \/>\n\t<strong>11.00 &ndash; 12.00<\/strong> &ndash; R&oacute;\u017ca \u015bw. Faustyny, Matki Bo\u017cej Szkaplerznej i \u015bw. Jadwigi Kr&oacute;lowej<br \/>\n\t<strong>12.00 &ndash; 13.00<\/strong> &ndash; R&oacute;\u017ca \u015bw. Franciszka z Asy\u017cu, \u015bw. Jadwigi \u015al\u0105skiej, \u015bw. Katarzyny<br \/>\n\t<strong>13.00 &ndash; 14.00<\/strong> &ndash; R&oacute;\u017ca \u015bw. Kingi, \u015bw. Klary i \u015bw. Marii Ma\u0142gorzaty<br \/>\n\t<strong>14.00 &ndash; 15.00<\/strong> &ndash; R&oacute;\u017ca \u015bw. Marty, Matki Bo\u017cej Bolesnej i Matki Bo\u017cej R&oacute;\u017ca\u0144cowej<br \/>\n\t<strong>15.00 &ndash; 16.00<\/strong> &#8211; R&oacute;\u017ca \u015bw. Marii Goretti, i \u015bw. Marii Magdaleny, \u015bw. Agnieszki, \u015bw. Teresy Wielkiej<br \/>\n\t&nbsp;<\/p>\n","protected":false},"excerpt":{"rendered":"<p>XXXIII Niedziela Zwyk\u0142a &#8211; 19-11-2023 Og\u0142oszenia Dzi\u015b o godz. 15.00 Nab. do Bo\u017cego Mi\u0142osierdzia, a po Nim Msza \u015bw. W tym tygodniu w Liturgii Ko\u015bcio\u0142a wspominamy: w poniedzia\u0142ek &ndash; wspomnienie &hellip; <a href=\"https:\/\/budy.przemyska.pl\/index.php\/2023\/11\/18\/ogloszenia-parafialne-19-listopad-2023\/\" class=\"more-link\">Czytaj dalej <span class=\"screen-reader-text\">Og\u0142oszenia parafialne 19 listopad 2023<\/span> <span class=\"meta-nav\">&rarr;<\/span><\/a><\/p>\n","protected":false},"author":1,"featured_media":0,"comment_status":"closed","ping_status":"closed","sticky":false,"template":"","format":"standard","meta":{"footnotes":""},"categories":[6,4],"tags":[],"class_list":["post-3720","post","type-post","status-publish","format-standard","hentry","category-aktualnosci","category-ogloszenia"],"_links":{"self":[{"href":"https:\/\/budy.przemyska.pl\/index.php\/wp-json\/wp\/v2\/posts\/3720","targetHints":{"allow":["GET"]}}],"collection":[{"href":"https:\/\/budy.przemyska.pl\/index.php\/wp-json\/wp\/v2\/posts"}],"about":[{"href":"https:\/\/budy.przemyska.pl\/index.php\/wp-json\/wp\/v2\/types\/post"}],"author":[{"embeddable":true,"href":"https:\/\/budy.przemyska.pl\/index.php\/wp-json\/wp\/v2\/users\/1"}],"replies":[{"embeddable":true,"href":"https:\/\/budy.przemyska.pl\/index.php\/wp-json\/wp\/v2\/comments?post=3720"}],"version-history":[{"count":0,"href":"https:\/\/budy.przemyska.pl\/index.php\/wp-json\/wp\/v2\/posts\/3720\/revisions"}],"wp:attachment":[{"href":"https:\/\/budy.przemyska.pl\/index.php\/wp-json\/wp\/v2\/media?parent=3720"}],"wp:term":[{"taxonomy":"category","embeddable":true,"href":"https:\/\/budy.przemyska.pl\/index.php\/wp-json\/wp\/v2\/categories?post=3720"},{"taxonomy":"post_tag","embeddable":true,"href":"https:\/\/budy.przemyska.pl\/index.php\/wp-json\/wp\/v2\/tags?post=3720"}],"curies":[{"name":"wp","href":"https:\/\/api.w.org\/{rel}","templated":true}]}}