{"id":3718,"date":"2023-11-12T10:10:42","date_gmt":"2023-11-12T09:10:42","guid":{"rendered":"http:\/\/www.budylancuckie.przemyska.pl\/?p=3718"},"modified":"2023-11-12T10:10:42","modified_gmt":"2023-11-12T09:10:42","slug":"ogloszenia-parafialne-12-listopad-2023","status":"publish","type":"post","link":"https:\/\/budy.przemyska.pl\/index.php\/2023\/11\/12\/ogloszenia-parafialne-12-listopad-2023\/","title":{"rendered":"Og\u0142oszenia parafialne 12 listopad 2023"},"content":{"rendered":"<h2 style=\"text-align: center;\"><strong><span style=\"color: rgb(0, 0, 128);\">XXXII Niedziela Zwyk\u0142a &#8211; 12-11-2023<\/span><\/strong><\/h2>\n<h2 style=\"text-align: center;\"><strong><span style=\"color: rgb(0, 0, 128);\">Og\u0142oszenia<br \/>\n\t<\/span><\/strong><\/h2>\n<ol>\n<li>Dzi\u015b o godz. 15.00 Nabo\u017ce\u0144stwo do Bo\u017cego Mi\u0142osierdzia, a po Nim Msza \u015bw. <\/li>\n<li>W tym tygodniu w Liturgii Ko\u015bcio\u0142a wspominamy: w poniedzia\u0142ek &ndash; wspomnienie pierwszych Polskich M\u0119czennik&oacute;w; w pi\u0105tek &ndash; wspomnienie \u015bw. El\u017cbiety W\u0119gierskiej; w sobot\u0119 &ndash; wspomnienie b\u0142. Karoliny K&oacute;zk&oacute;wny.<\/li>\n<li>W czwartek Adoracja Naj\u015bwi\u0119tszego Sakramentu od godz.16.00. <br \/>\n\t\tPo Mszy \u015bw. spotkanie dla uczni&oacute;w klas VII i VIII w ramach przygotowania do Sakramentu Bierzmowania.<\/li>\n<li>Za tydzie\u0144 III niedziela miesi\u0105ca. W naszej parafii sk\u0142adka na inwestycje.<\/li>\n<li>W przysz\u0142\u0105 niedziel\u0119 rozpoczniemy nasze Parafialne Rekolekcje jako przygotowanie do Uroczysto\u015bci Nawiedzenia Obrazu Naj\u015bwi\u0119tszego Serca Jezusowego, kt&oacute;re rozpocznie si\u0119 22 listopada o godz. 18.00. Program Rekolekcji, jak i, Nawiedzenia zostanie przedstawiony w kolejnym wydaniu naszej parafialnej gazetki. Rekolekcje b\u0119dzie g\u0142osi\u0142 ks. Pra\u0142at Marian Hofman &ndash; proboszcz z \u017burawicy.<\/li>\n<li>Serdeczne B&oacute;g zap\u0142a\u0107 dla os&oacute;b sprz\u0105taj\u0105cych i stroj\u0105cych ko\u015bci&oacute;\u0142 oraz za wszystkie ofiary sk\u0142adane na potrzeby parafii.<\/li>\n<\/ol>\n<h3 style=\"text-align: center;\"><strong><span style=\"color: rgb(0, 0, 128);\">Intencje mszalne<\/span><\/strong><\/h3>\n<h4 style=\"text-align: center;\"><strong><span style=\"color: rgb(0, 0, 128);\">od 13 listopada 2023 do 19 listopada 2023<\/span><\/strong><\/h4>\n<h4>&nbsp;<\/h4>\n<h4><strong>Gdyby zbyt d\u0142ugi czas nie by\u0142a og\u0142oszona zam&oacute;wiona intencja mszalna &ndash; prosimy o zg\u0142oszenie tego kap\u0142anowi.&nbsp; Zam&oacute;wiona intencja nie mo\u017ce zgin\u0105\u0107.<br \/>\n\t<\/strong><\/h4>\n<p><u><strong>Poniedzia\u0142ek &#8211; 13 listopad<br \/>\n\t<\/strong><\/u>1. + W\u0142adys\u0142aw Gw&oacute;\u017ad\u017a (greg.) <br \/>\n\t2. + J&oacute;zefa S\u0142ysz &ndash; od brata Jana Szczupaka z rodzin\u0105 <br \/>\n\t3. Za zmar\u0142ych wspominanych w Wypominkach<\/p>\n<p><u><strong>Wtorek &#8211; 14 listopad<br \/>\n\t<\/strong><\/u>1. + W\u0142adys\u0142aw Gw&oacute;\u017ad\u017a (greg.) <br \/>\n\t2. + Janina, W\u0142adys\u0142aw Bia\u0142y &ndash; od wnuczki Barbary z rodzin\u0105 <br \/>\n\t3. + Teresa Baran &ndash; od mieszk. nr dom&oacute;w: 450; 458;462;463<\/p>\n<p><u><strong>\u015aroda &#8211; 15 listopad<br \/>\n\t<\/strong><\/u>1. + W\u0142adys\u0142aw Gw&oacute;\u017ad\u017a (greg.)<br \/>\n\t2. + Marian Kr&oacute;l &ndash; od Stanis\u0142awy i Agnieszki <br \/>\n\t3. Dzi\u0119kczynna za otrzymane \u0142aski; z pro\u015bb\u0105 o zdrowie i dalsz\u0105 Bo\u017c\u0105 opiek\u0119 dla Heleny w 80-t\u0105 rocznic\u0119 urodzin <\/p>\n<p><u><strong>Czwartek &#8211; 16 listopad<\/strong><\/u><br \/>\n\t1. + W\u0142adys\u0142aw Gw&oacute;\u017ad\u017a (greg.) <br \/>\n\t2. Za zmar\u0142ych z rodz. Katarzyny i Romana Tomaszewskich <br \/>\n\t3. + Marcin Rupar &ndash; 5 rocznica \u015bmierci<\/p>\n<p>\t<u><strong>Pi\u0105tek &#8211; 17 listopad<br \/>\n\t<\/strong><\/u>1. + W\u0142adys\u0142aw Gw&oacute;\u017ad\u017a (greg.) <br \/>\n\t2. + W\u0142adys\u0142aw W\u0119grzyn (10 r. \u015bm.), Stefania oraz zmarli z rodziny <br \/>\n\t3. + J&oacute;zefa S\u0142ysz &ndash; od siostry Heleny z m\u0119\u017cem <\/p>\n<p><u><strong>Sobota &#8211; 18 listopad<br \/>\n\t<\/strong><\/u>1. + W\u0142adys\u0142aw Gw&oacute;\u017ad\u017a (greg.) <br \/>\n\t2. + Jan Gog&oacute;j, W\u0142adys\u0142aw Cebulak i zmarli z rodziny<br \/>\n\t3. Za zmar\u0142ych wspominanych w Wypominkach<\/p>\n<p><u><strong>Niedziela &#8211; 19 listopad<br \/>\n\t<\/strong><\/u>06.30 + Stanis\u0142aw, Zuzanna Dyrda &ndash; od c&oacute;rki Barbary i Zbigniewa z rodzin\u0105 <br \/>\n\t08.00 + J&oacute;zefa S\u0142ysz &ndash; od c&oacute;rki Haliny<br \/>\n\t08.00 + Wies\u0142aw i Zdzis\u0142aw Dyrda <br \/>\n\t10.30 Za parafian <br \/>\n\t15.00 + W\u0142adys\u0142aw Gw&oacute;\u017ad\u017a (greg.)<\/p>\n<h3 style=\"text-align: center;\"><strong><span style=\"color: rgb(0, 0, 128);\">Modlitw\u0119 r&oacute;\u017ca\u0144cow\u0105 prowadz\u0105<\/span><\/strong><\/h3>\n<p>16. Cz. Akcja Katolicka<br \/>\n\t17. Pt. KSM<br \/>\n\t18. Sb. R&oacute;\u017ca \u015aw. Teresy Wielkiej &ndash; (Zofia Wierzbicka)<br \/>\n\t19. Nd. R&oacute;\u017ca \u015aw. Tomasza Aposto\u0142a &#8211; (Stanis\u0142aw \u015alimak) <\/p>\n","protected":false},"excerpt":{"rendered":"<p>XXXII Niedziela Zwyk\u0142a &#8211; 12-11-2023 Og\u0142oszenia Dzi\u015b o godz. 15.00 Nabo\u017ce\u0144stwo do Bo\u017cego Mi\u0142osierdzia, a po Nim Msza \u015bw. W tym tygodniu w Liturgii Ko\u015bcio\u0142a wspominamy: w poniedzia\u0142ek &ndash; wspomnienie &hellip; <a href=\"https:\/\/budy.przemyska.pl\/index.php\/2023\/11\/12\/ogloszenia-parafialne-12-listopad-2023\/\" class=\"more-link\">Czytaj dalej <span class=\"screen-reader-text\">Og\u0142oszenia parafialne 12 listopad 2023<\/span> <span class=\"meta-nav\">&rarr;<\/span><\/a><\/p>\n","protected":false},"author":1,"featured_media":0,"comment_status":"closed","ping_status":"closed","sticky":false,"template":"","format":"standard","meta":{"footnotes":""},"categories":[6,4],"tags":[],"class_list":["post-3718","post","type-post","status-publish","format-standard","hentry","category-aktualnosci","category-ogloszenia"],"_links":{"self":[{"href":"https:\/\/budy.przemyska.pl\/index.php\/wp-json\/wp\/v2\/posts\/3718","targetHints":{"allow":["GET"]}}],"collection":[{"href":"https:\/\/budy.przemyska.pl\/index.php\/wp-json\/wp\/v2\/posts"}],"about":[{"href":"https:\/\/budy.przemyska.pl\/index.php\/wp-json\/wp\/v2\/types\/post"}],"author":[{"embeddable":true,"href":"https:\/\/budy.przemyska.pl\/index.php\/wp-json\/wp\/v2\/users\/1"}],"replies":[{"embeddable":true,"href":"https:\/\/budy.przemyska.pl\/index.php\/wp-json\/wp\/v2\/comments?post=3718"}],"version-history":[{"count":0,"href":"https:\/\/budy.przemyska.pl\/index.php\/wp-json\/wp\/v2\/posts\/3718\/revisions"}],"wp:attachment":[{"href":"https:\/\/budy.przemyska.pl\/index.php\/wp-json\/wp\/v2\/media?parent=3718"}],"wp:term":[{"taxonomy":"category","embeddable":true,"href":"https:\/\/budy.przemyska.pl\/index.php\/wp-json\/wp\/v2\/categories?post=3718"},{"taxonomy":"post_tag","embeddable":true,"href":"https:\/\/budy.przemyska.pl\/index.php\/wp-json\/wp\/v2\/tags?post=3718"}],"curies":[{"name":"wp","href":"https:\/\/api.w.org\/{rel}","templated":true}]}}