{"id":3707,"date":"2023-11-05T10:56:58","date_gmt":"2023-11-05T09:56:58","guid":{"rendered":"http:\/\/www.budylancuckie.przemyska.pl\/?p=3707"},"modified":"2023-11-05T10:56:58","modified_gmt":"2023-11-05T09:56:58","slug":"ogloszenia-parafialne-5-listopad-2023","status":"publish","type":"post","link":"https:\/\/budy.przemyska.pl\/index.php\/2023\/11\/05\/ogloszenia-parafialne-5-listopad-2023\/","title":{"rendered":"Og\u0142oszenia parafialne 5 listopad 2023"},"content":{"rendered":"<h2 style=\"text-align: center;\"><strong><span style=\"color: rgb(0, 0, 128);\">XXXI Niedziela Zwyk\u0142a &#8211; 05-11-2023<\/span><\/strong><\/h2>\n<h2 style=\"text-align: center;\"><strong><span style=\"color: rgb(0, 0, 128);\">Og\u0142oszenia<br \/>\n\t<\/span><\/strong><\/h2>\n<ol>\n<li>Dzi\u015b o godz. 15.00 Nabo\u017ce\u0144stwo Adoracyjne, a potem Msza \u015bw. <\/li>\n<li>W tym tygodniu w Liturgii Ko\u015bcio\u0142a wspominamy: w czwartek &ndash; \u015awi\u0119to rocznicy po\u015bwi\u0119cenia Bazyliki Latera\u0144skiej; w pi\u0105tek &ndash; wspomnienie \u015bw. Leona Wielkiego, papie\u017ca; w sobot\u0119 &ndash; wspomnienie \u015bw. Marcina z Tours, biskupa.<\/li>\n<li>W czwartek Adoracja Naj\u015bwi\u0119tszego Sakramentu od godz. 16.00. Po Mszy \u015bw. spotkanie Akcji Katolickiej.<\/li>\n<li>W sobot\u0119, 11 listopada, w kolejn\u0105 Rocznic\u0119 Odzyskania Niepodleg\u0142o\u015bci b\u0119dzie mia\u0142 miejsce kolejny ju\u017c Marsz Korniaktowski. Rozpocz\u0119cie o godz. 11.00 Msz\u0105 \u015bw. w naszym ko\u015bciele parafialnym, a potem przemarsz do lasu do miejsca upami\u0119tnienia poleg\u0142ych w obronie Ojczyzny.<\/li>\n<li>Codzienny r&oacute;\u017caniec z racji wypominek o godz. 16.30. Imiona naszych zmar\u0142ych wypisujemy na karteczkach i mo\u017cemy je z\u0142o\u017cy\u0107 na tac\u0119 b\u0105d\u017a do koszyczka przed ambonk\u0105.<\/li>\n<li>Niebawem, 22 listopada, b\u0119dziemy przezywa\u0107 nasz\u0105 Wielk\u0105 Parafialn\u0105 Uroczysto\u015b\u0107 &ndash; Nawiedzenie Obrazu Serca Jezusowego. To wydarzenie poprzedzone b\u0119dzie r&oacute;wnie\u017c przygotowywanymi Rekolekcjami w naszej Parafii. Obraz przyb\u0119dzie do nas z parafii Zmys\u0142&oacute;wka, od strony Bia\u0142obrzeg&oacute;w i Korniaktowa. Ju\u017c dzi\u015b prosz\u0119 o wystrojenie drogi przejazdu Obrazu i naszych dom&oacute;w z racji tego wielkiego wydarzenia. B\u0119dziemy mieli mo\u017cliwo\u015b\u0107 go\u015bci\u0107 Obraz Serca Jezusowego w naszej parafii przez ca\u0142\u0105 dob\u0119.<\/li>\n<li>Sk\u0142adam serdeczne B&oacute;g zap\u0142a\u0107 dla os&oacute;b sprz\u0105taj\u0105cych i stroj\u0105cych ko\u015bci&oacute;\u0142 oraz za wszystkie ofiary sk\u0142adane na potrzeby parafii.<\/li>\n<\/ol>\n<h3 style=\"text-align: center;\"><strong><span style=\"color: rgb(0, 0, 128);\">Intencje mszalne<\/span><\/strong><\/h3>\n<h4 style=\"text-align: center;\"><strong><span style=\"color: rgb(0, 0, 128);\">od 6 listopada 2023 do 12 listopada 2023<\/span><\/strong><\/h4>\n<h4>&nbsp;<\/h4>\n<h4><strong>Gdyby zbyt d\u0142ugi czas nie by\u0142a og\u0142oszona zam&oacute;wiona intencja mszalna &ndash; prosimy o zg\u0142oszenie tego kap\u0142anowi.&nbsp; Zam&oacute;wiona intencja nie mo\u017ce zgin\u0105\u0107.<br \/>\n\t<\/strong><\/h4>\n<p><u><strong>Poniedzia\u0142ek &#8211; 6 listopad<br \/>\n\t<\/strong><\/u>1. + W\u0142adys\u0142aw Gw&oacute;\u017ad\u017a (greg.)<br \/>\n\t2. + Antoni R\u0105czka &ndash; od siostrzenicy El\u017cbiety z rodzin\u0105<br \/>\n\t3. Za dusze w czy\u015b\u0107cu cierpi\u0105ce<\/p>\n<p><u><strong>Wtorek &#8211; 7 listopad<br \/>\n\t<\/strong><\/u>1. + W\u0142adys\u0142aw Gw&oacute;\u017ad\u017a (greg.) <br \/>\n\t2. + Helena, J&oacute;zef Dyrda &ndash; od wnuczki Barbary z rodzin\u0105 <br \/>\n\t3. + Teresa Baran &ndash; od bratowej El\u017cbiety<\/p>\n<p><u><strong>\u015aroda &#8211; 8 listopad<br \/>\n\t<\/strong><\/u>1. + W\u0142adys\u0142aw Gw&oacute;\u017ad\u017a (pocz. greg.)<br \/>\n\t2. + Bronis\u0142awa Szybist &ndash; od kole\u017canek Anny z pracy ze sklepu Jedynka<br \/>\n\t3. + Maria i W\u0142adys\u0142aw \u015awizdor &ndash; od syna<\/p>\n<p><u><strong>Czwartek &#8211; 9 listopad<\/strong><\/u><br \/>\n\t1. + W\u0142adys\u0142aw Gw&oacute;\u017ad\u017a (greg.) <br \/>\n\t2. + Jan, Antonina<br \/>\n\t3. Dzi\u0119kczynna; z pro\u015bb\u0105 o potrzebne \u0142aski, b\u0142og. Bo\u017ce&nbsp; i opiek\u0119 Matki Bo\u017cej dla Mateusza w doros\u0142ym \u017cyciu, z okazji 18-tych urodzin<\/p>\n<p>\t<u><strong>Pi\u0105tek &#8211; 10 listopad<br \/>\n\t<\/strong><\/u>1. + W\u0142adys\u0142aw Gw&oacute;\u017ad\u017a (greg.)<br \/>\n\t2. + Antoni Golak i zmarli Rodzice<br \/>\n\t3. + J&oacute;zef \u015awizdor &ndash; od syna<\/p>\n<p><u><strong>Sobota &#8211; 11 listopad<br \/>\n\t<\/strong><\/u>1. + W\u0142adys\u0142aw Gw&oacute;\u017ad\u017a (greg.) <br \/>\n\t2. Dzi\u0119kczynna za otrzymane \u0142aski; z pro\u015bb\u0105 o b\u0142og. Bo\u017ce i opiek\u0119 Matki Bo\u017cej dla Karoliny w 30 rocznic\u0119 urodzin <br \/>\n\t3. W intencji uczestnik&oacute;w Uroczysto\u015bci Beatyfikacji Rodziny Ulm&oacute;w; o b\u0142og. Bo\u017ce i potrzebne \u0142aski <\/p>\n<p><u><strong>Niedziela &#8211; 12 listopad<br \/>\n\t<\/strong><\/u>06.30 + Teresa Baran &ndash; od bratowej El\u017cbiety <br \/>\n\t08.00 + Zofia (3 r. \u015bm.), Stanis\u0142aw, Bogdan Blok<br \/>\n\t08.00 + Stanis\u0142awa, Andrzej Bartnik; W\u0142adys\u0142aw Pelc<br \/>\n\t10.30 Za parafian <br \/>\n\t15.00 + W\u0142adys\u0142aw Gw&oacute;\u017ad\u017a (greg.)<\/p>\n<h3 style=\"text-align: center;\"><strong><span style=\"color: rgb(0, 0, 128);\">Propozycja intencji do przekazania do odprawienia <br \/>\n\t<\/span><\/strong><strong><span style=\"color: rgb(0, 0, 128);\">w Wy\u017cszym Seminarium Duchownym w Przemy\u015blu<br \/>\n\t<\/span><\/strong><\/h3>\n<p>01.&nbsp;&nbsp;&nbsp; &nbsp;+ J&oacute;zef Mazur &ndash; od Bernadety i Roberta \u015awi\u0119toniowskich<br \/>\n\t02.&nbsp;&nbsp;&nbsp; &nbsp;+ J&oacute;zef Mazur &ndash; od kol. i kol. z PKS \u0141a\u0144cut<br \/>\n\t03.&nbsp;&nbsp;&nbsp; &nbsp;+ J&oacute;zef Mazur &ndash; od kol. i kol. z PKS \u0141a\u0144cut<br \/>\n\t04.&nbsp;&nbsp;&nbsp; &nbsp;+ J&oacute;zef Mazur &ndash; od swat&oacute;w z Woli Dalszej<br \/>\n\t05.&nbsp;&nbsp;&nbsp; &nbsp;+ J&oacute;zef Mazur &ndash; od Ryszarda Koniecznego z rodzin\u0105<br \/>\n\t06.&nbsp;&nbsp;&nbsp; &nbsp;+ J&oacute;zef Mazur &ndash; od rodziny Sudo\u0142&oacute;w<br \/>\n\t07.&nbsp;&nbsp;&nbsp; &nbsp;+ J&oacute;zef Mazur &ndash; od rodziny Sudo\u0142&oacute;w<br \/>\n\t08.&nbsp;&nbsp;&nbsp; &nbsp;+ J&oacute;zef Mazur &ndash; od kuzynki Marii Kot z Jagie\u0142\u0142y<br \/>\n\t09.&nbsp;&nbsp;&nbsp; &nbsp;+ J&oacute;zef Mazur &ndash; od rodziny Janusz&oacute;w<br \/>\n\t10.&nbsp;&nbsp;&nbsp; &nbsp;+ J&oacute;zef Mazur &ndash; od siostrzenicy \u0141ucji z rodzin\u0105<br \/>\n\t11.&nbsp;&nbsp;&nbsp; &nbsp;+ J&oacute;zef Czupich &ndash; od Izabeli i Mateusza Pelc z rodzin\u0105<br \/>\n\t12.&nbsp;&nbsp;&nbsp; &nbsp;+ J&oacute;zef Czupich &ndash; od bratanka Krzysztofa z rodzin\u0105<br \/>\n\t13.&nbsp;&nbsp;&nbsp; &nbsp;+ J&oacute;zef Czupich &ndash; od rodziny Mark&oacute;w<br \/>\n\t14.&nbsp;&nbsp;&nbsp; &nbsp;+ Franciszek Bartnik &ndash; od s\u0105siada Stanis\u0142awa Laska z synem<br \/>\n\t15.&nbsp;&nbsp;&nbsp; &nbsp;+ Franciszek Bartnik &ndash; od rodziny Kwolk&oacute;w<br \/>\n\t16.&nbsp;&nbsp;&nbsp; &nbsp;+ Franciszek Bartnik &ndash; od rodziny Maciu\u0142&oacute;w<br \/>\n\t17.&nbsp;&nbsp;&nbsp; &nbsp;+ Franciszek Bartnik &ndash; od swat&oacute;w Piotra i Bogumi\u0142y Kisa\u0142a<br \/>\n\t18.&nbsp;&nbsp;&nbsp; &nbsp;+ Franciszek Bartnik &ndash; od Emili i Roberta Bartnik z rodzin\u0105<br \/>\n\t19.&nbsp;&nbsp;&nbsp; &nbsp;+ B\u0142a\u017cej Kurek &ndash; od Radnych Powiatu \u0141a\u0144cuckiego<br \/>\n\t20.&nbsp;&nbsp;&nbsp; &nbsp;+ B\u0142a\u017cej Kurek &ndash; od kol. ze studi&oacute;w Gabrieli<br \/>\n\t21.&nbsp;&nbsp;&nbsp; &nbsp;+ B\u0142a\u017cej Kurek &ndash; od parafian z Lubli<br \/>\n\t22.&nbsp;&nbsp;&nbsp; &nbsp;+ Adam Por\u0119bny &ndash; od Bogdana<br \/>\n\t23.&nbsp;&nbsp;&nbsp; &nbsp;+ Teresa Baran &ndash; od chrze\u015bnicy c&oacute;rki Janiny z rodzin\u0105<br \/>\n\t24.&nbsp;&nbsp;&nbsp; &nbsp;+ Teresa Baran &ndash; od Krystyny i Andrzeja Lew<br \/>\n\t25.&nbsp;&nbsp;&nbsp; &nbsp;+ Teresa Baran &ndash; od Haliny i Gra\u017cyny<br \/>\n\t26.&nbsp;&nbsp;&nbsp; &nbsp;+ Teresa Baran &ndash; od Anny Tomkowicz<br \/>\n\t27.&nbsp;&nbsp;&nbsp; &nbsp;+ J&oacute;zefa S\u0142ysz &ndash; od kol. c&oacute;rki Bogumi\u0142y z Kraczkowej<br \/>\n\t28.&nbsp;&nbsp;&nbsp; &nbsp;+ J&oacute;zefa S\u0142ysz &ndash; od kol. i kol. z Urz\u0119du Gminy Bia\u0142obrzegi<br \/>\n\t29.&nbsp;&nbsp;&nbsp; &nbsp;+ J&oacute;zefa S\u0142ysz &ndash; od rodziny Kielar&oacute;w<br \/>\n\t30.&nbsp;&nbsp;&nbsp; &nbsp;+ J&oacute;zefa S\u0142ysz &ndash; od rodziny Kielar z Markowej<br \/>\n\t31.&nbsp;&nbsp;&nbsp; &nbsp;+ Andrzej Pietrzycki &ndash; od rodzin : Por\u0119bny, Kie\u0142b<br \/>\n\t32.&nbsp;&nbsp;&nbsp; &nbsp;+ Andrzej Pietrzycki &ndash; od rodziny ze Smolarzyn<br \/>\n\t33.&nbsp;&nbsp;&nbsp; &nbsp;+ Andrzej Pietrzycki &ndash; od kierowc&oacute;w emeryt&oacute;w z PKS Rzesz&oacute;w<br \/>\n\t34.&nbsp;&nbsp;&nbsp; &nbsp;+ Genowefa Salwach &ndash; od kol. i kol. z Piekarni w Bia\u0142obrzegach<br \/>\n\t35.&nbsp;&nbsp;&nbsp;&nbsp; + Genowefa Salwach &ndash; od Jana Salwach z Cha\u0142upek D\u0119b.<br \/>\n\t&nbsp;<\/p>\n<p>&nbsp;<\/p>\n","protected":false},"excerpt":{"rendered":"<p>XXXI Niedziela Zwyk\u0142a &#8211; 05-11-2023 Og\u0142oszenia Dzi\u015b o godz. 15.00 Nabo\u017ce\u0144stwo Adoracyjne, a potem Msza \u015bw. W tym tygodniu w Liturgii Ko\u015bcio\u0142a wspominamy: w czwartek &ndash; \u015awi\u0119to rocznicy po\u015bwi\u0119cenia Bazyliki &hellip; <a href=\"https:\/\/budy.przemyska.pl\/index.php\/2023\/11\/05\/ogloszenia-parafialne-5-listopad-2023\/\" class=\"more-link\">Czytaj dalej <span class=\"screen-reader-text\">Og\u0142oszenia parafialne 5 listopad 2023<\/span> <span class=\"meta-nav\">&rarr;<\/span><\/a><\/p>\n","protected":false},"author":1,"featured_media":0,"comment_status":"closed","ping_status":"closed","sticky":false,"template":"","format":"standard","meta":{"footnotes":""},"categories":[6,4],"tags":[],"class_list":["post-3707","post","type-post","status-publish","format-standard","hentry","category-aktualnosci","category-ogloszenia"],"_links":{"self":[{"href":"https:\/\/budy.przemyska.pl\/index.php\/wp-json\/wp\/v2\/posts\/3707","targetHints":{"allow":["GET"]}}],"collection":[{"href":"https:\/\/budy.przemyska.pl\/index.php\/wp-json\/wp\/v2\/posts"}],"about":[{"href":"https:\/\/budy.przemyska.pl\/index.php\/wp-json\/wp\/v2\/types\/post"}],"author":[{"embeddable":true,"href":"https:\/\/budy.przemyska.pl\/index.php\/wp-json\/wp\/v2\/users\/1"}],"replies":[{"embeddable":true,"href":"https:\/\/budy.przemyska.pl\/index.php\/wp-json\/wp\/v2\/comments?post=3707"}],"version-history":[{"count":0,"href":"https:\/\/budy.przemyska.pl\/index.php\/wp-json\/wp\/v2\/posts\/3707\/revisions"}],"wp:attachment":[{"href":"https:\/\/budy.przemyska.pl\/index.php\/wp-json\/wp\/v2\/media?parent=3707"}],"wp:term":[{"taxonomy":"category","embeddable":true,"href":"https:\/\/budy.przemyska.pl\/index.php\/wp-json\/wp\/v2\/categories?post=3707"},{"taxonomy":"post_tag","embeddable":true,"href":"https:\/\/budy.przemyska.pl\/index.php\/wp-json\/wp\/v2\/tags?post=3707"}],"curies":[{"name":"wp","href":"https:\/\/api.w.org\/{rel}","templated":true}]}}