{"id":3705,"date":"2023-10-29T10:42:50","date_gmt":"2023-10-29T09:42:50","guid":{"rendered":"http:\/\/www.budylancuckie.przemyska.pl\/?p=3705"},"modified":"2023-10-29T10:42:50","modified_gmt":"2023-10-29T09:42:50","slug":"ogloszenia-parafialne-29-pazdziernik-2023","status":"publish","type":"post","link":"https:\/\/budy.przemyska.pl\/index.php\/2023\/10\/29\/ogloszenia-parafialne-29-pazdziernik-2023\/","title":{"rendered":"Og\u0142oszenia parafialne 29 pa\u017adziernik 2023"},"content":{"rendered":"<h2 style=\"text-align: center;\"><strong><span style=\"color: rgb(0, 0, 128);\">Rocznica Konsekracji W\u0142asnego Ko\u015bcio\u0142a &#8211; 29-10-2023<\/span><\/strong><\/h2>\n<h2 style=\"text-align: center;\"><strong><span style=\"color: rgb(0, 0, 128);\">Og\u0142oszenia<br \/>\n\t<\/span><\/strong><\/h2>\n<ol>\n<li>&nbsp;Dzi\u015b o godz. 15.00 Nabo\u017ce\u0144stwo R&oacute;\u017ca\u0144cowe, a potem Msza \u015bw.<\/li>\n<li>W tym tygodniu w Liturgii Ko\u015bcio\u0142a wspominamy: we \u015brod\u0119 &ndash; Uroczysto\u015b\u0107 Wszystkich \u015awi\u0119tych; w czwartek &ndash; wspomnienie Wszystkich Wiernych Zmar\u0142ych; w sobot\u0119 &ndash; wspomnienie \u015bw. Karola Boromeusza.<\/li>\n<li>We wtorek zako\u0144czenie Nabo\u017ce\u0144stw r&oacute;\u017ca\u0144cowych.<\/li>\n<li>W Uroczysto\u015b\u0107 Wszystkich \u015awi\u0119tych Msze \u015bw. przed po\u0142udniem tak, jak w niedziele, po po\u0142udniu o godz.14.00 Nieszpory \u017ca\u0142obne z kazaniem i procesja na cmentarz. Po powrocie Msza \u015bw. w ko\u015bciele za zmar\u0142ych wspominanych w Wypominkach.<\/li>\n<li>W czwartek Dzie\u0144 Zaduszny. Msze \u015bw. o godz. 06.30 oraz 07.00. Po po\u0142udniu o godz. 14.30 Nieszpory za zmar\u0142ych z kazaniem i procesja r&oacute;\u017ca\u0144cowa na cmentarz z wypominkami. Po powrocie z cmentarza Msza \u015bw. w ko\u015bciele. W tym dniu pami\u0119tajmy r&oacute;wnie\u017c o modlitwie za powo\u0142anych i o nowe powo\u0142ania do S\u0142u\u017cby Bo\u017cej.<\/li>\n<li>W Uroczysto\u015b\u0107 Wszystkich \u015awi\u0119tych mo\u017cna zyska\u0107 Odpust zupe\u0142ny, kt&oacute;ry mo\u017ce by\u0107 ofiarowany za zmar\u0142ych. Warunkiem zyskania Odpustu jest:<br \/>\n\t\t&#8211; wyzbycie si\u0119 przywi\u0105zania do grzech&oacute;w, nawet powszednich<br \/>\n\t\t&#8211; przyst\u0105pienie do Sakramentu pokuty<br \/>\n\t\t&#8211; przyj\u0119cie Komunii \u015bw.<br \/>\n\t\t&#8211; pobo\u017cne nawiedzenie ko\u015bcio\u0142a oraz odm&oacute;wienie tam modlitw: Ojcze nasz, Wierz\u0119 w Boga oraz dowolnej modlitwy w intencjach Ojca \u015bw.<\/li>\n<li>W listopadzie mo\u017cemy w ka\u017cdym dniu zyskiwa\u0107 Odpusty za zmar\u0142ych, nawiedzaj\u0105c cmentarze i odmawiaj\u0105c tam powy\u017csze modlitwy. W dniach od 1 do 8 listopada Odpust jest zupe\u0142ny, w pozosta\u0142ych dniach mamy mo\u017cliwo\u015b\u0107 zyskiwania Odpust&oacute;w cz\u0105stkowych.<\/li>\n<li>W tym tygodniu wypada I czwartek i I pi\u0105tek i I sobota miesi\u0105ca.<\/li>\n<li>W I pi\u0105tek miesi\u0105ca czcimy Naj\u015bwi\u0119tsze Serce Pana Jezusa. Po rannej Mszy \u015bw. o godz. 06.45 odwiedziny chorych w parafii. Po po\u0142udniu Msza \u015bw. o godz. 17.00, a po Niej Litania do Serca Pana Jezusa. Mo\u017cliwo\u015b\u0107 Spowiedzi \u015bwi\u0119tej, codziennie, godzin\u0119 przed Msz\u0105 \u015bw.<\/li>\n<li>W I sobot\u0119 czcimy Niepokalane Serce NMP. O godz. 17.00 Msza \u015bw., po Niej Nabo\u017ce\u0144stwo R&oacute;\u017ca\u0144cowe, a nast\u0119pnie procesja z figur\u0105 Matki Bo\u017cej Fatimskiej i zmiana tajemnic r&oacute;\u017ca\u0144cowych<\/li>\n<li>Codzienny r&oacute;\u017caniec z racji wypominek o godz. 16.30. Imiona naszych zmar\u0142ych wypisujemy na karteczkach i mo\u017cemy je z\u0142o\u017cy\u0107 na tac\u0119 b\u0105d\u017a do koszyczka przed ambonk\u0105.<\/li>\n<li>W przysz\u0142\u0105 niedziel\u0119, 5 listopada, w parafii Rakszawa G&oacute;rna b\u0119dzie mia\u0142o miejsce dekanalne dzi\u0119kczynienie za Beatyfikacj\u0119 Rodziny Ulm&oacute;w. Pocz\u0105tek tego spotkania o godz. 17.00. Mo\u017cliwo\u015b\u0107 indywidualnego dojazdu na to spotkanie. Serdecznie zapraszamy!<\/li>\n<li>11 listopada (sobota) odb\u0119dzie si\u0119 kolejny Marsz Korniaktowski. Pocz\u0105tek o godz. 11.00 Msz\u0105 \u015bw. za Ojczyzn\u0119 w naszym parafialnym ko\u015bciele.<\/li>\n<li>Sk\u0142adam serdeczne B&oacute;g zap\u0142a\u0107 dla os&oacute;b sprz\u0105taj\u0105cych i stroj\u0105cych ko\u015bci&oacute;\u0142 oraz za wszystkie ofiary sk\u0142adane na potrzeby parafii.<\/li>\n<\/ol>\n<h3 style=\"text-align: center;\"><strong><span style=\"color: rgb(0, 0, 128);\">Intencje mszalne<\/span><\/strong><\/h3>\n<h4 style=\"text-align: center;\"><strong><span style=\"color: rgb(0, 0, 128);\">od 30 pa\u017adziernika 2023 do 5 listopada 2023<\/span><\/strong><\/h4>\n<h4>&nbsp;<\/h4>\n<h4><strong>Gdyby zbyt d\u0142ugi czas nie by\u0142a og\u0142oszona zam&oacute;wiona intencja mszalna &ndash; prosimy o zg\u0142oszenie tego kap\u0142anowi.&nbsp; Zam&oacute;wiona intencja nie mo\u017ce zgin\u0105\u0107.<br \/>\n\t<\/strong><\/h4>\n<p><u><strong>Poniedzia\u0142ek &#8211; 30 pa\u017adziernik<br \/>\n\t<\/strong><\/u>1. + Julia Benedyk ( zak. greg.)<br \/>\n\t2. + Franciszek Bartnik &ndash; od Akcji Katolickiej <br \/>\n\t3. + Tadeusz, Maria, Wojciech Nowak<\/p>\n<p><u><strong>Wtorek &#8211; 31 pa\u017adziernik<br \/>\n\t<\/strong><\/u>1. + B\u0142a\u017cej Kurek &ndash; od Urszuli i Zbigniewa Bia\u0142y <br \/>\n\t2. O \u0142ask\u0119 szcz\u0119\u015bliwego rozwi\u0105zania<br \/>\n\t3. + J&oacute;zef Mazur &ndash; od koleg&oacute;w: Franciszka i Stanis\u0142awa<\/p>\n<p><u><strong>\u015aroda &#8211; 1 listopad<br \/>\n\t<\/strong><\/u>06.30 + Stanis\u0142aw Rupar<br \/>\n\t08.00 + W\u0142adys\u0142aw Gw&oacute;\u017ad\u017a (pocz. greg.)<br \/>\n\t08.00 + Ks. Tadeusz Szmyd &ndash; w rocznic\u0119 \u015bmierci<br \/>\n\t10.30 Za parafian<br \/>\n\t15.30 + J&oacute;zefa S\u0142ysz &ndash; od c&oacute;rki Bogumi\u0142y z m\u0119\u017cem J&oacute;zefem<br \/>\n\t15.30 Za zmar\u0142ych wspominanych w Wypominkach<\/p>\n<p><u><strong>Czwartek &#8211; 2 listopad<\/strong><\/u><br \/>\n\t06.30 + W\u0142adys\u0142aw Gw&oacute;\u017ad\u017a (greg.) <br \/>\n\t06.30 Za wiernych zmar\u0142ych<br \/>\n\t06.30 Wed\u0142ug intencji Ojca \u015awi\u0119tego<br \/>\n\t07.00 Wed\u0142ug intencji Ojca \u015awi\u0119tego<br \/>\n\t07.00 + J&oacute;zef Mazur &ndash; od rodzin: Cebulak, Rachwa\u0142, Baran<br \/>\n\t07.00 Za wiernych zmar\u0142ych<br \/>\n\t16.00 Za wiernych zmar\u0142ych<br \/>\n\t16.00 Wed\u0142ug intencji Ojca \u015awi\u0119tego<br \/>\n\t16.00 + Stanis\u0142aw Szczyrba &ndash; 2 rocznica \u015bmierci<\/p>\n<p>\t<u><strong>Pi\u0105tek &#8211; 3 listopad<br \/>\n\t<\/strong><\/u>06.45 + W\u0142adys\u0142aw Gw&oacute;\u017ad\u017a (greg.)<br \/>\n\t06.45 + Franciszek Bosak, Zofia, Franciszek Dyrda<br \/>\n\t17.00 + Zbigniew Tonia &ndash; od Stanis\u0142awy i Agnieszki<br \/>\n\t17.00 J&oacute;zef R\u0105czka &ndash; 2 rocznica \u015bmierci oraz + Antoni i zmarli z rodziny<\/p>\n<p><u><strong>Sobota &#8211; 4 listopad<br \/>\n\t<\/strong><\/u>1. + W\u0142adys\u0142aw Gw&oacute;\u017ad\u017a (greg.) <br \/>\n\t2. + Eugeniusz Suchy <br \/>\n\t3. + Teresa Baran &ndash; od Zofii i Stanis\u0142awa Rachwa\u0142<\/p>\n<p><u><strong>Niedziela &#8211; 5 listopad<br \/>\n\t<\/strong><\/u>06.30 Za dusze w czy\u015b\u0107cu cierpi\u0105ce<br \/>\n\t08.00 + Jan, Agata Mach oraz + Emil, Tadeusz Mach i + Maria Kubis<br \/>\n\t08.00 + Czes\u0142awa, Stanis\u0142aw B\u0119ben oraz + Piotr Ko\u0144 <br \/>\n\t10.30 Za parafian <br \/>\n\t15.00 + W\u0142adys\u0142aw Gw&oacute;\u017ad\u017a (greg.)<\/p>\n","protected":false},"excerpt":{"rendered":"<p>Rocznica Konsekracji W\u0142asnego Ko\u015bcio\u0142a &#8211; 29-10-2023 Og\u0142oszenia &nbsp;Dzi\u015b o godz. 15.00 Nabo\u017ce\u0144stwo R&oacute;\u017ca\u0144cowe, a potem Msza \u015bw. W tym tygodniu w Liturgii Ko\u015bcio\u0142a wspominamy: we \u015brod\u0119 &ndash; Uroczysto\u015b\u0107 Wszystkich \u015awi\u0119tych; &hellip; <a href=\"https:\/\/budy.przemyska.pl\/index.php\/2023\/10\/29\/ogloszenia-parafialne-29-pazdziernik-2023\/\" class=\"more-link\">Czytaj dalej <span class=\"screen-reader-text\">Og\u0142oszenia parafialne 29 pa\u017adziernik 2023<\/span> <span class=\"meta-nav\">&rarr;<\/span><\/a><\/p>\n","protected":false},"author":1,"featured_media":0,"comment_status":"closed","ping_status":"closed","sticky":false,"template":"","format":"standard","meta":{"footnotes":""},"categories":[6,4],"tags":[],"class_list":["post-3705","post","type-post","status-publish","format-standard","hentry","category-aktualnosci","category-ogloszenia"],"_links":{"self":[{"href":"https:\/\/budy.przemyska.pl\/index.php\/wp-json\/wp\/v2\/posts\/3705","targetHints":{"allow":["GET"]}}],"collection":[{"href":"https:\/\/budy.przemyska.pl\/index.php\/wp-json\/wp\/v2\/posts"}],"about":[{"href":"https:\/\/budy.przemyska.pl\/index.php\/wp-json\/wp\/v2\/types\/post"}],"author":[{"embeddable":true,"href":"https:\/\/budy.przemyska.pl\/index.php\/wp-json\/wp\/v2\/users\/1"}],"replies":[{"embeddable":true,"href":"https:\/\/budy.przemyska.pl\/index.php\/wp-json\/wp\/v2\/comments?post=3705"}],"version-history":[{"count":0,"href":"https:\/\/budy.przemyska.pl\/index.php\/wp-json\/wp\/v2\/posts\/3705\/revisions"}],"wp:attachment":[{"href":"https:\/\/budy.przemyska.pl\/index.php\/wp-json\/wp\/v2\/media?parent=3705"}],"wp:term":[{"taxonomy":"category","embeddable":true,"href":"https:\/\/budy.przemyska.pl\/index.php\/wp-json\/wp\/v2\/categories?post=3705"},{"taxonomy":"post_tag","embeddable":true,"href":"https:\/\/budy.przemyska.pl\/index.php\/wp-json\/wp\/v2\/tags?post=3705"}],"curies":[{"name":"wp","href":"https:\/\/api.w.org\/{rel}","templated":true}]}}