{"id":3703,"date":"2023-10-23T18:42:44","date_gmt":"2023-10-23T16:42:44","guid":{"rendered":"http:\/\/www.budylancuckie.przemyska.pl\/?p=3703"},"modified":"2023-10-23T18:42:44","modified_gmt":"2023-10-23T16:42:44","slug":"ogloszenia-parafialne-22-pazdziernik-2023","status":"publish","type":"post","link":"https:\/\/budy.przemyska.pl\/index.php\/2023\/10\/23\/ogloszenia-parafialne-22-pazdziernik-2023\/","title":{"rendered":"Og\u0142oszenia parafialne 22 pa\u017adziernik 2023"},"content":{"rendered":"<h2 style=\"text-align: center;\"><strong><span style=\"color: rgb(0, 0, 128);\">XXIX Niedziela Zwyk\u0142a &#8211; 22-10-2023<\/span><\/strong><\/h2>\n<h2 style=\"text-align: center;\"><strong><span style=\"color: rgb(0, 0, 128);\">Og\u0142oszenia<br \/>\n\t<\/span><\/strong><\/h2>\n<ol>\n<li>Dzi\u015b o godz. 15.00 Nabo\u017ce\u0144stwo R&oacute;\u017ca\u0144cowe, a po Nim Msza \u015bw. <\/li>\n<li>W tym tygodniu w Liturgii Ko\u015bcio\u0142a wspominamy: we wtorek &ndash; wspomnienie b\u0142og. ks. Jana Balickiego; w sobot\u0119 \u015awi\u0119to \u015bw. Aposto\u0142&oacute;w: Szymona i Judy Tadeusza.<\/li>\n<li>W czwartek Adoracja Naj\u015bwi\u0119tszego Sakramentu od godz. 16.00.<\/li>\n<li>Jeszcze raz zwracamy si\u0119 z pro\u015bb\u0105 o segregowanie wszystkich odpad&oacute;w, tak aby, umo\u017cliwi\u0107 sprawny wyw&oacute;z \u015bmieci z cmentarza.<\/li>\n<li>Bardzo serdecznie zapraszamy wszystkich parafian do codziennej modlitwy r&oacute;\u017ca\u0144cowej. Szczeg&oacute;lne zaproszenie kierowane jest do dzieci przygotowuj\u0105cych si\u0119 do I Komunii \u015bw. i m\u0142odzie\u017cy, kt&oacute;ra przygotowuje si\u0119 do Bierzmowania.<\/li>\n<li>Za 2 tygodnie, w niedziel\u0119 5 listopada, w parafii Rakszawa G&oacute;rna b\u0119dzie mia\u0142o miejsce dekanalne dzi\u0119kczynienie za Beatyfikacj\u0119 Rodziny Ulm&oacute;w. Ju\u017c dzisiaj zapraszam na to wydarzenie, aby uda\u0107 si\u0119 do Rakszawy G&oacute;rnej wszystkich, kt&oacute;rzy chcieliby w\u0142\u0105czy\u0107 si\u0119 w to wielkie wydarzenie, jakim by\u0142a Beatyfikacja w Markowej. Wyjazd by\u0142by indywidualny.&nbsp;<\/li>\n<li>Sk\u0142adam serdeczne B&oacute;g zap\u0142a\u0107 dla os&oacute;b sprz\u0105taj\u0105cych i stroj\u0105cych ko\u015bci&oacute;\u0142 oraz za wszystkie ofiary sk\u0142adane na potrzeby parafii.<\/li>\n<\/ol>\n<h3 style=\"text-align: center;\"><strong><span style=\"color: rgb(0, 0, 128);\">Intencje mszalne<\/span><\/strong><\/h3>\n<h4 style=\"text-align: center;\"><strong><span style=\"color: rgb(0, 0, 128);\">od 23 pa\u017adziernika 2023 do 29 pa\u017adziernika 2023<\/span><\/strong><\/h4>\n<h4>&nbsp;<\/h4>\n<h4><strong>Gdyby zbyt d\u0142ugi czas nie by\u0142a og\u0142oszona zam&oacute;wiona intencja mszalna &ndash; prosimy o zg\u0142oszenie tego kap\u0142anowi.&nbsp; Zam&oacute;wiona intencja nie mo\u017ce zgin\u0105\u0107.<br \/>\n\t<\/strong><\/h4>\n<p><u><strong>Poniedzia\u0142ek &#8211; 23 pa\u017adziernik<br \/>\n\t<\/strong><\/u>1. + Julia Benedyk (greg.)<br \/>\n\t2. + Adam Por\u0119bny &ndash; od Danuty So\u0142ek<br \/>\n\t3. + Tadeusz Nowak oraz zmarli dziadkowie: Maria i Wojciech<\/p>\n<p><u><strong>Wtorek &#8211; 24 pa\u017adziernik<br \/>\n\t<\/strong><\/u>1. + Julia Benedyk (greg.)<br \/>\n\t2. + Stanis\u0142awa \u015awi\u0119toniowska &ndash; od chrze\u015bniaka Stanis\u0142awa z rodzin\u0105 <br \/>\n\t3. + Marta Zi\u0119zio &ndash; rocznica \u015bmierci <\/p>\n<p><u><strong>\u015aroda &#8211; 25 pa\u017adziernik<br \/>\n\t<\/strong><\/u>1. + Julia Benedyk (greg.)<br \/>\n\t2. + J&oacute;zef Mazur &ndash; od rodziny Gorzkiewicz<br \/>\n\t3. W intencji Bogu wiadomej &ndash; od Anny<\/p>\n<p><u><strong>Czwartek &#8211; 26 pa\u017adziernik<\/strong><\/u><br \/>\n\t1. + Julia Benedyk (greg.) <br \/>\n\t2. + Tomasz, Teresa Mach<br \/>\n\t3. + Ludwika i W\u0142adys\u0142aw Bartnik<\/p>\n<p>\t<u><strong>Pi\u0105tek &#8211; 27 pa\u017adziernik<br \/>\n\t<\/strong><\/u>1. + Julia Benedyk (greg.)<br \/>\n\t2. + Janina, s. Augustyna Czes\u0142awa Marek, Genowefa Kie\u0142b<br \/>\n\t3. + Maria, W\u0142adys\u0142aw, Edward Por\u0119bny i Cecylia Bartnik <\/p>\n<p><u><strong>Sobota &#8211; 28 pa\u017adziernik<br \/>\n\t<\/strong><\/u>1. + Julia Benedyk (greg.) <br \/>\n\t2. + J&oacute;zef Czupich &ndash; od wnuka Jana <br \/>\n\t3. + Antoni R\u0105czka &ndash; od siostrzenicy Wies\u0142awy z rodzin\u0105<\/p>\n<p><u><strong>Niedziela &#8211; 29 pa\u017adziernik<br \/>\n\t<\/strong><\/u>06.30 + J&oacute;zef Mazur &ndash; od Lucyny i Juliana Czech z rodzin\u0105<br \/>\n\t08.00 O dary Ducha \u015awi\u0119tego dla Wies\u0142awy i Jerzego Pi&oacute;ro<br \/>\n\t08.00 + Wies\u0142aw Baran &ndash; 1 rocznica \u015bmierci <br \/>\n\t10.30 Za parafian <br \/>\n\t15.00 + Julia Benedyk (greg.)<\/p>\n<h3 style=\"text-align: center;\"><strong><span style=\"color: rgb(0, 0, 128);\">Modlitw\u0119 r&oacute;\u017ca\u0144cow\u0105 prowadz\u0105<\/span><\/strong><\/h3>\n<p>29. Nd. R&oacute;\u017ca \u015aw. Stanis\u0142awa Biskupa &ndash; (Wojciech Pelc)<\/p>\n","protected":false},"excerpt":{"rendered":"<p>XXIX Niedziela Zwyk\u0142a &#8211; 22-10-2023 Og\u0142oszenia Dzi\u015b o godz. 15.00 Nabo\u017ce\u0144stwo R&oacute;\u017ca\u0144cowe, a po Nim Msza \u015bw. W tym tygodniu w Liturgii Ko\u015bcio\u0142a wspominamy: we wtorek &ndash; wspomnienie b\u0142og. ks. &hellip; <a href=\"https:\/\/budy.przemyska.pl\/index.php\/2023\/10\/23\/ogloszenia-parafialne-22-pazdziernik-2023\/\" class=\"more-link\">Czytaj dalej <span class=\"screen-reader-text\">Og\u0142oszenia parafialne 22 pa\u017adziernik 2023<\/span> <span class=\"meta-nav\">&rarr;<\/span><\/a><\/p>\n","protected":false},"author":1,"featured_media":0,"comment_status":"closed","ping_status":"closed","sticky":false,"template":"","format":"standard","meta":{"footnotes":""},"categories":[6,4],"tags":[],"class_list":["post-3703","post","type-post","status-publish","format-standard","hentry","category-aktualnosci","category-ogloszenia"],"_links":{"self":[{"href":"https:\/\/budy.przemyska.pl\/index.php\/wp-json\/wp\/v2\/posts\/3703","targetHints":{"allow":["GET"]}}],"collection":[{"href":"https:\/\/budy.przemyska.pl\/index.php\/wp-json\/wp\/v2\/posts"}],"about":[{"href":"https:\/\/budy.przemyska.pl\/index.php\/wp-json\/wp\/v2\/types\/post"}],"author":[{"embeddable":true,"href":"https:\/\/budy.przemyska.pl\/index.php\/wp-json\/wp\/v2\/users\/1"}],"replies":[{"embeddable":true,"href":"https:\/\/budy.przemyska.pl\/index.php\/wp-json\/wp\/v2\/comments?post=3703"}],"version-history":[{"count":0,"href":"https:\/\/budy.przemyska.pl\/index.php\/wp-json\/wp\/v2\/posts\/3703\/revisions"}],"wp:attachment":[{"href":"https:\/\/budy.przemyska.pl\/index.php\/wp-json\/wp\/v2\/media?parent=3703"}],"wp:term":[{"taxonomy":"category","embeddable":true,"href":"https:\/\/budy.przemyska.pl\/index.php\/wp-json\/wp\/v2\/categories?post=3703"},{"taxonomy":"post_tag","embeddable":true,"href":"https:\/\/budy.przemyska.pl\/index.php\/wp-json\/wp\/v2\/tags?post=3703"}],"curies":[{"name":"wp","href":"https:\/\/api.w.org\/{rel}","templated":true}]}}