{"id":3700,"date":"2023-10-15T11:57:33","date_gmt":"2023-10-15T09:57:33","guid":{"rendered":"http:\/\/www.budylancuckie.przemyska.pl\/?p=3700"},"modified":"2023-10-15T11:57:33","modified_gmt":"2023-10-15T09:57:33","slug":"ogloszenia-parafialne-15-pazdziernik-2023","status":"publish","type":"post","link":"https:\/\/budy.przemyska.pl\/index.php\/2023\/10\/15\/ogloszenia-parafialne-15-pazdziernik-2023\/","title":{"rendered":"Og\u0142oszenia parafialne 15 pa\u017adziernik 2023"},"content":{"rendered":"<h2 style=\"text-align: center;\"><strong><span style=\"color: rgb(0, 0, 128);\">XXVIII Niedziela Zwyk\u0142a &#8211; 15-10-2023<\/span><\/strong><\/h2>\n<h2 style=\"text-align: center;\"><strong><span style=\"color: rgb(0, 0, 128);\">Og\u0142oszenia<br \/>\n\t<\/span><\/strong><\/h2>\n<ol>\n<li>Dzi\u015b o godz. 15.00 Nabo\u017ce\u0144stwo R&oacute;\u017ca\u0144cowe, a po Nim Msza \u015bw. Wraz z ca\u0142ym Ko\u015bcio\u0142em w Polsce prze\u017cywamy dzi\u015b Dzie\u0144 Papieski. Modlitw\u0105 i sercem wspieramy Fundacj\u0119 III Tysi\u0105clecia.<\/li>\n<li>W tym tygodniu w Liturgii Ko\u015bcio\u0142a wspominamy: w poniedzia\u0142ek &ndash; wspomnienie \u015aw. Jadwigi \u015al\u0105skiej; we wtorek &ndash; wspomnienie \u015aw. Ignacego Antioche\u0144skiego; w \u015brod\u0119 &ndash; \u015awi\u0119to \u015aw. \u0141ukasza, Ewangelisty; w pi\u0105tek &#8211; wspomnienie \u015aw. Jana Kantego.<\/li>\n<li>W czwartek Adoracja Naj\u015bwi\u0119tszego Sakramentu od godz. 16.00. <br \/>\n\t\tPo Mszy \u015bw. spotkanie dla klas VI, VII i VIII przed Bierzmowaniem.<\/li>\n<li>W sobot\u0119, 21 pa\u017adziernika, b\u0119dzie mia\u0142a miejsce Pielgrzymka Dzie\u0142a Pomocy Powo\u0142aniom do Archikatedry w Przemy\u015blu. Zapraszamy z mo\u017cliwo\u015bci indywidualnego uczestnictwa w tym wydarzeniu.<\/li>\n<li>Bardzo serdecznie zapraszamy do codziennej modlitwy r&oacute;\u017ca\u0144cowej. Szczeg&oacute;lne zaproszenie kierowane jest do dzieci i m\u0142odzie\u017cy z naszej parafii. <\/li>\n<li>Sk\u0142adam serdeczne B&oacute;g zap\u0142a\u0107 dla os&oacute;b sprz\u0105taj\u0105cych i stroj\u0105cych ko\u015bci&oacute;\u0142 oraz za wszystkie ofiary sk\u0142adane na potrzeby parafii.<\/li>\n<\/ol>\n<h3 style=\"text-align: center;\"><strong><span style=\"color: rgb(0, 0, 128);\">Intencje mszalne<\/span><\/strong><\/h3>\n<h4 style=\"text-align: center;\"><strong><span style=\"color: rgb(0, 0, 128);\">od 16 pa\u017adziernika 2023 do 22 pa\u017adziernika 2023<\/span><\/strong><\/h4>\n<h4>&nbsp;<\/h4>\n<h4><strong>Gdyby zbyt d\u0142ugi czas nie by\u0142a og\u0142oszona zam&oacute;wiona intencja mszalna &ndash; prosimy o zg\u0142oszenie tego kap\u0142anowi.&nbsp; Zam&oacute;wiona intencja nie mo\u017ce zgin\u0105\u0107.<br \/>\n\t<\/strong><\/h4>\n<p><u><strong>Poniedzia\u0142ek &#8211; 16 pa\u017adziernik<br \/>\n\t<\/strong><\/u>1. + Julia Benedyk (greg.)<br \/>\n\t2. + B\u0142a\u017cej Kurek &ndash; od rodziny Wr&oacute;bel <br \/>\n\t3. + Maria, Stefania, W\u0142adys\u0142aw, Stefania Cebulak<\/p>\n<p><u><strong>Wtorek &#8211; 17 pa\u017adziernik<br \/>\n\t<\/strong><\/u>1. + Julia Benedyk (greg.)<br \/>\n\t2. O \u0142ask\u0119 szcz\u0119\u015bliwego rozwi\u0105zania<br \/>\n\t3. + Maria, Antoni, Maria Golenia <\/p>\n<p><u><strong>\u015aroda &#8211; 18 pa\u017adziernik<br \/>\n\t<\/strong><\/u>1. + Julia Benedyk (greg.)<br \/>\n\t2. + J&oacute;zef Mazur &ndash; od rodziny Kr&oacute;l<br \/>\n\t3. O wybawienie z na\u0142ogu i uzdrowienie<\/p>\n<p><u><strong>Czwartek &#8211; 19 pa\u017adziernik<\/strong><\/u><br \/>\n\t1. + Julia Benedyk (greg.) <br \/>\n\t2. + J&oacute;zef Czupich &ndash; od \u017cony<br \/>\n\t3. + Antoni R\u0105czka &ndash; od siostry<\/p>\n<p>\t<u><strong>Pi\u0105tek &#8211; 20 pa\u017adziernik<br \/>\n\t<\/strong><\/u>1. + Julia Benedyk (greg.)<br \/>\n\t2. + Adam Por\u0119bny &ndash; od te\u015bciowej Marii<br \/>\n\t3. + Paulina i Franciszek Pelc i ich zmarli rodzice <\/p>\n<p><u><strong>Sobota &#8211; 21 pa\u017adziernik<br \/>\n\t<\/strong><\/u>1. + Julia Benedyk (greg.) <br \/>\n\t2. + Stanis\u0142aw Bosak i Paulina Bosak &ndash; ( w r. \u015bm.) <br \/>\n\t3. + Weronika (1 r. \u015bm.), Antonina, Teresa, Franciszek Harpula<\/p>\n<p><u><strong>Niedziela &#8211; 22 pa\u017adziernik<br \/>\n\t<\/strong><\/u>06.30 + Antoni R\u0105czka &ndash; od kuzyn&oacute;w z rodziny Franciszka<br \/>\n\t08.00 O \u0142ask\u0119 przebaczenia grzech&oacute;w i zbawienia wiecznego dla Wies\u0142awy i Jerzego Pi&oacute;ro <br \/>\n\t08.00 Za parafian<br \/>\n\t10.30 + Kazimierz Kania &ndash; w rocznic\u0119 \u015bmierci; od syna Damiana z rodzin\u0105 <br \/>\n\t15.00 + Julia Benedyk (greg.)<\/p>\n<h3 style=\"text-align: center;\"><strong><span style=\"color: rgb(0, 0, 128);\">Modlitw\u0119 r&oacute;\u017ca\u0144cow\u0105 prowadz\u0105<\/span><\/strong><\/h3>\n<p>22. Nd. R&oacute;\u017ca Matki Bo\u017cej Szkaplerznej &#8211; (Maria K\u0142os)<\/p>\n","protected":false},"excerpt":{"rendered":"<p>XXVIII Niedziela Zwyk\u0142a &#8211; 15-10-2023 Og\u0142oszenia Dzi\u015b o godz. 15.00 Nabo\u017ce\u0144stwo R&oacute;\u017ca\u0144cowe, a po Nim Msza \u015bw. Wraz z ca\u0142ym Ko\u015bcio\u0142em w Polsce prze\u017cywamy dzi\u015b Dzie\u0144 Papieski. Modlitw\u0105 i sercem &hellip; <a href=\"https:\/\/budy.przemyska.pl\/index.php\/2023\/10\/15\/ogloszenia-parafialne-15-pazdziernik-2023\/\" class=\"more-link\">Czytaj dalej <span class=\"screen-reader-text\">Og\u0142oszenia parafialne 15 pa\u017adziernik 2023<\/span> <span class=\"meta-nav\">&rarr;<\/span><\/a><\/p>\n","protected":false},"author":1,"featured_media":0,"comment_status":"closed","ping_status":"closed","sticky":false,"template":"","format":"standard","meta":{"footnotes":""},"categories":[6,4],"tags":[],"class_list":["post-3700","post","type-post","status-publish","format-standard","hentry","category-aktualnosci","category-ogloszenia"],"_links":{"self":[{"href":"https:\/\/budy.przemyska.pl\/index.php\/wp-json\/wp\/v2\/posts\/3700","targetHints":{"allow":["GET"]}}],"collection":[{"href":"https:\/\/budy.przemyska.pl\/index.php\/wp-json\/wp\/v2\/posts"}],"about":[{"href":"https:\/\/budy.przemyska.pl\/index.php\/wp-json\/wp\/v2\/types\/post"}],"author":[{"embeddable":true,"href":"https:\/\/budy.przemyska.pl\/index.php\/wp-json\/wp\/v2\/users\/1"}],"replies":[{"embeddable":true,"href":"https:\/\/budy.przemyska.pl\/index.php\/wp-json\/wp\/v2\/comments?post=3700"}],"version-history":[{"count":0,"href":"https:\/\/budy.przemyska.pl\/index.php\/wp-json\/wp\/v2\/posts\/3700\/revisions"}],"wp:attachment":[{"href":"https:\/\/budy.przemyska.pl\/index.php\/wp-json\/wp\/v2\/media?parent=3700"}],"wp:term":[{"taxonomy":"category","embeddable":true,"href":"https:\/\/budy.przemyska.pl\/index.php\/wp-json\/wp\/v2\/categories?post=3700"},{"taxonomy":"post_tag","embeddable":true,"href":"https:\/\/budy.przemyska.pl\/index.php\/wp-json\/wp\/v2\/tags?post=3700"}],"curies":[{"name":"wp","href":"https:\/\/api.w.org\/{rel}","templated":true}]}}