{"id":3698,"date":"2023-10-08T09:45:22","date_gmt":"2023-10-08T07:45:22","guid":{"rendered":"http:\/\/www.budylancuckie.przemyska.pl\/?p=3698"},"modified":"2023-10-08T09:45:22","modified_gmt":"2023-10-08T07:45:22","slug":"ogloszenia-parafialne-8-pazdziernik-2023","status":"publish","type":"post","link":"https:\/\/budy.przemyska.pl\/index.php\/2023\/10\/08\/ogloszenia-parafialne-8-pazdziernik-2023\/","title":{"rendered":"Og\u0142oszenia parafialne 8 pa\u017adziernik 2023"},"content":{"rendered":"<h2 style=\"text-align: center;\"><strong><span style=\"color: rgb(0, 0, 128);\">XXVII Niedziela Zwyk\u0142a &#8211; 08-10-2023<\/span><\/strong><\/h2>\n<h2 style=\"text-align: center;\"><strong><span style=\"color: rgb(0, 0, 128);\">Og\u0142oszenia<br \/>\n\t<\/span><\/strong><\/h2>\n<ol>\n<li>Dzi\u015b o godz. 15.00 Nabo\u017ce\u0144stwo R&oacute;\u017ca\u0144cowe, a po Nim Msza \u015bw.<\/li>\n<li>W tym tygodniu w Liturgii Ko\u015bcio\u0142a wspominamy: w pi\u0105tek &ndash; wspomnienie b\u0142og. Honorata Ko\u017ami\u0144skiego.<\/li>\n<li>W czwartek Adoracja Naj\u015bwi\u0119tszego Sakramentu od godz. 16.00.<br \/>\n\t\tPo Mszy \u015bw. spotkanie Akcji Katolickiej.<\/li>\n<li>W pi\u0105tek po Mszy \u015bw. zapraszam na spotkanie Rad\u0119 Parafialn\u0105. Do om&oacute;wienia wydarzenie Peregrynacji Obrazu Serca Jezusowego oraz bie\u017c\u0105ce sprawy \u017cycia parafialnego.<\/li>\n<li>Bardzo serdecznie zapraszamy do codziennej modlitwy r&oacute;\u017ca\u0144cowej. <\/li>\n<li>Za tydzie\u0144 b\u0119dziemy prze\u017cywa\u0107 Dzie\u0144 Papieski. To tak\u017ce III niedziela miesi\u0105ca, w naszej parafii sk\u0142adka na inwestycje. <\/li>\n<li>Sk\u0142adam serdeczne B&oacute;g zap\u0142a\u0107 dla os&oacute;b sprz\u0105taj\u0105cych i stroj\u0105cych ko\u015bci&oacute;\u0142 oraz za wszystkie ofiary sk\u0142adane na potrzeby parafii.<\/li>\n<\/ol>\n<h3 style=\"text-align: center;\"><strong><span style=\"color: rgb(0, 0, 128);\">Intencje mszalne<\/span><\/strong><\/h3>\n<h4 style=\"text-align: center;\"><strong><span style=\"color: rgb(0, 0, 128);\">od 9 pa\u017adziernika 2023 do 15 pa\u017adziernika 2023<\/span><\/strong><\/h4>\n<h4>&nbsp;<\/h4>\n<h4><strong>Gdyby zbyt d\u0142ugi czas nie by\u0142a og\u0142oszona zam&oacute;wiona intencja mszalna &ndash; prosimy o zg\u0142oszenie tego kap\u0142anowi.&nbsp; Zam&oacute;wiona intencja nie mo\u017ce zgin\u0105\u0107.<br \/>\n\t<\/strong><\/h4>\n<p><u><strong>Poniedzia\u0142ek &#8211; 9 pa\u017adziernik<br \/>\n\t<\/strong><\/u>1. + Julia Benedyk (greg.)<br \/>\n\t2. + Adam Por\u0119bny &ndash; od wnuka Filipa <br \/>\n\t3. + Franciszek Kr&oacute;l &ndash; od Andrzeja z rodzin\u0105<\/p>\n<p><u><strong>Wtorek &#8211; 10 pa\u017adziernik<br \/>\n\t<\/strong><\/u>1. + Julia Benedyk (greg.)<br \/>\n\t2. Dzi\u0119kczynna; z pro\u015bb\u0105 o b\u0142og. Bo\u017ce w 40 &ndash; lecie \u015blubu Stanis\u0142awy i Leszka<br \/>\n\t3. + Franciszek Bartnik &ndash; od siostrzenicy s. Haliny Szostek wraz ze Wsp&oacute;lnot\u0105 Si&oacute;str z Pacanowa <\/p>\n<p><u><strong>\u015aroda &#8211; 11 pa\u017adziernik<br \/>\n\t<\/strong><\/u>1. + Julia Benedyk (greg.)<br \/>\n\t2. + J&oacute;zef Mazur &ndash; od c&oacute;rki Jolanty z rodzin\u0105<br \/>\n\t3. Dzi\u0119kczynna za otrzymane \u0142aski; z pro\u015bb\u0105 o b\u0142og. Bo\u017ce dla Agnieszki i Miros\u0142awa w 10-t\u0105 r. \u015blubu &ndash; od mamy Aliny<\/p>\n<p><u><strong>Czwartek &#8211; 12 pa\u017adziernik<\/strong><\/u><br \/>\n\t1. + Julia Benedyk (greg.) <br \/>\n\t2. + Maria, Tadeusz Baj<br \/>\n\t3. + Salomea i W\u0142adys\u0142aw Rupar (r. \u015bm.) i Jan Kurek<\/p>\n<p>\t<u><strong>Pi\u0105tek &#8211; 13 pa\u017adziernik<br \/>\n\t<\/strong><\/u>1. + Julia Benedyk (greg.)<br \/>\n\t2. + Ala Sucha<br \/>\n\t3. + Stanis\u0142awa Mach &ndash;od Prac. Banku Sp&oacute;\u0142. w Bia\u0142obrzegach<\/p>\n<p><u><strong>Sobota &#8211; 14 pa\u017adziernik<br \/>\n\t<\/strong><\/u>1. + Julia Benedyk (greg.) <br \/>\n\t2. + Stanis\u0142awa \u015awi\u0119toniowska&ndash;od Ani, Oli, Stasi; od kol. c&oacute;rki Kazi<br \/>\n\t3. + Stanis\u0142awa i Bronis\u0142aw Marek i zmarli z rodziny<\/p>\n<p><u><strong>Niedziela &#8211; 15 pa\u017adziernik<br \/>\n\t<\/strong><\/u>06.30 + J&oacute;zef Mazur &ndash; od syna Macieja z rodzin\u0105 <br \/>\n\t08.00 O b\u0142. B. i potrzebne \u0142aski dla Wies\u0142awy i Jerzego Pi&oacute;ro<br \/>\n\t08.00 J&oacute;zef i Stanis\u0142awa Bosak<br \/>\n\t10.30 Za parafian <br \/>\n\t15.00 + Julia Benedyk ( greg.)<\/p>\n<h3 style=\"text-align: center;\"><strong><span style=\"color: rgb(0, 0, 128);\">Modlitw\u0119 r&oacute;\u017ca\u0144cow\u0105 prowadz\u0105<\/span><\/strong><\/h3>\n<p>15. Nd. R&oacute;\u017ca Matki Bo\u017cej R&oacute;\u017ca\u0144cowej &#8211; (Zofia \u015awizdor)<\/p>\n<h3 style=\"text-align: center;\"><strong><span style=\"color: rgb(0, 0, 128);\">Propozycja intencji do przekazania do odprawienia <br \/>\n\t<\/span><\/strong><strong><span style=\"color: rgb(0, 0, 128);\">w Wy\u017cszym Seminarium Duchownym w Przemy\u015blu<br \/>\n\t<\/span><\/strong><\/h3>\n<p>01.&nbsp;&nbsp;&nbsp; &nbsp;+ Adam Por\u0119bny &ndash; od Danuty Kojder<br \/>\n\t02.&nbsp;&nbsp;&nbsp; &nbsp;+ Adam Por\u0119bny &ndash; od Sabiny Kojder<br \/>\n\t03.&nbsp;&nbsp;&nbsp; &nbsp;+ Adam Por\u0119bny &ndash; od Katarzyny Krzan z rodzin\u0105<br \/>\n\t04.&nbsp;&nbsp;&nbsp; &nbsp;+ Adam Por\u0119bny &ndash; od Kamili Krzan z rodzin\u0105<br \/>\n\t05.&nbsp;&nbsp;&nbsp; &nbsp;+ Adam Por\u0119bny &ndash; od wsp&oacute;\u0142pracownik&oacute;w Pauliny<br \/>\n\t06.&nbsp;&nbsp;&nbsp; &nbsp;+ Adam Por\u0119bny &ndash; od Krystyny z rodzin\u0105<br \/>\n\t07.&nbsp;&nbsp;&nbsp; &nbsp;+ J&oacute;zef Mazur &ndash; od rodziny Nowak&oacute;w z Nienad&oacute;wki<br \/>\n\t08.&nbsp;&nbsp;&nbsp; &nbsp;+ J&oacute;zef Mazur &ndash; od rodziny Gwo\u017adzi&oacute;w z Trzebowniska<br \/>\n\t09.&nbsp;&nbsp;&nbsp; &nbsp;+ J&oacute;zef Mazur &ndash; od Krystyny Krawiec z Rzeszowa<br \/>\n\t10.&nbsp;&nbsp;&nbsp; &nbsp;+ J&oacute;zef Mazur &ndash; od Janiny i Jana Tobiasz z Nienad&oacute;wki<br \/>\n\t11.&nbsp;&nbsp;&nbsp; &nbsp;+ J&oacute;zef Mazur &ndash; od Teresy i Antoniego Krawiec z Nienad&oacute;wki<br \/>\n\t12.&nbsp;&nbsp;&nbsp; &nbsp;+ J&oacute;zef Mazur &ndash; od szwagra Antoniego z rodzin\u0105 z Kielc<br \/>\n\t13.&nbsp;&nbsp;&nbsp; &nbsp;+ J&oacute;zef Czupich &ndash; od Weroniki i Micha\u0142a Bo\u017cek z rodzin\u0105<br \/>\n\t14.&nbsp;&nbsp;&nbsp; &nbsp;+ J&oacute;zef Czupich &ndash; od kol. Eli z oddzia\u0142u Kardiologii w \u0141a\u0144cucie<br \/>\n\t15.&nbsp;&nbsp;&nbsp; &nbsp;+ J&oacute;zef Czupich &ndash; od rodziny Mark&oacute;w z Grodziska<br \/>\n\t16.&nbsp;&nbsp;&nbsp; &nbsp;+ J&oacute;zef Czupich &ndash; od rodziny Chmiel&oacute;w z Le\u017cajska<br \/>\n\t17.&nbsp;&nbsp;&nbsp; &nbsp;+ J&oacute;zef Czupich &ndash; od rodziny Manaszk&oacute;w z Wo\u0142omina<br \/>\n\t18.&nbsp;&nbsp;&nbsp; &nbsp;+ J&oacute;zef Czupich &ndash; od rodziny Kudyba<br \/>\n\t19.&nbsp;&nbsp;&nbsp; &nbsp;+ Franciszek Bartnik &ndash; od Ko\u0142a Gospody\u0144 Wiejskich (Pr. strona)<br \/>\n\t20.&nbsp;&nbsp;&nbsp; &nbsp;+ Franciszek Bartnik &ndash; od Ko\u0142a Gospody\u0144 Wiejskich (Pr. strona)<br \/>\n\t21.&nbsp;&nbsp;&nbsp; &nbsp;+ Franciszek Bartnik &ndash; od Krystyny Szubart z \u0141a\u0144cuta<br \/>\n\t22.&nbsp;&nbsp;&nbsp; &nbsp;+ Franciszek Bartnik &ndash; od Weso\u0142owskich<br \/>\n\t23.&nbsp;&nbsp;&nbsp; &nbsp;+ Franciszek Bartnik &ndash; od Emeryt&oacute;w z Gazowni w \u0141a\u0144cucie<br \/>\n\t24.&nbsp;&nbsp;&nbsp; &nbsp;+ Franciszek Bartnik &ndash; od Emeryt&oacute;w z Gazowni w \u0141a\u0144cucie<br \/>\n\t25.&nbsp;&nbsp;&nbsp; &nbsp;+ Andrzej Pietrzycki &ndash; od Ewy i Zenona R&oacute;\u017cyckich<br \/>\n\t26.&nbsp;&nbsp;&nbsp; &nbsp;+ Andrzej Pietrzycki &ndash; od kierowc&oacute;w emeryt&oacute;w z PKS w Rzeszowie<br \/>\n\t27.&nbsp;&nbsp;&nbsp; &nbsp;+ Andrzej Pietrzycki &ndash; od Edwarda Bruda z rodzin\u0105<br \/>\n\t28.&nbsp;&nbsp;&nbsp; &nbsp;+ Andrzej Pietrzycki &ndash; od Marty i Roberta Stelmarczyk z rodzin\u0105<br \/>\n\t29.&nbsp;&nbsp;&nbsp; &nbsp;+ Andrzej Pietrzycki &ndash; od rodziny Piotrowskich<br \/>\n\t30.&nbsp;&nbsp;&nbsp; &nbsp;+ Andrzej Pietrzycki &ndash; od Paw\u0142a z rodzin\u0105 <\/p>\n<p>&nbsp;<\/p>\n","protected":false},"excerpt":{"rendered":"<p>XXVII Niedziela Zwyk\u0142a &#8211; 08-10-2023 Og\u0142oszenia Dzi\u015b o godz. 15.00 Nabo\u017ce\u0144stwo R&oacute;\u017ca\u0144cowe, a po Nim Msza \u015bw. W tym tygodniu w Liturgii Ko\u015bcio\u0142a wspominamy: w pi\u0105tek &ndash; wspomnienie b\u0142og. Honorata &hellip; <a href=\"https:\/\/budy.przemyska.pl\/index.php\/2023\/10\/08\/ogloszenia-parafialne-8-pazdziernik-2023\/\" class=\"more-link\">Czytaj dalej <span class=\"screen-reader-text\">Og\u0142oszenia parafialne 8 pa\u017adziernik 2023<\/span> <span class=\"meta-nav\">&rarr;<\/span><\/a><\/p>\n","protected":false},"author":1,"featured_media":0,"comment_status":"closed","ping_status":"closed","sticky":false,"template":"","format":"standard","meta":{"footnotes":""},"categories":[6,4],"tags":[],"class_list":["post-3698","post","type-post","status-publish","format-standard","hentry","category-aktualnosci","category-ogloszenia"],"_links":{"self":[{"href":"https:\/\/budy.przemyska.pl\/index.php\/wp-json\/wp\/v2\/posts\/3698","targetHints":{"allow":["GET"]}}],"collection":[{"href":"https:\/\/budy.przemyska.pl\/index.php\/wp-json\/wp\/v2\/posts"}],"about":[{"href":"https:\/\/budy.przemyska.pl\/index.php\/wp-json\/wp\/v2\/types\/post"}],"author":[{"embeddable":true,"href":"https:\/\/budy.przemyska.pl\/index.php\/wp-json\/wp\/v2\/users\/1"}],"replies":[{"embeddable":true,"href":"https:\/\/budy.przemyska.pl\/index.php\/wp-json\/wp\/v2\/comments?post=3698"}],"version-history":[{"count":0,"href":"https:\/\/budy.przemyska.pl\/index.php\/wp-json\/wp\/v2\/posts\/3698\/revisions"}],"wp:attachment":[{"href":"https:\/\/budy.przemyska.pl\/index.php\/wp-json\/wp\/v2\/media?parent=3698"}],"wp:term":[{"taxonomy":"category","embeddable":true,"href":"https:\/\/budy.przemyska.pl\/index.php\/wp-json\/wp\/v2\/categories?post=3698"},{"taxonomy":"post_tag","embeddable":true,"href":"https:\/\/budy.przemyska.pl\/index.php\/wp-json\/wp\/v2\/tags?post=3698"}],"curies":[{"name":"wp","href":"https:\/\/api.w.org\/{rel}","templated":true}]}}