{"id":3696,"date":"2023-10-01T18:12:58","date_gmt":"2023-10-01T16:12:58","guid":{"rendered":"http:\/\/www.budylancuckie.przemyska.pl\/?p=3696"},"modified":"2023-10-01T18:12:58","modified_gmt":"2023-10-01T16:12:58","slug":"ogloszenia-parafialne-1-pazdziernik-2023","status":"publish","type":"post","link":"https:\/\/budy.przemyska.pl\/index.php\/2023\/10\/01\/ogloszenia-parafialne-1-pazdziernik-2023\/","title":{"rendered":"Og\u0142oszenia parafialne 1 pa\u017adziernik 2023"},"content":{"rendered":"<h2 style=\"text-align: center;\"><strong><span style=\"color: rgb(0, 0, 128);\">XXVI Niedziela Zwyk\u0142a &#8211; 01-10-2023<\/span><\/strong><\/h2>\n<h2 style=\"text-align: center;\"><strong><span style=\"color: rgb(0, 0, 128);\">Og\u0142oszenia<br \/>\n\t<\/span><\/strong><\/h2>\n<ol>\n<li>Dzi\u015b o godz. 15.00 Nabo\u017ce\u0144stwo R&oacute;\u017ca\u0144cowe, a po Nim Msza \u015bw.<\/li>\n<li>W tym tygodniu w Liturgii Ko\u015bcio\u0142a wspominamy: w poniedzia\u0142ek &ndash; wspomnienie \u015aw. Anio\u0142&oacute;w Str&oacute;\u017c&oacute;w; w \u015brod\u0119 &ndash; wspomnienie \u015aw. Franciszka z Asy\u017cu; w czwartek &ndash; wspomnienie \u015aw. Faustyny; w sobot\u0119 &ndash; wspomnienie NMP R&oacute;\u017ca\u0144cowej. <\/li>\n<li>W czwartek Adoracja Naj\u015bwi\u0119tszego Sakramentu od godz. 16.00.<\/li>\n<li>Od jutra Msza \u015bw. b\u0119dzie sprawowana o godz. 17.00, a po Niej Nabo\u017ce\u0144stwo R&oacute;\u017ca\u0144cowe.<\/li>\n<li>W najbli\u017csz\u0105 niedziel\u0119 Kazania w naszej parafii wyg\u0142osi ks. Jacek \u0141uc &#8211; proboszcz ze Zmys\u0142&oacute;wki. Ofiary sk\u0142adane w tym dniu zostan\u0105 przekazane na budow\u0119 nowego ko\u015bcio\u0142a. W miar\u0119 naszych mo\u017cliwo\u015bci chciejmy wesprze\u0107 s\u0105siedni\u0105 parafi\u0119. <\/li>\n<li>W tym tygodniu wypada I czwartek, I pi\u0105tek i I sobota miesi\u0105ca.<\/li>\n<li>W I czwartek modlimy si\u0119 w intencji powo\u0142anych i o nowe powo\u0142ania do S\u0142u\u017cby Bo\u017cej.<\/li>\n<li>W I pi\u0105tek czcimy Naj\u015bwi\u0119tsze Serce Pana Jezusa. Msza \u015bw. o godz. 06.45 oraz o godz. 17.00. Po rannej Mszy \u015bw. odwiedziny chorych z Komuni\u0105 \u015bw. Mo\u017cliwo\u015b\u0107 Spowiedzi \u015bw. codziennie godzin\u0119 przed Msz\u0105 \u015bw.<\/li>\n<li>W I sobot\u0119 czcimy Niepokalane Serce NMP. O godz. 17.00 Msza \u015bw., po Niej Nabo\u017ce\u0144stwo R&oacute;\u017ca\u0144cowe, procesja z Figurk\u0105 Matki Bo\u017cej Fatimskiej i zmiana tajemnic r&oacute;\u017ca\u0144cowych. W czasie Mszy \u015bw. dzieci z klas III przygotowuj\u0105ce si\u0119 do I Komunii \u015bw. otrzymaj\u0105 po\u015bwi\u0119cone r&oacute;\u017ca\u0144ce. Na zako\u0144czenie b\u0119dzie mia\u0142o miejsce jeszcze spotkanie dla rodzic&oacute;w dzieci klas III.<\/li>\n<li>22 i 23 listopada prze\u017cywa\u0107 b\u0119dziemy w naszej parafii Nawiedzenie Obrazu Naj\u015bwi\u0119tszego Serca Pana Jezusa. Do tego donios\u0142ego wydarzenia przygotowywa\u0107 si\u0119 b\u0119dziemy poprzez Rekolekcje \u015bw. Po uroczystej peregrynacji w parafii rozpocznie si\u0119 r&oacute;wnie\u017c peregrynacja w naszych rodzinach.<\/li>\n<li>W dzisiejsz\u0105 niedziel\u0119 rozpoczynamy Nabo\u017ce\u0144stwa R&oacute;\u017ca\u0144cowe. Zapraszamy do wsp&oacute;lnej modlitwy przez ca\u0142y miesi\u0105c pa\u017adziernik. Szczeg&oacute;lne zaproszenie kierujemy do dzieci przygotowuj\u0105ce si\u0119 do I Komunii \u015bw. i m\u0142odzie\u017cy przyst\u0119puj\u0105cej do Sakramentu Bierzmowania. <\/li>\n<li>Sk\u0142adam serdeczne B&oacute;g zap\u0142a\u0107 dla os&oacute;b sprz\u0105taj\u0105cych i stroj\u0105cych ko\u015bci&oacute;\u0142 oraz za wszystkie ofiary sk\u0142adane na potrzeby parafii.<\/li>\n<\/ol>\n<h3 style=\"text-align: center;\"><strong><span style=\"color: rgb(0, 0, 128);\">Intencje mszalne<\/span><\/strong><\/h3>\n<h4 style=\"text-align: center;\"><strong><span style=\"color: rgb(0, 0, 128);\">od 2 pa\u017adziernika 2023 do 8 pa\u017adziernika 2023<\/span><\/strong><\/h4>\n<h4>&nbsp;<\/h4>\n<h4><strong>Gdyby zbyt d\u0142ugi czas nie by\u0142a og\u0142oszona zam&oacute;wiona intencja mszalna &ndash; prosimy o zg\u0142oszenie tego kap\u0142anowi.&nbsp; Zam&oacute;wiona intencja nie mo\u017ce zgin\u0105\u0107.<br \/>\n\t<\/strong><\/h4>\n<p><u><strong>Poniedzia\u0142ek &#8211; 2 pa\u017adziernik<br \/>\n\t<\/strong><\/u>1. + Julia Benedyk (greg.)<br \/>\n\t2. + Adam Por\u0119bny &ndash; od syna Jakuba z Wiktori\u0105 <br \/>\n\t3. Dzi\u0119kczynna; z pro\u015bb\u0105 o \u0142ask\u0119 zdrowia, wiary i trze\u017awo\u015b\u0107 w rodzinie<\/p>\n<p><u><strong>Wtorek &#8211; 3 pa\u017adziernik<br \/>\n\t<\/strong><\/u>1. + Julia Benedyk (greg.)<br \/>\n\t2. + B\u0142a\u017cej Kurek &#8211; ,od Parafialnego Zespo\u0142u Caritas w Lubli <br \/>\n\t3. + Franciszek Bartnik &ndash; od s\u0105siad&oacute;w Pelc&oacute;w <\/p>\n<p><u><strong>\u015aroda &#8211; 4 pa\u017adziernik<br \/>\n\t<\/strong><\/u>1. + Julia Benedyk (greg.)<br \/>\n\t2. + Stanis\u0142awa Mach &ndash; od rodziny Mach<br \/>\n\t3. + Franciszek Bartnik &ndash; od siostry Genowefy <\/p>\n<p><u><strong>Czwartek &#8211; 5 pa\u017adziernik<\/strong><\/u><br \/>\n\t1. + Julia Benedyk (greg.) <br \/>\n\t2. + J&oacute;zef Czupich &ndash; od c&oacute;rki El\u017cbiety z rodzin\u0105<br \/>\n\t3. + Bogus\u0142aw Czyrek &ndash; 2 rocznica \u015bmierci<\/p>\n<p>\t<u><strong>Pi\u0105tek &#8211; 6 pa\u017adziernik<br \/>\n\t<\/strong><\/u>06.45 +Julia Benedyk (greg.)<br \/>\n\t17.00 + B\u0142a\u017cej Kurek &ndash; od Rady Parafialnej w Lubli<br \/>\n\t17.00 + \u0141ukasz Kocha\u0144czyk &ndash; od rodziny Baj i Kojder<\/p>\n<p><u><strong>Sobota &#8211; 7 pa\u017adziernik<br \/>\n\t<\/strong><\/u>1. + Julia Benedyk (greg.) <br \/>\n\t2. + J&oacute;zef Mazur &ndash; od c&oacute;rki Anny z rodzin\u0105<br \/>\n\t3. Dzi\u0119kczynna z okazji 75-tych urodzin Jana; z pro\u015bb\u0105 o zdrowie i b\u0142og. Bo\u017ce &ndash; int. od dzieci <\/p>\n<p><u><strong>Niedziela &#8211; 8 pa\u017adziernik<br \/>\n\t<\/strong><\/u>06.30 + Edward (1 r. \u015bm.) &ndash; od siostry Aliny <br \/>\n\t08.00 + Zofia Wikiera (rocz. \u015bm.) oraz zmarli z rodziny <br \/>\n\t08.00 Dzi\u0119kczynna za 20 lat ma\u0142\u017ce\u0144stwa Grzegorza i Lucyny; z pro\u015bb\u0105 o b\u0142og. Bo\u017ce i opiek\u0119 Matki Bo\u017cej <br \/>\n\t10.30 Za parafian <br \/>\n\t15.00 + Julia Benedyk ( greg.)<\/p>\n","protected":false},"excerpt":{"rendered":"<p>XXVI Niedziela Zwyk\u0142a &#8211; 01-10-2023 Og\u0142oszenia Dzi\u015b o godz. 15.00 Nabo\u017ce\u0144stwo R&oacute;\u017ca\u0144cowe, a po Nim Msza \u015bw. W tym tygodniu w Liturgii Ko\u015bcio\u0142a wspominamy: w poniedzia\u0142ek &ndash; wspomnienie \u015aw. Anio\u0142&oacute;w &hellip; <a href=\"https:\/\/budy.przemyska.pl\/index.php\/2023\/10\/01\/ogloszenia-parafialne-1-pazdziernik-2023\/\" class=\"more-link\">Czytaj dalej <span class=\"screen-reader-text\">Og\u0142oszenia parafialne 1 pa\u017adziernik 2023<\/span> <span class=\"meta-nav\">&rarr;<\/span><\/a><\/p>\n","protected":false},"author":1,"featured_media":0,"comment_status":"closed","ping_status":"closed","sticky":false,"template":"","format":"standard","meta":{"footnotes":""},"categories":[6,4],"tags":[],"class_list":["post-3696","post","type-post","status-publish","format-standard","hentry","category-aktualnosci","category-ogloszenia"],"_links":{"self":[{"href":"https:\/\/budy.przemyska.pl\/index.php\/wp-json\/wp\/v2\/posts\/3696","targetHints":{"allow":["GET"]}}],"collection":[{"href":"https:\/\/budy.przemyska.pl\/index.php\/wp-json\/wp\/v2\/posts"}],"about":[{"href":"https:\/\/budy.przemyska.pl\/index.php\/wp-json\/wp\/v2\/types\/post"}],"author":[{"embeddable":true,"href":"https:\/\/budy.przemyska.pl\/index.php\/wp-json\/wp\/v2\/users\/1"}],"replies":[{"embeddable":true,"href":"https:\/\/budy.przemyska.pl\/index.php\/wp-json\/wp\/v2\/comments?post=3696"}],"version-history":[{"count":0,"href":"https:\/\/budy.przemyska.pl\/index.php\/wp-json\/wp\/v2\/posts\/3696\/revisions"}],"wp:attachment":[{"href":"https:\/\/budy.przemyska.pl\/index.php\/wp-json\/wp\/v2\/media?parent=3696"}],"wp:term":[{"taxonomy":"category","embeddable":true,"href":"https:\/\/budy.przemyska.pl\/index.php\/wp-json\/wp\/v2\/categories?post=3696"},{"taxonomy":"post_tag","embeddable":true,"href":"https:\/\/budy.przemyska.pl\/index.php\/wp-json\/wp\/v2\/tags?post=3696"}],"curies":[{"name":"wp","href":"https:\/\/api.w.org\/{rel}","templated":true}]}}