{"id":3693,"date":"2023-09-23T17:50:37","date_gmt":"2023-09-23T15:50:37","guid":{"rendered":"http:\/\/www.budylancuckie.przemyska.pl\/?p=3693"},"modified":"2023-09-23T17:50:37","modified_gmt":"2023-09-23T15:50:37","slug":"ogloszenia-parafialne-24-wrzesien-2023","status":"publish","type":"post","link":"https:\/\/budy.przemyska.pl\/index.php\/2023\/09\/23\/ogloszenia-parafialne-24-wrzesien-2023\/","title":{"rendered":"Og\u0142oszenia parafialne 24 wrzesie\u0144 2023"},"content":{"rendered":"<h2 style=\"text-align: center;\"><strong><span style=\"color: rgb(0, 0, 128);\">XXV Niedziela Zwyk\u0142a &#8211; 24-09-2023<\/span><\/strong><\/h2>\n<h2 style=\"text-align: center;\"><strong><span style=\"color: rgb(0, 0, 128);\">Og\u0142oszenia<br \/>\n\t<\/span><\/strong><\/h2>\n<ol>\n<li>Dzi\u015b o godz. 15.00 Nabo\u017ce\u0144stwo do \u015bw. J&oacute;zefa, a po Nim Msza \u015bw.<\/li>\n<li>W tym tygodniu w Liturgii Ko\u015bcio\u0142a wspominamy: w \u015brod\u0119 &ndash; wspomnienie \u015bw. Wincentego a Paulo; w czwartek &ndash; wspomnienie \u015bw. Wac\u0142awa; w pi\u0105tek &ndash; \u015awi\u0119to \u015bw. Archanio\u0142&oacute;w Micha\u0142a, Gabriela i Rafa\u0142a, w sobot\u0119 &ndash; wspomnienie \u015bw. Hieronima. <\/li>\n<li>W czwartek Adoracja Naj\u015bwi\u0119tszego Sakramentu od godz. 17.00.<\/li>\n<li>W najbli\u017csz\u0105 niedziel\u0119 rozpoczniemy Nabo\u017ce\u0144stwa R&oacute;\u017ca\u0144cowe. Ju\u017c dzisiaj zapraszamy do wsp&oacute;lnej modlitwy r&oacute;\u017ca\u0144cowej przez ca\u0142y miesi\u0105c pa\u017adziernik. Szczeg&oacute;lne zaproszenie kierujemy do dzieci i m\u0142odzie\u017cy przygotowuj\u0105cych si\u0119 do przyj\u0119cia I Komunii \u015bw. i Sakramentu Bierzmowania. <\/li>\n<li>Sk\u0142adam serdeczne B&oacute;g zap\u0142a\u0107 dla os&oacute;b sprz\u0105taj\u0105cych i stroj\u0105cych ko\u015bci&oacute;\u0142 oraz za wszystkie ofiary sk\u0142adane na potrzeby parafii.<\/li>\n<\/ol>\n<h3 style=\"text-align: center;\"><strong><span style=\"color: rgb(0, 0, 128);\">Intencje mszalne<\/span><\/strong><\/h3>\n<h4 style=\"text-align: center;\"><strong><span style=\"color: rgb(0, 0, 128);\">od 25 wrze\u015bnia 2023 do 1 pa\u017adziernika 2023<\/span><\/strong><\/h4>\n<h4>&nbsp;<\/h4>\n<h4><strong>Gdyby zbyt d\u0142ugi czas nie by\u0142a og\u0142oszona zam&oacute;wiona intencja mszalna &ndash; prosimy o zg\u0142oszenie tego kap\u0142anowi.&nbsp; Zam&oacute;wiona intencja nie mo\u017ce zgin\u0105\u0107.<br \/>\n\t<\/strong><\/h4>\n<p><u><strong>Poniedzia\u0142ek &#8211; 25 wrzesie\u0144<br \/>\n\t<\/strong><\/u>1. + Weronika Harpula (greg.)<br \/>\n\t2. + Adam Por\u0119bny &ndash; od dzieci: Pauliny, Jakuba i Julii <br \/>\n\t3. + Anna, Ludwik Harpula, Bogdan Blok i zmarli Rodzice<\/p>\n<p><u><strong>Wtorek &#8211; 26 wrzesie\u0144<br \/>\n\t<\/strong><\/u>1. + Weronika Harpula (greg.)<br \/>\n\t2. Dzi\u0119kczynna; z pro\u015bb\u0105 o b\u0142og. Bo\u017ce w 50-t\u0105 rocz. urodzin<br \/>\n\t3. Dzi\u0119kczynna; z pro\u015bb\u0105 o b\u0142og. Bo\u017ce i opiek\u0119 Matki Bo\u017cej dla Marii w 90-t\u0105 rocz. urodzin &ndash; od c&oacute;rki i syn&oacute;w<\/p>\n<p><u><strong>\u015aroda &#8211; 27 wrzesie\u0144<br \/>\n\t<\/strong><\/u>1. + Weronika Harpula (greg.)<br \/>\n\t2. + Stanis\u0142awa Mach &ndash; od kuzynki Zofii Bagienko <br \/>\n\t3. + J&oacute;zef Czupich &ndash; od syna Tomasza z \u017con\u0105<\/p>\n<p><u><strong>Czwartek &#8211; 28 wrzesie\u0144<\/strong><\/u><br \/>\n\t1. + Weronika Harpula (greg.) <br \/>\n\t2. + Jan Blok, W\u0142adys\u0142aw i Stanis\u0142awa<br \/>\n\t3. + Franciszek Bartnik &ndash; od syna Macieja z \u017con\u0105 i dzie\u0107mi<\/p>\n<p>\t<u><strong>Pi\u0105tek &#8211; 29 wrzesie\u0144<br \/>\n\t<\/strong><\/u>1. + Weronika Harpula (greg.)<br \/>\n\t2. + Anna, Stanis\u0142aw i ks. Jan Cebulak<br \/>\n\t3. + Stanis\u0142aw Baran &ndash; 3 rocznica \u015bmierci<\/p>\n<p><u><strong>Sobota &#8211; 30 wrzesie\u0144<br \/>\n\t<\/strong><\/u>1. + Weronika Harpula (greg.) <br \/>\n\t2. + Adam Por\u0119bny &ndash; od c&oacute;rki Pauliny z rodzin\u0105<br \/>\n\t3. + Franciszek, Anna, Franciszek<\/p>\n<p><u><strong>Niedziela &#8211; 1 pa\u017adziernik<br \/>\n\t<\/strong><\/u>06.30 + Stanis\u0142awa \u015awi\u0119toniowska &ndash; od s\u0105siad&oacute;w: \u015awizdor i K\u0142os<br \/>\n\t08.00 + Krystyna i W\u0142adys\u0142aw Hypnar &ndash; od c&oacute;rki Anny <br \/>\n\t08.00 + Emilia, Franciszek, Tadeusz Mach<br \/>\n\t10.30 Za parafian <br \/>\n\t15.00 + Julia Benedyk (pocz. greg.)<\/p>\n<h3 style=\"text-align: center;\"><strong><span style=\"color: rgb(0, 0, 128);\">Modlitw\u0119 r&oacute;\u017ca\u0144cow\u0105 prowadz\u0105<\/span><\/strong><\/h3>\n<p>25. Pn. R&oacute;\u017ca \u015aw. Kingi &#8211; (El\u017cbieta Wacnik)<br \/>\n\t26. Wt. R&oacute;\u017ca \u015aw. Marii Magdaleny &ndash; (Janina Rachwa\u0142)<br \/>\n\t27. \u015ar. R&oacute;\u017ca \u015aw. Marii Goretti &ndash; (El\u017cbieta Kukulska)<br \/>\n\t28. Cz. R&oacute;\u017ca \u015aw. Marty &ndash; (Czes\u0142awa Por\u0119bna)<br \/>\n\t29. Pt. KSM<br \/>\n\t30. Sb. R&oacute;\u017ca \u015aw. Jadwigi \u015al\u0105skiej &ndash; (Edyta Wal) <br \/>\n\t01. Nd. R&oacute;\u017ca Matki Bo\u017cej Bolesnej &#8211; (Krystyna Szostek)<\/p>\n<p><strong>Wyznaczona R&oacute;\u017ca jest proszona o prowadzenie modlitwy r&oacute;\u017ca\u0144cowej.<\/strong><\/p>\n<h3 style=\"text-align: center;\"><strong><span style=\"color: rgb(0, 0, 128);\">Propozycja intencji do przekazania do odprawienia <br \/>\n\t<\/span><\/strong><strong><span style=\"color: rgb(0, 0, 128);\">w Wy\u017cszym Seminarium Duchownym w Przemy\u015blu<br \/>\n\t<\/span><\/strong><\/h3>\n<p>01.&nbsp;&nbsp;&nbsp; &nbsp;+ J&oacute;zef Mazur &ndash; od rodziny Kojdr&oacute;w z Buska-Zdroju<br \/>\n\t02.&nbsp;&nbsp;&nbsp; &nbsp;+ J&oacute;zef Mazur &ndash; od Fundacji Podkarpackiego Hospicjum dla dzieci<br \/>\n\t03.&nbsp;&nbsp;&nbsp; &nbsp;+ J&oacute;zef Mazur &ndash; od Grzegorza z rodzin\u0105<br \/>\n\t04.&nbsp;&nbsp;&nbsp; &nbsp;+ J&oacute;zef Mazur &ndash; od kol. syna Macieja ze studi&oacute;w na AGH w Krakowie<br \/>\n\t05.&nbsp;&nbsp;&nbsp; &nbsp;+ J&oacute;zef Mazur &ndash; od kolegi Gienka<br \/>\n\t06.&nbsp;&nbsp;&nbsp; &nbsp;+ J&oacute;zef Czupich &ndash; od najbli\u017cszych kole\u017canek Eli<br \/>\n\t07.&nbsp;&nbsp;&nbsp; &nbsp;+ J&oacute;zef Czupich &ndash; od rodziny Renaty i Bogdana Prach<br \/>\n\t08.&nbsp;&nbsp;&nbsp; &nbsp;+ J&oacute;zef Czupich &ndash; od Doroty, Renaty, Ewy i Piotra z Rzeszowa<br \/>\n\t09.&nbsp;&nbsp;&nbsp; &nbsp;+ J&oacute;zef Czupich &ndash; od siostrzenicy Danuty z rodzin\u0105<br \/>\n\t10.&nbsp;&nbsp;&nbsp; &nbsp;+ J&oacute;zef Czupich &ndash; od Eweliny i Arkadiusza Janusz<br \/>\n\t11.&nbsp;&nbsp;&nbsp; &nbsp;+ Franciszek Bartnik &ndash; od kol. i kol. syna Wojtka z Legalizacji<br \/>\n\t12.&nbsp;&nbsp;&nbsp; &nbsp;+ Franciszek Bartnik &ndash; od kol. i kol. Syna Wojtka z Legalizacji<br \/>\n\t13.&nbsp;&nbsp;&nbsp; &nbsp;+ Franciszek Bartnik &ndash; od kuzyna Mariana Mach z rodzin\u0105<br \/>\n\t14.&nbsp;&nbsp;&nbsp; &nbsp;+ Franciszek Bartnik &ndash; od Jacka i Agnieszki Wikiera<br \/>\n\t15.&nbsp;&nbsp;&nbsp; &nbsp;+ Franciszek Bartnik &ndash; od pracownik&oacute;w Gazowni \u0141a\u0144cut<br \/>\n\t16.&nbsp;&nbsp;&nbsp; &nbsp;+ B\u0142a\u017cej Kurek &ndash; od kol. i kol. z klasy Licealnej<br \/>\n\t17.&nbsp;&nbsp;&nbsp; &nbsp;+ Mieczys\u0142aw Skiba, Genowefa Skiba, Stanis\u0142awa Skiba, J&oacute;zef Skiba<br \/>\n\t18.&nbsp;&nbsp;&nbsp; &nbsp;+ J&oacute;zefa S\u0142ysz &ndash; od siostrzenicy Jadwigi z rodzin\u0105<br \/>\n\t19.&nbsp;&nbsp;&nbsp; &nbsp;+ J&oacute;zefa S\u0142ysz &ndash; od rodziny A. Wota i F. W\u0119grzyn<br \/>\n\t20.&nbsp;&nbsp;&nbsp; &nbsp;+ J&oacute;zefa S\u0142ysz &ndash; od rodziny \u0141uc&oacute;w<\/p>\n","protected":false},"excerpt":{"rendered":"<p>XXV Niedziela Zwyk\u0142a &#8211; 24-09-2023 Og\u0142oszenia Dzi\u015b o godz. 15.00 Nabo\u017ce\u0144stwo do \u015bw. J&oacute;zefa, a po Nim Msza \u015bw. W tym tygodniu w Liturgii Ko\u015bcio\u0142a wspominamy: w \u015brod\u0119 &ndash; wspomnienie &hellip; <a href=\"https:\/\/budy.przemyska.pl\/index.php\/2023\/09\/23\/ogloszenia-parafialne-24-wrzesien-2023\/\" class=\"more-link\">Czytaj dalej <span class=\"screen-reader-text\">Og\u0142oszenia parafialne 24 wrzesie\u0144 2023<\/span> <span class=\"meta-nav\">&rarr;<\/span><\/a><\/p>\n","protected":false},"author":1,"featured_media":0,"comment_status":"closed","ping_status":"closed","sticky":false,"template":"","format":"standard","meta":{"footnotes":""},"categories":[6,4],"tags":[],"class_list":["post-3693","post","type-post","status-publish","format-standard","hentry","category-aktualnosci","category-ogloszenia"],"_links":{"self":[{"href":"https:\/\/budy.przemyska.pl\/index.php\/wp-json\/wp\/v2\/posts\/3693","targetHints":{"allow":["GET"]}}],"collection":[{"href":"https:\/\/budy.przemyska.pl\/index.php\/wp-json\/wp\/v2\/posts"}],"about":[{"href":"https:\/\/budy.przemyska.pl\/index.php\/wp-json\/wp\/v2\/types\/post"}],"author":[{"embeddable":true,"href":"https:\/\/budy.przemyska.pl\/index.php\/wp-json\/wp\/v2\/users\/1"}],"replies":[{"embeddable":true,"href":"https:\/\/budy.przemyska.pl\/index.php\/wp-json\/wp\/v2\/comments?post=3693"}],"version-history":[{"count":0,"href":"https:\/\/budy.przemyska.pl\/index.php\/wp-json\/wp\/v2\/posts\/3693\/revisions"}],"wp:attachment":[{"href":"https:\/\/budy.przemyska.pl\/index.php\/wp-json\/wp\/v2\/media?parent=3693"}],"wp:term":[{"taxonomy":"category","embeddable":true,"href":"https:\/\/budy.przemyska.pl\/index.php\/wp-json\/wp\/v2\/categories?post=3693"},{"taxonomy":"post_tag","embeddable":true,"href":"https:\/\/budy.przemyska.pl\/index.php\/wp-json\/wp\/v2\/tags?post=3693"}],"curies":[{"name":"wp","href":"https:\/\/api.w.org\/{rel}","templated":true}]}}