{"id":3690,"date":"2023-09-17T17:35:18","date_gmt":"2023-09-17T15:35:18","guid":{"rendered":"http:\/\/www.budylancuckie.przemyska.pl\/?p=3690"},"modified":"2023-09-17T17:35:18","modified_gmt":"2023-09-17T15:35:18","slug":"ogloszenia-parafialne-17-wrzesien-2023","status":"publish","type":"post","link":"https:\/\/budy.przemyska.pl\/index.php\/2023\/09\/17\/ogloszenia-parafialne-17-wrzesien-2023\/","title":{"rendered":"Og\u0142oszenia parafialne 17 wrzesie\u0144 2023"},"content":{"rendered":"<h2 style=\"text-align: center;\"><strong><span style=\"color: rgb(0, 0, 128);\">XXIV Niedziela Zwyk\u0142a &#8211; 17-09-2023<\/span><\/strong><\/h2>\n<h2 style=\"text-align: center;\"><strong><span style=\"color: rgb(0, 0, 128);\">Og\u0142oszenia<br \/>\n\t<\/span><\/strong><\/h2>\n<ol>\n<li>Dzi\u015b o godz. 15.00 Nabo\u017ce\u0144stwo do Mi\u0142osierdzia Bo\u017cego, a po Nim Msza \u015bw.<\/li>\n<li>W tym tygodniu w Liturgii Ko\u015bcio\u0142a wspominamy: w poniedzia\u0142ek &ndash; \u015awi\u0119to \u015bw. Stanis\u0142awa Kostki, patrona Polski; w \u015brod\u0119 &ndash; wspomnienie \u015bw. Andrzeja i Towarzyszy, m\u0119czennik&oacute;w z Korei; w czwartek &ndash; \u015awi\u0119to \u015bw. Mateusza, Aposto\u0142a i Ewangelisty; w sobot\u0119 &ndash; wspomnienie \u015bw. o. Pio z Pietrelciny.<\/li>\n<li>W poniedzia\u0142ek zapraszamy na Msz\u0119 \u015bw. szczeg&oacute;lnie dzieci i m\u0142odzie\u017c, z racji wspomnienia ich Patrona \u015bw. Stanis\u0142awa Kostki. Chciejmy zaskarbi\u0107 sobie przemo\u017cnej opieki \u015bw. Stanis\u0142awa, aby Jego wstawiennictwo u Boga, by\u0142o dla nas wsparciem w codziennym \u017cyciu.<\/li>\n<li>W czwartek Adoracja Naj\u015bwi\u0119tszego Sakramentu od godz. 17.00. Po Mszy \u015bw. spotkanie dla uczni&oacute;w klas VII i VIII przygotowuj\u0105cych si\u0119 do Sakramentu Bierzmowania. 5. Zapraszamy r&oacute;wnie\u017c do czytania prasy katolickiej. Zar&oacute;wno w &bdquo;Niedzieli&rdquo;, jak i &bdquo;Go\u015bciu Niedzielnym&rdquo; mo\u017cemy znale\u017a\u0107 wiele ciekawych artyku\u0142&oacute;w dotycz\u0105cych naszego \u017cycia religijnego.<\/li>\n<li>Sk\u0142adam serdeczne B&oacute;g zap\u0142a\u0107 dla os&oacute;b sprz\u0105taj\u0105cych i stroj\u0105cych ko\u015bci&oacute;\u0142 oraz za wszystkie ofiary sk\u0142adane na potrzeby parafii, w tym r&oacute;wnie\u017c dla pracownik&oacute;w ko\u015bcielnych.<\/li>\n<\/ol>\n<h3 style=\"text-align: center;\"><strong><span style=\"color: rgb(0, 0, 128);\">Intencje mszalne<\/span><\/strong><\/h3>\n<h4 style=\"text-align: center;\"><strong><span style=\"color: rgb(0, 0, 128);\">od 18 wrze\u015bnia 2023 do 24 wrze\u015bnia 2023<\/span><\/strong><\/h4>\n<h4>&nbsp;<\/h4>\n<h4><strong>Gdyby zbyt d\u0142ugi czas nie by\u0142a og\u0142oszona zam&oacute;wiona intencja mszalna &ndash; prosimy o zg\u0142oszenie tego kap\u0142anowi.&nbsp; Zam&oacute;wiona intencja nie mo\u017ce zgin\u0105\u0107.<br \/>\n\t<\/strong><\/h4>\n<p><u><strong>Poniedzia\u0142ek &#8211; 18 wrzesie\u0144<br \/>\n\t<\/strong><\/u>1. + Weronika Harpula (greg.)<br \/>\n\t2. + Stanis\u0142awa Mach &ndash; od rodziny Walankiewicz&oacute;w<br \/>\n\t3. + J&oacute;zefa Kojder i Maria Bosak<\/p>\n<p><u><strong>Wtorek &#8211; 19 wrzesie\u0144<br \/>\n\t<\/strong><\/u>1. + Weronika Harpula (greg.)<br \/>\n\t2. + Adam Por\u0119bny &ndash; od brata Marcina z rodzin\u0105<br \/>\n\t3. Dzi\u0119kczynna; z pro\u015bb\u0105 o b\u0142og. Bo\u017ce i opiek\u0119 Matki Bo\u017cej dla Doroty i Eugeniusza oraz ca\u0142ej rodziny w 25 rocznic\u0119 \u015blubu<\/p>\n<p><u><strong>\u015aroda &#8211; 20 wrzesie\u0144<br \/>\n\t<\/strong><\/u>1. + Weronika Harpula (greg.)<br \/>\n\t2. + Stanis\u0142awa Mach &ndash; od rodziny Czech&oacute;w <br \/>\n\t3. + Konrad Ko\u0142cz<\/p>\n<p><u><strong>Czwartek &#8211; 21 wrzesie\u0144<\/strong><\/u><br \/>\n\t1. + Weronika Harpula (greg.) <br \/>\n\t2. + Jan, Cecylia, Franciszek, Wies\u0142aw Kojder <br \/>\n\t3. + Tadeusz, Zofia Kr&oacute;l<\/p>\n<p>\t<u><strong>Pi\u0105tek &#8211; 22 wrzesie\u0144<br \/>\n\t<\/strong><\/u>1. + Weronika Harpula (greg.)<br \/>\n\t2. + Teresa Baran &ndash; od c&oacute;rki Janiny z rodzin\u0105 <br \/>\n\t3. + Anna i Jan \u015awizdor<\/p>\n<p><u><strong>Sobota &#8211; 23 wrzesie\u0144<br \/>\n\t<\/strong><\/u>1. + Weronika Harpula (greg.) <br \/>\n\t2. + \u0141ukasz Kocha\u0144czyk &ndash; od rodziny Biel&oacute;wk&oacute;w<br \/>\n\t3. + Maria Babiarz (3 rocz. \u015bm.) i zmarli z rodziny<\/p>\n<p><u><strong>Niedziela &#8211; 24 wrzesie\u0144<br \/>\n\t<\/strong><\/u>06.30 + Jakub Rupar &ndash; rocznica \u015bmierci <br \/>\n\t08.00 + Maria, J&oacute;zef, Jan, Katarzyna Bieleccy<br \/>\n\t08.00 + Micha\u0142, Aniela Kr&oacute;l oraz + W\u0142adys\u0142aw, Jan, Stanis\u0142aw<br \/>\n\t10.30 Za parafian <br \/>\n\t15.00 + Weronika Harpula (greg.)<\/p>\n<h3 style=\"text-align: center;\"><strong><span style=\"color: rgb(0, 0, 128);\">Modlitw\u0119 r&oacute;\u017ca\u0144cow\u0105 prowadz\u0105<\/span><\/strong><\/h3>\n<p>18. Pn. R&oacute;\u017ca \u015aw. Faustyny &#8211; (Eugenia \u015awizdor)<br \/>\n\t19. Wt. R&oacute;\u017ca \u015aw. Genowefy &ndash; (Genowefa Dr\u0105\u017cek)<br \/>\n\t20. \u015ar. R&oacute;\u017ca \u015aw. Jadwigi Kr&oacute;lowej &ndash; (Halina Dyrda)<br \/>\n\t21. Cz. R&oacute;\u017ca \u015aw. Heleny &ndash; (Helena Dyrda)<br \/>\n\t22. Pt. KSM<br \/>\n\t23. Sb. R&oacute;\u017ca \u015aw. Katarzyny &ndash; (Anna Kurek) <br \/>\n\t24. Nd. R&oacute;\u017ca \u015aw. Klary &#8211; (Teresa G\u0142owiak)<\/p>\n<p><strong>Wyznaczona R&oacute;\u017ca jest proszona o prowadzenie modlitwy r&oacute;\u017ca\u0144cowej.<\/strong><\/p>\n","protected":false},"excerpt":{"rendered":"<p>XXIV Niedziela Zwyk\u0142a &#8211; 17-09-2023 Og\u0142oszenia Dzi\u015b o godz. 15.00 Nabo\u017ce\u0144stwo do Mi\u0142osierdzia Bo\u017cego, a po Nim Msza \u015bw. W tym tygodniu w Liturgii Ko\u015bcio\u0142a wspominamy: w poniedzia\u0142ek &ndash; \u015awi\u0119to &hellip; <a href=\"https:\/\/budy.przemyska.pl\/index.php\/2023\/09\/17\/ogloszenia-parafialne-17-wrzesien-2023\/\" class=\"more-link\">Czytaj dalej <span class=\"screen-reader-text\">Og\u0142oszenia parafialne 17 wrzesie\u0144 2023<\/span> <span class=\"meta-nav\">&rarr;<\/span><\/a><\/p>\n","protected":false},"author":1,"featured_media":0,"comment_status":"closed","ping_status":"closed","sticky":false,"template":"","format":"standard","meta":{"footnotes":""},"categories":[6,4],"tags":[],"class_list":["post-3690","post","type-post","status-publish","format-standard","hentry","category-aktualnosci","category-ogloszenia"],"_links":{"self":[{"href":"https:\/\/budy.przemyska.pl\/index.php\/wp-json\/wp\/v2\/posts\/3690","targetHints":{"allow":["GET"]}}],"collection":[{"href":"https:\/\/budy.przemyska.pl\/index.php\/wp-json\/wp\/v2\/posts"}],"about":[{"href":"https:\/\/budy.przemyska.pl\/index.php\/wp-json\/wp\/v2\/types\/post"}],"author":[{"embeddable":true,"href":"https:\/\/budy.przemyska.pl\/index.php\/wp-json\/wp\/v2\/users\/1"}],"replies":[{"embeddable":true,"href":"https:\/\/budy.przemyska.pl\/index.php\/wp-json\/wp\/v2\/comments?post=3690"}],"version-history":[{"count":0,"href":"https:\/\/budy.przemyska.pl\/index.php\/wp-json\/wp\/v2\/posts\/3690\/revisions"}],"wp:attachment":[{"href":"https:\/\/budy.przemyska.pl\/index.php\/wp-json\/wp\/v2\/media?parent=3690"}],"wp:term":[{"taxonomy":"category","embeddable":true,"href":"https:\/\/budy.przemyska.pl\/index.php\/wp-json\/wp\/v2\/categories?post=3690"},{"taxonomy":"post_tag","embeddable":true,"href":"https:\/\/budy.przemyska.pl\/index.php\/wp-json\/wp\/v2\/tags?post=3690"}],"curies":[{"name":"wp","href":"https:\/\/api.w.org\/{rel}","templated":true}]}}