{"id":3684,"date":"2023-09-03T17:08:10","date_gmt":"2023-09-03T15:08:10","guid":{"rendered":"http:\/\/www.budylancuckie.przemyska.pl\/?p=3684"},"modified":"2023-09-03T17:08:10","modified_gmt":"2023-09-03T15:08:10","slug":"ogloszenia-parafialne-3-wrzesien-2023","status":"publish","type":"post","link":"https:\/\/budy.przemyska.pl\/index.php\/2023\/09\/03\/ogloszenia-parafialne-3-wrzesien-2023\/","title":{"rendered":"Og\u0142oszenia parafialne 3 wrzesie\u0144 2023"},"content":{"rendered":"<h2 style=\"text-align: center;\"><strong><span style=\"color: rgb(0, 0, 128);\">XXII Niedziela Zwyk\u0142a &#8211; 03-09-2023<\/span><\/strong><\/h2>\n<h2 style=\"text-align: center;\"><strong><span style=\"color: rgb(0, 0, 128);\">Og\u0142oszenia<br \/>\n\t<\/span><\/strong><\/h2>\n<ol>\n<li>Dzi\u015b o godz. 15.00 Nabo\u017ce\u0144stwo Adoracyjne, a po Nim Msza \u015bw.<\/li>\n<li>W tym tygodniu w Liturgii Ko\u015bcio\u0142a wspominamy: w pi\u0105tek &ndash; \u015awi\u0119to Narodzenia NMP (Matki Bo\u017cej Siewnej).<\/li>\n<li>W tym tygodniu wypada I czwartek miesi\u0105ca. Adoracja Naj\u015bwi\u0119tszego Sakramentu od godz. 17.00. W spos&oacute;b szczeg&oacute;lny modlimy si\u0119 za powo\u0142anych i o nowe powo\u0142ania do S\u0142u\u017cby Bo\u017cej.<\/li>\n<li>W pi\u0105tek, w \u015awi\u0119to Matki Bo\u017cej, po\u015bwi\u0119cenie ziarna pod zasiew.<\/li>\n<li>W najbli\u017csz\u0105 sobot\u0119 (9 wrze\u015bnia) planowane jest powt&oacute;rne wykonanie impregnacji posadzki naszego ko\u015bcio\u0142a. Prace rozpoczniemy o godz. 08.00. W zwi\u0105zku z wykonaniem tej pracy, potrzebna jest pomoc 6 m\u0119\u017cczyzn. Bardzo o ni\u0105 prosz\u0119.<\/li>\n<li>W najbli\u017csz\u0105 niedziel\u0119 b\u0119dziemy prze\u017cywa\u0107 w Markowej zapowiadan\u0105 Beatyfikacj\u0119 rodziny Ulm&oacute;w. Wyjazd na Uroczysto\u015b\u0107 beatyfikacyjn\u0105 zaplanowany jest o godz. 06.30 z parkingu spod ko\u015bcio\u0142a. Kr&oacute;tkie spotkanie organizacyjne dla udaj\u0105cych si\u0119 na beatyfikacj\u0119 by\u0142oby w czwartek po Mszy \u015bw.<\/li>\n<li>W zwi\u0105zku, z mo\u017cliwo\u015bci\u0105 ogl\u0105dania transmisji Uroczysto\u015bci Beatyfikacji, w najbli\u017csz\u0105 niedziel\u0119, b\u0119dzie mia\u0142a miejsce zmiana godziny odprawiania Mszy \u015bw. Nie b\u0119dzie Mszy \u015bw. o godz. 10.30. Jednak\u017ce zostanie odprawiona Msza \u015bw. o godz. 13.00. Pozosta\u0142e godziny odprawiania Mszy \u015bw. bez zmian.<\/li>\n<li>Jutro o godz. 08.00 Msza \u015bw. na rozpocz\u0119cie Nowego Roku Szkolnego. Zapraszamy do uczestnictwa uczni&oacute;w, rodzic&oacute;w, nauczycieli i wychowawc&oacute;w.<\/li>\n<li>Sk\u0142adam serdeczne B&oacute;g zap\u0142a\u0107 dla os&oacute;b sprz\u0105taj\u0105cych i stroj\u0105cych ko\u015bci&oacute;\u0142 oraz za wszystkie ofiary sk\u0142adane na potrzeby parafii. Dzi\u0119kuj\u0119 r&oacute;wnie\u017c za ofiary, sk\u0142adane jak co roku, na wynagrodzenie dla pracownik&oacute;w ko\u015bcielnych.<\/li>\n<\/ol>\n<h3 style=\"text-align: center;\"><strong><span style=\"color: rgb(0, 0, 128);\">Intencje mszalne<\/span><\/strong><\/h3>\n<h4 style=\"text-align: center;\"><strong><span style=\"color: rgb(0, 0, 128);\">od 4 wrze\u015bnia 2023 do 10 wrze\u015bnia 2023<\/span><\/strong><\/h4>\n<h4>&nbsp;<\/h4>\n<h4><strong>Gdyby zbyt d\u0142ugi czas nie by\u0142a og\u0142oszona zam&oacute;wiona intencja mszalna &ndash; prosimy o zg\u0142oszenie tego kap\u0142anowi.&nbsp; Zam&oacute;wiona intencja nie mo\u017ce zgin\u0105\u0107.<br \/>\n\t<\/strong><\/h4>\n<p><u><strong>Poniedzia\u0142ek &#8211; 4 wrzesie\u0144<br \/>\n\t<\/strong><\/u>08.00 W intencji uczni&oacute;w i nauczycieli rozpoczynaj\u0105cych Nowy Rok Szkolny; o b\u0142. Bo\u017ce i potrzebne \u0142aski<br \/>\n\t08.00 + Tadeusz Baran &ndash; 2 r. \u015bm. i zmarli z rodziny <br \/>\n\t18.00 + Weronika Harpula (greg.)<br \/>\n\t18.00 + Cecylia, J&oacute;zef, Stefan Socha i zmarli rodzice<br \/>\n\t18.00 + W\u0142adys\u0142aw Hypnar &ndash; 1 r. \u015bm. &ndash; od c&oacute;rki Anny<\/p>\n<p><u><strong>Wtorek &#8211; 5 wrzesie\u0144<br \/>\n\t<\/strong><\/u>1. + Weronika Harpula (greg.)<br \/>\n\t2. + W\u0142adys\u0142awa, Jan, J&oacute;zef oraz Zofia i Antoni Por\u0119bny<br \/>\n\t3. + J&oacute;zef Mazur &ndash; od c&oacute;rki Sabiny z rodzin\u0105<\/p>\n<p><u><strong>\u015aroda &#8211; 6 wrzesie\u0144<br \/>\n\t<\/strong><\/u>1. + Weronika Harpula (greg.)<br \/>\n\t2. + Teresa Baran &ndash; od Marii<br \/>\n\t3. Dzi\u0119kczynna ; z pro\u015bb\u0105 o b\u0142. Bo\u017ce w 20 r. \u015blubu i dalsz\u0105 opiek\u0119 Matki Bo\u017cej dla Iwony i Marcina<\/p>\n<p><u><strong>Czwartek &#8211; 7 wrzesie\u0144<\/strong><\/u><br \/>\n\t1. + Weronika Harpula (greg.) <br \/>\n\t2. + Stanis\u0142awa Mach &ndash; od Jana Marka z rodzin\u0105 <br \/>\n\t3. W int. Pielgrzym&oacute;w ; z racji Pielgrzymki na \u015awi\u0119ty Krzy\u017c <\/p>\n<p>\t<u><strong>Pi\u0105tek &#8211; 8 wrzesie\u0144<br \/>\n\t<\/strong><\/u>1. + Weronika Harpula (greg.)<br \/>\n\t2. + Jan Migas &ndash; od wnuczek Natalii i Alicji<br \/>\n\t3. + Weronika i Jan W\u0119grzyn<\/p>\n<p><u><strong>Sobota &#8211; 9 wrzesie\u0144<br \/>\n\t<\/strong><\/u>1. + Weronika Harpula (greg.) <br \/>\n\t2. + Bronis\u0142awa, J&oacute;zef, Stanis\u0142aw Rupar oraz Klara, Stanis\u0142aw, Franciszek Witek <br \/>\n\t3. + Maria Bester &ndash; od Stanis\u0142awa D\u0105bek z rodzin\u0105<\/p>\n<p><u><strong>Niedziela &#8211; 10 wrzesie\u0144<br \/>\n\t<\/strong><\/u>06.30 + B\u0142a\u017cej Kurek &ndash; 1 rocznica \u015bmierci<br \/>\n\t08.00 Dzi\u0119kczynna; z pro\u015bb\u0105 o b\u0142. Bo\u017ce i opiek\u0119 Matki Bo\u017cej dla Anny i Mariana w 40-lecie \u015blubu <br \/>\n\t13.00 Za parafian <br \/>\n\t15.00 + Weronika Harpula (greg.)<\/p>\n<h3 style=\"text-align: center;\"><strong><span style=\"color: rgb(0, 0, 128);\">Modlitw\u0119 r&oacute;\u017ca\u0144cow\u0105 prowadz\u0105<\/span><\/strong><\/h3>\n<p>04. Pn. R&oacute;\u017ca \u015aw. Stanis\u0142awa Bpa &#8211; (Wojciech Pelc)<br \/>\n\t05. Wt. R&oacute;\u017ca \u015aw. Teresy od Dzieci\u0105tka Jezus &ndash; (Dorota Dzierga)<br \/>\n\t06. \u015ar. R&oacute;\u017ca \u015aw. Teresy Wielkiej &ndash; (Zofia Wierzbicka)<br \/>\n\t07. Cz. Dzie\u0142o Pomocy Powo\u0142aniom &#8211; (Anna Szular)<br \/>\n\t08. Pt. KSM<br \/>\n\t09. Sb. R&oacute;\u017ca \u015aw. Tomasza Aposto\u0142a &ndash; (Stanis\u0142aw \u015alimak) <br \/>\n\t10. Nd. R&oacute;\u017ca \u015aw. Andrzeja Aposto\u0142a &#8211; (J&oacute;zef M\u0105dry)<\/p>\n<p><strong>Wyznaczona R&oacute;\u017ca jest proszona o prowadzenie modlitwy r&oacute;\u017ca\u0144cowej.<\/strong><\/p>\n","protected":false},"excerpt":{"rendered":"<p>XXII Niedziela Zwyk\u0142a &#8211; 03-09-2023 Og\u0142oszenia Dzi\u015b o godz. 15.00 Nabo\u017ce\u0144stwo Adoracyjne, a po Nim Msza \u015bw. W tym tygodniu w Liturgii Ko\u015bcio\u0142a wspominamy: w pi\u0105tek &ndash; \u015awi\u0119to Narodzenia NMP &hellip; <a href=\"https:\/\/budy.przemyska.pl\/index.php\/2023\/09\/03\/ogloszenia-parafialne-3-wrzesien-2023\/\" class=\"more-link\">Czytaj dalej <span class=\"screen-reader-text\">Og\u0142oszenia parafialne 3 wrzesie\u0144 2023<\/span> <span class=\"meta-nav\">&rarr;<\/span><\/a><\/p>\n","protected":false},"author":1,"featured_media":0,"comment_status":"closed","ping_status":"closed","sticky":false,"template":"","format":"standard","meta":{"footnotes":""},"categories":[6,4],"tags":[],"class_list":["post-3684","post","type-post","status-publish","format-standard","hentry","category-aktualnosci","category-ogloszenia"],"_links":{"self":[{"href":"https:\/\/budy.przemyska.pl\/index.php\/wp-json\/wp\/v2\/posts\/3684","targetHints":{"allow":["GET"]}}],"collection":[{"href":"https:\/\/budy.przemyska.pl\/index.php\/wp-json\/wp\/v2\/posts"}],"about":[{"href":"https:\/\/budy.przemyska.pl\/index.php\/wp-json\/wp\/v2\/types\/post"}],"author":[{"embeddable":true,"href":"https:\/\/budy.przemyska.pl\/index.php\/wp-json\/wp\/v2\/users\/1"}],"replies":[{"embeddable":true,"href":"https:\/\/budy.przemyska.pl\/index.php\/wp-json\/wp\/v2\/comments?post=3684"}],"version-history":[{"count":0,"href":"https:\/\/budy.przemyska.pl\/index.php\/wp-json\/wp\/v2\/posts\/3684\/revisions"}],"wp:attachment":[{"href":"https:\/\/budy.przemyska.pl\/index.php\/wp-json\/wp\/v2\/media?parent=3684"}],"wp:term":[{"taxonomy":"category","embeddable":true,"href":"https:\/\/budy.przemyska.pl\/index.php\/wp-json\/wp\/v2\/categories?post=3684"},{"taxonomy":"post_tag","embeddable":true,"href":"https:\/\/budy.przemyska.pl\/index.php\/wp-json\/wp\/v2\/tags?post=3684"}],"curies":[{"name":"wp","href":"https:\/\/api.w.org\/{rel}","templated":true}]}}