{"id":3677,"date":"2023-08-26T19:49:57","date_gmt":"2023-08-26T17:49:57","guid":{"rendered":"http:\/\/www.budylancuckie.przemyska.pl\/?p=3677"},"modified":"2023-08-26T19:49:57","modified_gmt":"2023-08-26T17:49:57","slug":"ogloszenia-parafialne-27-sierpien-2023","status":"publish","type":"post","link":"https:\/\/budy.przemyska.pl\/index.php\/2023\/08\/26\/ogloszenia-parafialne-27-sierpien-2023\/","title":{"rendered":"Og\u0142oszenia parafialne 27 sierpie\u0144 2023"},"content":{"rendered":"<h2 style=\"text-align: center;\"><strong><span style=\"color: rgb(0, 0, 128);\">XXI Niedziela Zwyk\u0142a &#8211; 27-08-2023<\/span><\/strong><\/h2>\n<h2 style=\"text-align: center;\"><strong><span style=\"color: rgb(0, 0, 128);\">Og\u0142oszenia<br \/>\n\t<\/span><\/strong><\/h2>\n<ol>\n<li>Dzi\u015b o godz. 15.00 Nabo\u017ce\u0144stwo Mi\u0142osierdzia Bo\u017cego, a po Nim Msza \u015bw.<\/li>\n<li>W tym tygodniu w Liturgii Ko\u015bcio\u0142a wspominamy: w poniedzia\u0142ek &ndash; wspomnienie \u015bw. Augustyna; we wtorek &ndash; wspomnienie m\u0119cze\u0144stwa \u015bw. Jana Chrzciciela <\/li>\n<li>W czwartek Adoracja Naj\u015bwi\u0119tszego Sakramentu od godz. 17.00.<\/li>\n<li>W tym tygodniu wypada I pi\u0105tek i I sobota miesi\u0105ca.<\/li>\n<li>W I pi\u0105tek czcimy Naj\u015bwi\u0119tsze Serce Pana Jezusa. Msza \u015bw. rano o godz. 06.45 oraz o godz. 18.00. Po rannej Mszy \u015bw. odwiedziny chorych z Komuni\u0105 \u015bw. <\/li>\n<li>W I sobot\u0119 czcimy Niepokalane Serce NMP. Msza \u015bw. o godz. 18.00, po Niej Nabo\u017ce\u0144stwo R&oacute;\u017ca\u0144cowe, procesja z figurk\u0105 Matki Bo\u017cej fatimskiej oraz zmiana tajemnic r&oacute;\u017ca\u0144cowych.<\/li>\n<li>Mo\u017cliwo\u015b\u0107 spowiedzi \u015bw. codziennie, godzin\u0119 przed Msz\u0105 \u015bw. W tych dniach szczeg&oacute;lnie zach\u0119camy do skorzystania ze Spowiedzi \u015bw., dzieci i m\u0142odzie\u017c, rozpoczynaj\u0105cych nowy rok szkolny.<\/li>\n<li>W tym tygodniu po\u017cegnali\u015bmy ks. Micha\u0142a Gurgacza, kt&oacute;ry skierowany zosta\u0142 do pracy w parafii Zr\u0119cin. Pragn\u0119 bardzo serdecznie podzi\u0119kowa\u0107 Mu za dwa lata gorliwej pos\u0142ugi w naszej parafii. R&oacute;wnocze\u015bnie witamy w naszej parafii ks. Piotra Bolanowskiego, kt&oacute;ry rozpoczyna u nas swoj\u0105 pos\u0142ug\u0119 kap\u0142a\u0144sk\u0105. Zar&oacute;wno ks. Micha\u0142owi &#8211; jak i &#8211; ks. Piotrowi \u017cyczymy Bo\u017cego b\u0142ogos\u0142awie\u0144stwa i potrzebnych \u0142ask dla dobrego wype\u0142nienia swojej kap\u0142a\u0144skiej pos\u0142ugi.<\/li>\n<li>Pragn\u0119 r&oacute;wnie\u017c poinformowa\u0107, \u017ce prac\u0119 katechetyczn\u0105 w naszej parafii rozpoczyna r&oacute;wnie\u017c p. Maria Szostek &ndash; \u0141\u0105tka, kt&oacute;ra po uko\u0144czeniu studi&oacute;w zdoby\u0142a w\u0142a\u015bciwe kwalifikacje, aby uczy\u0107 religii w szkole. <\/li>\n<li>Sk\u0142adam serdeczne B&oacute;g zap\u0142a\u0107 dla os&oacute;b sprz\u0105taj\u0105cych i stroj\u0105cych ko\u015bci&oacute;\u0142 oraz za wszystkie ofiary sk\u0142adane na potrzeby parafii.<\/li>\n<\/ol>\n<h3 style=\"text-align: center;\"><strong><span style=\"color: rgb(0, 0, 128);\">Intencje mszalne<\/span><\/strong><\/h3>\n<h4 style=\"text-align: center;\"><strong><span style=\"color: rgb(0, 0, 128);\">od 28 sierpnia 2023 do 3 wrze\u015bnia 2023<\/span><\/strong><\/h4>\n<h4>&nbsp;<\/h4>\n<h4><strong>Gdyby zbyt d\u0142ugi czas nie by\u0142a og\u0142oszona zam&oacute;wiona intencja mszalna &ndash; prosimy o zg\u0142oszenie tego kap\u0142anowi.&nbsp; Zam&oacute;wiona intencja nie mo\u017ce zgin\u0105\u0107.<br \/>\n\t<\/strong><\/h4>\n<p><u><strong>Poniedzia\u0142ek &#8211; 28 sierpie\u0144<br \/>\n\t<\/strong><\/u>1. + Stefan Bartnik (greg.) <br \/>\n\t2. + Franciszek, Aniela, Stanis\u0142aw, Tadeusz Kojder <br \/>\n\t3. + Stanis\u0142awa Mach &ndash; od syna Andrzeja z \u017con\u0105<\/p>\n<p><u><strong>Wtorek &#8211; 29 sierpie\u0144<br \/>\n\t<\/strong><\/u>1. + Stefan Bartnik (greg.)<br \/>\n\t2. + Franciszek, Aniela, Stanis\u0142aw Kojder<br \/>\n\t3. + Helena, Ludwik Machniak &ndash; rocz. \u015bmierci<\/p>\n<p><u><strong>\u015aroda &#8211; 30 sierpie\u0144<br \/>\n\t<\/strong><\/u>1. + Stefan Bartnik (zak. greg.)<br \/>\n\t2. + Por\u0119bny Julian, Bronis\u0142awa, Franciszek &ndash; rocz. \u015bmierci<br \/>\n\t3. + Helena Kojder &ndash; od c&oacute;rki Agaty z rodzin\u0105 <\/p>\n<p><u><strong>Czwartek &#8211; 31 sierpie\u0144<\/strong><\/u><br \/>\n\t1. + B\u0142a\u017cej Kurek &ndash; od Radnych Powiatu \u0141a\u0144cuckiego<br \/>\n\t2. Dzi\u0119kczynna; z pro\u015bb\u0105 o b\u0142og. Bo\u017ce dla Damiana, z okazji 18-tych urodzin<br \/>\n\t3. + W\u0142adys\u0142awa\/k\/ i W\u0142adys\u0142aw Por\u0119bny <\/p>\n<p>\t<u><strong>Pi\u0105tek &#8211; 1 wrzesie\u0144<br \/>\n\t<\/strong><\/u>06.45 + Weronika Harpula (pocz. greg.)<br \/>\n\t06.45 + Maria i Wojciech Baran i zmarli z rodziny<br \/>\n\t18.00 Za dusze w czy\u015b\u0107cu cierpi\u0105ce<br \/>\n\t18.00 + J&oacute;zef Mazur &ndash; od syna Wojtka z rodzin\u0105<\/p>\n<p><u><strong>Sobota &#8211; 2 wrzesie\u0144<br \/>\n\t<\/strong><\/u>1. + Weronika Harpula (greg.) <br \/>\n\t2. + \u0141ukasz Kocha\u0144czyk &ndash; od wychowawczyni i kol. i kol. ze Szko\u0142y Podstawowej <br \/>\n\t3. + J&oacute;zef Golak, Zofia i Wincenty Bartnik<\/p>\n<p><u><strong>Niedziela &#8211; 3 wrzesie\u0144<br \/>\n\t<\/strong><\/u>06.30 + W\u0142adys\u0142aw Gw&oacute;\u017ad\u017a &ndash; od siostry Noemi<br \/>\n\t08.00 + J&oacute;zef Mazur &ndash; od \u017cony Marii<br \/>\n\t08.00 + Stefania i Stanis\u0142aw Kr&oacute;l &ndash; od rodziny Gorzkiewicz <br \/>\n\t10.30 Za parafian <br \/>\n\t15.00 + Weronika Harpula (greg.)<\/p>\n<h3 style=\"text-align: center;\"><strong><span style=\"color: rgb(0, 0, 128);\">Modlitw\u0119 r&oacute;\u017ca\u0144cow\u0105 prowadz\u0105<\/span><\/strong><\/h3>\n<p>28. Pn. R&oacute;\u017ca \u015aw. Marty &#8211; (Czes\u0142awa Por\u0119bna)<br \/>\n\t29. Wt. R&oacute;\u017ca \u015aw. Jadwigi \u015al\u0105skiej &ndash; (Edyta Wal)<br \/>\n\t30. \u015ar. R&oacute;\u017ca Matki Bo\u017cej Bolesnej &ndash; (Krystyna Szostek)<br \/>\n\t31. Cz. R&oacute;\u017ca Matki Bo\u017cej R&oacute;\u017ca\u0144cowej &#8211; (Zofia \u015awizdor)<br \/>\n\t01. Pt. KSM<br \/>\n\t02. Sb. Kap\u0142an <br \/>\n\t03. Nd. R&oacute;\u017ca Matki Bo\u017cej Szkaplerznej &#8211; (Maria K\u0142os)<\/p>\n<p><strong>Wyznaczona R&oacute;\u017ca jest proszona o prowadzenie modlitwy r&oacute;\u017ca\u0144cowej.<\/strong><\/p>\n","protected":false},"excerpt":{"rendered":"<p>XXI Niedziela Zwyk\u0142a &#8211; 27-08-2023 Og\u0142oszenia Dzi\u015b o godz. 15.00 Nabo\u017ce\u0144stwo Mi\u0142osierdzia Bo\u017cego, a po Nim Msza \u015bw. W tym tygodniu w Liturgii Ko\u015bcio\u0142a wspominamy: w poniedzia\u0142ek &ndash; wspomnienie \u015bw. &hellip; <a href=\"https:\/\/budy.przemyska.pl\/index.php\/2023\/08\/26\/ogloszenia-parafialne-27-sierpien-2023\/\" class=\"more-link\">Czytaj dalej <span class=\"screen-reader-text\">Og\u0142oszenia parafialne 27 sierpie\u0144 2023<\/span> <span class=\"meta-nav\">&rarr;<\/span><\/a><\/p>\n","protected":false},"author":1,"featured_media":0,"comment_status":"closed","ping_status":"closed","sticky":false,"template":"","format":"standard","meta":{"footnotes":""},"categories":[6,4],"tags":[],"class_list":["post-3677","post","type-post","status-publish","format-standard","hentry","category-aktualnosci","category-ogloszenia"],"_links":{"self":[{"href":"https:\/\/budy.przemyska.pl\/index.php\/wp-json\/wp\/v2\/posts\/3677","targetHints":{"allow":["GET"]}}],"collection":[{"href":"https:\/\/budy.przemyska.pl\/index.php\/wp-json\/wp\/v2\/posts"}],"about":[{"href":"https:\/\/budy.przemyska.pl\/index.php\/wp-json\/wp\/v2\/types\/post"}],"author":[{"embeddable":true,"href":"https:\/\/budy.przemyska.pl\/index.php\/wp-json\/wp\/v2\/users\/1"}],"replies":[{"embeddable":true,"href":"https:\/\/budy.przemyska.pl\/index.php\/wp-json\/wp\/v2\/comments?post=3677"}],"version-history":[{"count":0,"href":"https:\/\/budy.przemyska.pl\/index.php\/wp-json\/wp\/v2\/posts\/3677\/revisions"}],"wp:attachment":[{"href":"https:\/\/budy.przemyska.pl\/index.php\/wp-json\/wp\/v2\/media?parent=3677"}],"wp:term":[{"taxonomy":"category","embeddable":true,"href":"https:\/\/budy.przemyska.pl\/index.php\/wp-json\/wp\/v2\/categories?post=3677"},{"taxonomy":"post_tag","embeddable":true,"href":"https:\/\/budy.przemyska.pl\/index.php\/wp-json\/wp\/v2\/tags?post=3677"}],"curies":[{"name":"wp","href":"https:\/\/api.w.org\/{rel}","templated":true}]}}