{"id":3675,"date":"2023-08-20T10:33:10","date_gmt":"2023-08-20T08:33:10","guid":{"rendered":"http:\/\/www.budylancuckie.przemyska.pl\/?p=3675"},"modified":"2023-08-20T10:33:10","modified_gmt":"2023-08-20T08:33:10","slug":"ogloszenia-parafialne-20-sierpien-2023","status":"publish","type":"post","link":"https:\/\/budy.przemyska.pl\/index.php\/2023\/08\/20\/ogloszenia-parafialne-20-sierpien-2023\/","title":{"rendered":"Og\u0142oszenia parafialne 20 sierpie\u0144 2023"},"content":{"rendered":"<h2 style=\"text-align: center;\"><strong><span style=\"color: rgb(0, 0, 128);\">XX Niedziela Zwyk\u0142a &#8211; 20-08-2023<\/span><\/strong><\/h2>\n<h2 style=\"text-align: center;\"><strong><span style=\"color: rgb(0, 0, 128);\">Og\u0142oszenia<br \/>\n\t<\/span><\/strong><\/h2>\n<ol>\n<li>Dzi\u015b o godz. 15.00 Nabo\u017ce\u0144stwo R&oacute;\u017ca\u0144cowe, a po Nim Msza \u015bw. <\/li>\n<li>W tym tygodniu w Liturgii Ko\u015bcio\u0142a wspominamy: w poniedzia\u0142ek &ndash; wspomnienie \u015bw. Piusa X, papie\u017ca; we wtorek &ndash; Wspomnienie NMP Kr&oacute;lowej; w czwartek &ndash; \u015awi\u0119to \u015bw. Bart\u0142omieja, Aposto\u0142a; w sobot\u0119 &ndash; Uroczysto\u015b\u0107 NMP Cz\u0119stochowskiej.<\/li>\n<li>W czwartek Adoracja Naj\u015bwi\u0119tszego Sakramentu od godz. 17.00. <\/li>\n<li>Sk\u0142adam serdeczne B&oacute;g zap\u0142a\u0107 dla os&oacute;b sprz\u0105taj\u0105cych i stroj\u0105cych ko\u015bci&oacute;\u0142 oraz za wszystkie ofiary sk\u0142adane na potrzeby parafii.<\/li>\n<\/ol>\n<h3 style=\"text-align: center;\"><strong><span style=\"color: rgb(0, 0, 128);\">Intencje mszalne<\/span><\/strong><\/h3>\n<h4 style=\"text-align: center;\"><strong><span style=\"color: rgb(0, 0, 128);\">od 21 sierpnia 2023 do 27 sierpnia 2023<\/span><\/strong><\/h4>\n<h4>&nbsp;<\/h4>\n<h4><strong>Gdyby zbyt d\u0142ugi czas nie by\u0142a og\u0142oszona zam&oacute;wiona intencja mszalna &ndash; prosimy o zg\u0142oszenie tego kap\u0142anowi.&nbsp; Zam&oacute;wiona intencja nie mo\u017ce zgin\u0105\u0107.<br \/>\n\t<\/strong><\/h4>\n<p><u><strong>Poniedzia\u0142ek &#8211; 21 sierpie\u0144<br \/>\n\t<\/strong><\/u>1. + Stefan Bartnik (greg.) <br \/>\n\t2. + B\u0142a\u017cej Kurek &ndash; od rodziny Augustyn <br \/>\n\t3. + Andrzej, Katarzyna Dyrda oraz zmarli Ich rodzice i rodze\u0144stwo<\/p>\n<p><u><strong>Wtorek &#8211; 22 sierpie\u0144<br \/>\n\t<\/strong><\/u>1. + Stefan Bartnik (greg.)<br \/>\n\t2. + \u0141ukasz Kocha\u0144czyk &ndash; od siostry Natalii <br \/>\n\t3. + Maria, Tadeusz, Marian Benedyk<\/p>\n<p><u><strong>\u015aroda &#8211; 23 sierpie\u0144<br \/>\n\t<\/strong><\/u>1. + Stefan Bartnik (greg.)<br \/>\n\t2. + Jan Migas &ndash; od c&oacute;rki Renaty z rodzin\u0105 <br \/>\n\t3. + Janina Ko\u0142cz &ndash; 1 rocznica \u015bmierci<\/p>\n<p><u><strong>Czwartek &#8211; 24 sierpie\u0144<\/strong><\/u><br \/>\n\t1. + Stefan Bartnik (greg.) <br \/>\n\t2. + B\u0142a\u017cej Kurek &ndash; od Radnych Powiatu \u0141a\u0144cuckiego<br \/>\n\t3. + Klara i Jan Kojder<\/p>\n<p>\t<u><strong>Pi\u0105tek &#8211; 25 sierpie\u0144<\/strong><\/u><br \/>\n\t1. + Stefan Bartnik (greg.)<br \/>\n\t2. + Jan Migas &ndash; od synowej Ma\u0142gorzaty<br \/>\n\t3. + Zbigniew Wasilewski i zmarli rodzice<\/p>\n<p><u><strong>Sobota &#8211; 26 sierpie\u0144<br \/>\n\t<\/strong><\/u>1. + Stefan Bartnik (greg.) <br \/>\n\t2. + Franciszek, Stefania Mach (r. \u015bm.) <br \/>\n\t3. Za zmar\u0142ych z rodziny Kojdr&oacute;w, Rybak&oacute;w i Matuszk&oacute;w<\/p>\n<p><u><strong>Niedziela &#8211; 27 sierpie\u0144<br \/>\n\t<\/strong><\/u>06.30 + \u0141ukasz Kocha\u0144czyk &ndash; od wychowawczyni oraz kol. i kol. ze Szko\u0142y Podstawowej <br \/>\n\t08.00 + Stanis\u0142awa Mach &ndash; od wnuczki Katarzyny<br \/>\n\t08.00 + Franciszek Bartnik &ndash; od \u017cony Anny <br \/>\n\t10.30 Za parafian <br \/>\n\t15.00 + Stefan Bartnik (greg.)<\/p>\n<h3 style=\"text-align: center;\"><strong><span style=\"color: rgb(0, 0, 128);\">Modlitw\u0119 r&oacute;\u017ca\u0144cow\u0105 prowadz\u0105<\/span><\/strong><\/h3>\n<p>21. Pn. R&oacute;\u017ca \u015aw. Heleny &#8211; (Helena Dyrda)<br \/>\n\t22. Wt. R&oacute;\u017ca \u015aw. Katarzyny &ndash; (Anna Kurek)<br \/>\n\t23. \u015ar. R&oacute;\u017ca \u015aw. Klary &ndash; (Teresa G\u0142owiak)<br \/>\n\t24. Cz. R&oacute;\u017ca \u015aw. Kingi &#8211; (El\u017cbieta Wacnik)<br \/>\n\t25. Pt. KSM<br \/>\n\t26. Sb. R&oacute;\u017ca \u015aw. Marii Magdaleny &ndash; (Janina Rachwa\u0142) <br \/>\n\t27. Nd. R&oacute;\u017ca \u015aw. Marii Goretti &#8211; (El\u017cbieta Kukulska)<\/p>\n<p><strong>Wyznaczona R&oacute;\u017ca jest proszona o prowadzenie modlitwy r&oacute;\u017ca\u0144cowej.<\/strong><\/p>\n<h3 style=\"text-align: center;\"><strong><span style=\"color: rgb(0, 0, 128);\">Propozycja intencji do przekazania do odprawienia <br \/>\n\t<\/span><\/strong><strong><span style=\"color: rgb(0, 0, 128);\">w Wy\u017cszym Seminarium Duchownym w Przemy\u015blu<br \/>\n\t<\/span><\/strong><\/h3>\n<p>01.&nbsp;&nbsp;&nbsp; &nbsp;+ Adam Por\u0119bny &ndash; od Magdaleny i Jakuba Pieczek<br \/>\n\t02.&nbsp;&nbsp;&nbsp; &nbsp;+ Adam Por\u0119bny &ndash; od rodziny Kubis&oacute;w <br \/>\n\t03.&nbsp;&nbsp;&nbsp; &nbsp;+ Adam Por\u0119bny &ndash; od rodziny Kubis&oacute;w<br \/>\n\t04.&nbsp;&nbsp;&nbsp; &nbsp;+ Adam Por\u0119bny &ndash; od Szczyrby<br \/>\n\t05.&nbsp;&nbsp;&nbsp; &nbsp;+ Adam Por\u0119bny &ndash; od Zak\u0142adu Pogrzebowego KRZAN<br \/>\n\t06.&nbsp;&nbsp;&nbsp; &nbsp;+ Adam Por\u0119bny &ndash; od Bernadety i Stanis\u0142awa St\u0119ch\u0142ych<br \/>\n\t07.&nbsp;&nbsp;&nbsp; &nbsp;+ Adam Por\u0119bny &ndash; od kol. i kol. z Zak\u0142adu BISPOL<br \/>\n\t08.&nbsp;&nbsp;&nbsp; &nbsp;+ B\u0142a\u017cej Kurek &ndash; od Publi. Przedszkola w Bia\u0142obrzegach &ndash;gr. Biedronki<br \/>\n\t09.&nbsp;&nbsp;&nbsp; &nbsp;+ J&oacute;zef Mazur &ndash; od rodziny Nowak&oacute;w z Nienad&oacute;wki<br \/>\n\t10.&nbsp;&nbsp;&nbsp; &nbsp;+ J&oacute;zef Mazur &ndash; od rodziny Gwo\u017ad\u017ai&oacute;w z Trzebowniska<br \/>\n\t11.&nbsp;&nbsp;&nbsp; &nbsp;+ J&oacute;zef Mazur &ndash; od Krystyny Krawiec z Rzeszowa<br \/>\n\t12.&nbsp;&nbsp;&nbsp; &nbsp;+ J&oacute;zef Mazur &ndash; od Janiny i Jana Tobiasz z Nienad&oacute;wki<br \/>\n\t13.&nbsp;&nbsp;&nbsp; &nbsp;+ J&oacute;zef Mazur &ndash; od kol. kol. c&oacute;rki Jolanty z Woj. Inspektoratu Ochrony \u015arodowiska w Rzeszowie &ndash; Wydzia\u0142 Inspekcji i Wydzia\u0142 Prawny<br \/>\n\t14.&nbsp;&nbsp;&nbsp; &nbsp;+ J&oacute;zef Mazur &ndash; od kol. kol. c&oacute;rki Jolanty z Woj. Inspektoratu Ochrony \u015arodowiska w Rzeszowie &ndash; Wydzia\u0142 Inspekcji i Wydzia\u0142 Prawny<br \/>\n\t15.&nbsp;&nbsp;&nbsp; &nbsp;+ J&oacute;zef Mazur &ndash; od kol. kol. c&oacute;rki Jolanty z Woj. Inspektoratu Ochrony \u015arodowiska w Rzeszowie &ndash; Wydzia\u0142 Inspekcji i Wydzia\u0142 Prawny<br \/>\n\t16.&nbsp;&nbsp;&nbsp; &nbsp;+ J&oacute;zef Czupich &ndash; od swat&oacute;w Rydzik&oacute;w z Grodziska Dolnego<br \/>\n\t17.&nbsp;&nbsp;&nbsp; &nbsp;+ J&oacute;zef Czupich &ndash; od szwagra \u015alandy z Grodziska Dolnego<br \/>\n\t18.&nbsp;&nbsp;&nbsp; &nbsp;+ J&oacute;zef Czupich &ndash; od prac. Oddzia\u0142u Rehabilitacji Szpitala im. \u015aw. Rodziny w Rudnej Ma\u0142ej<br \/>\n\t19.&nbsp;&nbsp;&nbsp; &nbsp;+ J&oacute;zef Czupich &ndash; od prac. Oddzia\u0142u Rehabilitacji Szpitala im. \u015aw. Rodziny w Rudnej Ma\u0142ej<br \/>\n\t20.&nbsp;&nbsp;&nbsp; &nbsp;+ J&oacute;zef Czupich &ndash; od prac. Oddzia\u0142u Rehabilitacji Szpitala im. \u015aw. Rodziny w Rudnej Ma\u0142ej<br \/>\n\t21.&nbsp;&nbsp;&nbsp; &nbsp;+ J&oacute;zef Czupich<br \/>\n\t22.&nbsp;&nbsp;&nbsp; &nbsp;+ J&oacute;zef Czupich &ndash; od rodziny So\u0142k&oacute;w<br \/>\n\t23.&nbsp;&nbsp;&nbsp; &nbsp;+ J&oacute;zef Czupich &#8211; od rodziny So\u0142k&oacute;w<br \/>\n\t24.&nbsp;&nbsp;&nbsp; &nbsp;+ Franciszek Bartnik &ndash; od rodziny Hejnosz<br \/>\n\t25.&nbsp;&nbsp;&nbsp; &nbsp;+ Franciszek Bartnik &ndash; od s\u0105siad&oacute;w Kie\u0142bickich i Nycz&oacute;w<br \/>\n\t26.&nbsp;&nbsp;&nbsp; &nbsp;+ Franciszek Bartnik &ndash; od chrze\u015bniaka Paw\u0142a z rodzin\u0105<br \/>\n\t27.&nbsp;&nbsp;&nbsp; &nbsp;+ Franciszek Bartnik &ndash; od El\u017cbiety i Piotra Tokarz&oacute;w z Le\u017cajska<br \/>\n\t28.&nbsp;&nbsp;&nbsp; &nbsp;+ Franciszek Bartnik &ndash; od Zofii i Tadeusza Henclik<br \/>\n\t29.&nbsp;&nbsp;&nbsp; &nbsp;+ Franciszek Bartnik &#8211; od s\u0105siad&oacute;w Por\u0119bnych<br \/>\n\t30.&nbsp;&nbsp;&nbsp; &nbsp;+ Franciszek Bartnik &ndash; od J&oacute;zefy Leja z rodzin\u0105 z \u017bo\u0142yni<\/p>\n<p>&nbsp;<\/p>\n","protected":false},"excerpt":{"rendered":"<p>XX Niedziela Zwyk\u0142a &#8211; 20-08-2023 Og\u0142oszenia Dzi\u015b o godz. 15.00 Nabo\u017ce\u0144stwo R&oacute;\u017ca\u0144cowe, a po Nim Msza \u015bw. W tym tygodniu w Liturgii Ko\u015bcio\u0142a wspominamy: w poniedzia\u0142ek &ndash; wspomnienie \u015bw. Piusa &hellip; <a href=\"https:\/\/budy.przemyska.pl\/index.php\/2023\/08\/20\/ogloszenia-parafialne-20-sierpien-2023\/\" class=\"more-link\">Czytaj dalej <span class=\"screen-reader-text\">Og\u0142oszenia parafialne 20 sierpie\u0144 2023<\/span> <span class=\"meta-nav\">&rarr;<\/span><\/a><\/p>\n","protected":false},"author":1,"featured_media":0,"comment_status":"closed","ping_status":"closed","sticky":false,"template":"","format":"standard","meta":{"footnotes":""},"categories":[6,4],"tags":[],"class_list":["post-3675","post","type-post","status-publish","format-standard","hentry","category-aktualnosci","category-ogloszenia"],"_links":{"self":[{"href":"https:\/\/budy.przemyska.pl\/index.php\/wp-json\/wp\/v2\/posts\/3675","targetHints":{"allow":["GET"]}}],"collection":[{"href":"https:\/\/budy.przemyska.pl\/index.php\/wp-json\/wp\/v2\/posts"}],"about":[{"href":"https:\/\/budy.przemyska.pl\/index.php\/wp-json\/wp\/v2\/types\/post"}],"author":[{"embeddable":true,"href":"https:\/\/budy.przemyska.pl\/index.php\/wp-json\/wp\/v2\/users\/1"}],"replies":[{"embeddable":true,"href":"https:\/\/budy.przemyska.pl\/index.php\/wp-json\/wp\/v2\/comments?post=3675"}],"version-history":[{"count":0,"href":"https:\/\/budy.przemyska.pl\/index.php\/wp-json\/wp\/v2\/posts\/3675\/revisions"}],"wp:attachment":[{"href":"https:\/\/budy.przemyska.pl\/index.php\/wp-json\/wp\/v2\/media?parent=3675"}],"wp:term":[{"taxonomy":"category","embeddable":true,"href":"https:\/\/budy.przemyska.pl\/index.php\/wp-json\/wp\/v2\/categories?post=3675"},{"taxonomy":"post_tag","embeddable":true,"href":"https:\/\/budy.przemyska.pl\/index.php\/wp-json\/wp\/v2\/tags?post=3675"}],"curies":[{"name":"wp","href":"https:\/\/api.w.org\/{rel}","templated":true}]}}