{"id":3670,"date":"2023-08-06T10:55:35","date_gmt":"2023-08-06T08:55:35","guid":{"rendered":"http:\/\/www.budylancuckie.przemyska.pl\/?p=3670"},"modified":"2023-08-06T10:55:35","modified_gmt":"2023-08-06T08:55:35","slug":"ogloszenia-parafialne-6-sierpien-2023","status":"publish","type":"post","link":"https:\/\/budy.przemyska.pl\/index.php\/2023\/08\/06\/ogloszenia-parafialne-6-sierpien-2023\/","title":{"rendered":"Og\u0142oszenia parafialne 6 sierpie\u0144 2023"},"content":{"rendered":"<h2 style=\"text-align: center;\"><strong><span style=\"color: rgb(0, 0, 128);\">\u015aWI\u0118TO PRZEMIENIENIA PA\u0143SKIEGO &#8211; 06-08-2023<\/span><\/strong><\/h2>\n<h2 style=\"text-align: center;\"><strong><span style=\"color: rgb(0, 0, 128);\">Og\u0142oszenia<br \/>\n\t<\/span><\/strong><\/h2>\n<ol>\n<li>Dzi\u015b o godz. 15.00 Nabo\u017ce\u0144stwo Eucharystyczne, a po Nim Msza \u015bw.<\/li>\n<li>W tym tygodniu w Liturgii Ko\u015bcio\u0142a wspominamy; we wtorek &ndash; wspomnienie \u015bw. Dominika; w \u015brod\u0119 &ndash; \u015awi\u0119to \u015bw. Teresy Benedykty od Krzy\u017ca, patronki Europy; w czwartek &ndash; \u015awi\u0119to \u015bw. Wawrzy\u0144ca, diakona i m\u0119czennika; w pi\u0105tek &ndash; wspomnienie \u015bw. Klary.<\/li>\n<li>W czwartek Adoracja Naj\u015bwi\u0119tszego Sakramentu od godz. 17.00. W tym dniu, r&oacute;wnie\u017c, w czasie Mszy \u015bw. po\u015bwi\u0119cenie mas\u0142a.<\/li>\n<li>Niebawem prze\u017cywa\u0107 b\u0119dziemy Uroczysto\u015b\u0107 Wniebowzi\u0119cia NMP (Matki Bo\u017cej Zielnej). Bardzo serdecznie zach\u0119cam do wykonania wie\u0144c&oacute;w do\u017cynkowych, by w ten wyrazi\u0107 nasz\u0105 wdzi\u0119czno\u015b\u0107 Panu Bogu za tegoroczne plony.<\/li>\n<li>W tym tygodniu zosta\u0142a ju\u017c zakupiona ch\u0142odnia do naszej kaplicy przedpogrzebowej. Kaplica jest dzi\u015b otwarta, a zatem mo\u017cna wej\u015b\u0107 do niej i zobaczy\u0107.<\/li>\n<li>Sk\u0142adam serdeczne B&oacute;g zap\u0142a\u0107 dla os&oacute;b sprz\u0105taj\u0105cych i stroj\u0105cych ko\u015bci&oacute;\u0142 oraz za wszystkie ofiary sk\u0142adane na potrzeby parafii.<\/li>\n<\/ol>\n<h3 style=\"text-align: center;\"><strong><span style=\"color: rgb(0, 0, 128);\">Intencje mszalne<\/span><\/strong><\/h3>\n<h4 style=\"text-align: center;\"><strong><span style=\"color: rgb(0, 0, 128);\">od 7 sierpnia 2023 do 13 siepnia 2023<\/span><\/strong><\/h4>\n<h4>&nbsp;<\/h4>\n<h4><strong>Gdyby zbyt d\u0142ugi czas nie by\u0142a og\u0142oszona zam&oacute;wiona intencja mszalna &ndash; prosimy o zg\u0142oszenie tego kap\u0142anowi.&nbsp; Zam&oacute;wiona intencja nie mo\u017ce zgin\u0105\u0107.<br \/>\n\t<\/strong><\/h4>\n<p><u><strong>Poniedzia\u0142ek &#8211; 7 sierpie\u0144<br \/>\n\t<\/strong><\/u>1. + Stefan Bartnik (greg.) <br \/>\n\t2. + J&oacute;zef Bosak (r. \u015bm.) i zmarli z rodziny <br \/>\n\t3. + Katarzyna Rybak i zmarli z rodziny Skiba<\/p>\n<p><u><strong>Wtorek &#8211; 8 sierpie\u0144<br \/>\n\t<\/strong><\/u>1. + Stefan Bartnik (greg.)<br \/>\n\t2. + Janina i W\u0142adys\u0142aw Bia\u0142y &ndash; od Ma\u0142gorzaty Piku\u0142y <br \/>\n\t3. + Stanis\u0142aw Kita, Stefania, W\u0142adys\u0142aw Ciupi\u0144ski oraz zmarli rodzice i rodze\u0144stwo<\/p>\n<p><u><strong>\u015aroda &#8211; 9 sierpie\u0144<br \/>\n\t<\/strong><\/u>1. + Stefan Bartnik (greg.)<br \/>\n\t2. + Jacek Chudzik &#8211; 3 rocznica \u015bmierci <br \/>\n\t3. + \u0141ukasz Kocha\u0144czyk &ndash; od Marii Wikiery z rodzin\u0105<\/p>\n<p><u><strong>Czwartek &#8211; 10 sierpie\u0144<\/strong><\/u><br \/>\n\t1. + Stefan Bartnik (greg.) <br \/>\n\t2. + Maria, W\u0142adys\u0142aw, Micha\u0142 K\u0142os<br \/>\n\t3. + Tadeusz Kurek i zmarli rodzice<\/p>\n<p>\t<u><strong>Pi\u0105tek &#8211; 11 sierpie\u0144<\/strong><\/u><br \/>\n\t1. + Stefan Bartnik (greg.)<br \/>\n\t2. + Emilia Migas &ndash; od s\u0105siadki Z. M.<br \/>\n\t3. + Stanis\u0142aw Malach oraz zmarli rodzice<\/p>\n<p><u><strong>Sobota &#8211; 12 sierpie\u0144<br \/>\n\t<\/strong><\/u>1. + Stefan Bartnik (greg.) <br \/>\n\t2. + J&oacute;zef Kania &ndash; od Aliny i Roberta \u015awi\u0119toniowskich i szwagra Andrzeja Dyrdy<br \/>\n\t3. + W\u0142adys\u0142aw i Salomea Mach<\/p>\n<p><u><strong>Niedziela &#8211; 13 sierpie\u0144<br \/>\n\t<\/strong><\/u>06.30 + Jan, Katarzyna Kondel <br \/>\n\t08.00 + Ewa Por\u0119bna oraz Maria, Stefan i Bogus\u0142aw Czyrek <br \/>\n\t10.30 Za parafian <br \/>\n\t15.00 + Stefan Bartnik (greg.)<br \/>\n\t15.00 W int. Stra\u017cak&oacute;w i ich Rodzin; z okazji 100-lecia OSP w Budach \u0141a\u0144cuckich (Lewa Strona)<\/p>\n<h3 style=\"text-align: center;\"><strong><span style=\"color: rgb(0, 0, 128);\">Modlitw\u0119 r&oacute;\u017ca\u0144cow\u0105 prowadz\u0105<\/span><\/strong><\/h3>\n<p>07. Pn. R&oacute;\u017ca \u015aw. Teresy Wielkiej &#8211; (Zofia Wierzbicka)<br \/>\n\t08. Wt. R&oacute;\u017ca \u015aw. Tomasza Aposto\u0142a &ndash; (Stanis\u0142aw \u015alimak)<br \/>\n\t09. \u015ar. R&oacute;\u017ca \u015aw. Andrzeja Aposto\u0142a &ndash; (J&oacute;zef M\u0105dry)<br \/>\n\t10. Cz. Akcja Katolicka<br \/>\n\t11. Pt. KSM<br \/>\n\t12. Sb. R&oacute;\u017ca \u015aw. Agaty &ndash; (Patrycja Por\u0119bna) <br \/>\n\t13. Nd. R&oacute;\u017ca \u015aw. Agnieszki &#8211; (Ma\u0142gorzata Markowicz)<br \/>\n\t<strong>Wyznaczona R&oacute;\u017ca jest proszona o prowadzenie modlitwy r&oacute;\u017ca\u0144cowej.<\/strong><\/p>\n","protected":false},"excerpt":{"rendered":"<p>\u015aWI\u0118TO PRZEMIENIENIA PA\u0143SKIEGO &#8211; 06-08-2023 Og\u0142oszenia Dzi\u015b o godz. 15.00 Nabo\u017ce\u0144stwo Eucharystyczne, a po Nim Msza \u015bw. W tym tygodniu w Liturgii Ko\u015bcio\u0142a wspominamy; we wtorek &ndash; wspomnienie \u015bw. Dominika; &hellip; <a href=\"https:\/\/budy.przemyska.pl\/index.php\/2023\/08\/06\/ogloszenia-parafialne-6-sierpien-2023\/\" class=\"more-link\">Czytaj dalej <span class=\"screen-reader-text\">Og\u0142oszenia parafialne 6 sierpie\u0144 2023<\/span> <span class=\"meta-nav\">&rarr;<\/span><\/a><\/p>\n","protected":false},"author":1,"featured_media":0,"comment_status":"closed","ping_status":"closed","sticky":false,"template":"","format":"standard","meta":{"footnotes":""},"categories":[6,4],"tags":[],"class_list":["post-3670","post","type-post","status-publish","format-standard","hentry","category-aktualnosci","category-ogloszenia"],"_links":{"self":[{"href":"https:\/\/budy.przemyska.pl\/index.php\/wp-json\/wp\/v2\/posts\/3670","targetHints":{"allow":["GET"]}}],"collection":[{"href":"https:\/\/budy.przemyska.pl\/index.php\/wp-json\/wp\/v2\/posts"}],"about":[{"href":"https:\/\/budy.przemyska.pl\/index.php\/wp-json\/wp\/v2\/types\/post"}],"author":[{"embeddable":true,"href":"https:\/\/budy.przemyska.pl\/index.php\/wp-json\/wp\/v2\/users\/1"}],"replies":[{"embeddable":true,"href":"https:\/\/budy.przemyska.pl\/index.php\/wp-json\/wp\/v2\/comments?post=3670"}],"version-history":[{"count":0,"href":"https:\/\/budy.przemyska.pl\/index.php\/wp-json\/wp\/v2\/posts\/3670\/revisions"}],"wp:attachment":[{"href":"https:\/\/budy.przemyska.pl\/index.php\/wp-json\/wp\/v2\/media?parent=3670"}],"wp:term":[{"taxonomy":"category","embeddable":true,"href":"https:\/\/budy.przemyska.pl\/index.php\/wp-json\/wp\/v2\/categories?post=3670"},{"taxonomy":"post_tag","embeddable":true,"href":"https:\/\/budy.przemyska.pl\/index.php\/wp-json\/wp\/v2\/tags?post=3670"}],"curies":[{"name":"wp","href":"https:\/\/api.w.org\/{rel}","templated":true}]}}