{"id":3667,"date":"2023-07-30T20:20:28","date_gmt":"2023-07-30T18:20:28","guid":{"rendered":"http:\/\/www.budylancuckie.przemyska.pl\/?p=3667"},"modified":"2023-07-30T20:20:28","modified_gmt":"2023-07-30T18:20:28","slug":"ogloszenia-parafialne-30-lipiec-2023","status":"publish","type":"post","link":"https:\/\/budy.przemyska.pl\/index.php\/2023\/07\/30\/ogloszenia-parafialne-30-lipiec-2023\/","title":{"rendered":"Og\u0142oszenia parafialne 30 lipiec 2023"},"content":{"rendered":"<h2 style=\"text-align: center;\"><strong><span style=\"color: rgb(0, 0, 128);\">XVII Niedziela Zwyk\u0142a &#8211; 30-07-2023<\/span><\/strong><\/h2>\n<h2 style=\"text-align: center;\"><strong><span style=\"color: rgb(0, 0, 128);\">Og\u0142oszenia<br \/>\n\t<\/span><\/strong><\/h2>\n<ol>\n<li>Dzi\u015b o godz. 15.00 Nabo\u017ce\u0144stwo do Matki Bo\u017cej, a po Nim Msza \u015bw. <\/li>\n<li>W tym tygodniu w Liturgii Ko\u015bcio\u0142a wspominamy; w poniedzia\u0142ek &ndash; wspomnienie \u015bw. Ignacego z Loyoli; we wtorek &ndash; wspomnienie \u015bw. Alfonsa Marii Liguoriego; w pi\u0105tek &ndash; wspomnienie \u015bw. Jana Marii Vianneya.<\/li>\n<li>S\u0105 jeszcze wolne miejsca w autokarze na Uroczysto\u015b\u0107 beatyfikacyjn\u0105 Rodziny Ulm&oacute;w 10 wrze\u015bnia w Markowej. Serdecznie zapraszamy!<\/li>\n<li>We wtorek rozpoczynamy miesi\u0105c sierpie\u0144. W naszej narodowej tradycji to miesi\u0105c wielu historycznych wydarze\u0144. Od lat jest zach\u0119ta Episkopatu Polski, aby w tym miesi\u0105cu podj\u0105\u0107 abstynencj\u0119. Szczerze i serdecznie zach\u0119camy do tego.<\/li>\n<li>W tym miesi\u0105cu wypada I czwartek, I Pi\u0105tek i I sobota miesi\u0105ca. <br \/>\n\t\tW czwartek adoracja Naj\u015bwi\u0119tszego Sakramentu od godz. 17.00. W tym dniu szczeg&oacute;lnie modlimy si\u0119 o powo\u0142ania i za powo\u0142anych do S\u0142u\u017cby Bo\u017cej.<\/li>\n<li>W I pi\u0105tek czcimy Naj\u015bwi\u0119tsze Serce Pana Jezusa. Msza \u015bw. rano o godz. 06.45 oraz o godz. 18.00. Po rannej Mszy \u015bw. odwiedziny chorych z Komuni\u0105 \u015bw. <\/li>\n<li>W I sobot\u0119 czcimy Niepokalane Serce NMP. Msza \u015bw. o godz. 18.00, po Niej Nabo\u017ce\u0144stwo R&oacute;\u017ca\u0144cowe, procesja z figurk\u0105 Matki Bo\u017cej fatimskiej oraz zmiana tajemnic r&oacute;\u017ca\u0144cowych.<\/li>\n<li>Mo\u017cliwo\u015b\u0107 spowiedzi \u015bw. codziennie, godzin\u0119 przed Msz\u0105 \u015bw.<\/li>\n<li>Sk\u0142adam serdeczne B&oacute;g zap\u0142a\u0107 dla os&oacute;b sprz\u0105taj\u0105cych i stroj\u0105cych ko\u015bci&oacute;\u0142 oraz za wszystkie ofiary sk\u0142adane na potrzeby parafii.<\/li>\n<\/ol>\n<h3 style=\"text-align: center;\"><strong><span style=\"color: rgb(0, 0, 128);\">Intencje mszalne<\/span><\/strong><\/h3>\n<h4 style=\"text-align: center;\"><strong><span style=\"color: rgb(0, 0, 128);\">od 31 lipca 2023 do 6 siepnia 2023<\/span><\/strong><\/h4>\n<h4>&nbsp;<\/h4>\n<h4><strong>Gdyby zbyt d\u0142ugi czas nie by\u0142a og\u0142oszona zam&oacute;wiona intencja mszalna &ndash; prosimy o zg\u0142oszenie tego kap\u0142anowi.&nbsp; Zam&oacute;wiona intencja nie mo\u017ce zgin\u0105\u0107.<br \/>\n\t<\/strong><\/h4>\n<p><u><strong>Poniedzia\u0142ek &#8211; 31 lipiec<br \/>\n\t<\/strong><\/u>1. + Ignacy Czyrek <br \/>\n\t2. + B\u0142a\u017cej Kurek &ndash; od kol. i kol. brata Filipa z firmy Wrobud <br \/>\n\t3. + Katarzyna Migas<\/p>\n<p><u><strong>Wtorek &#8211; 1 sierpie\u0144<br \/>\n\t<\/strong><\/u>1. + Stefan Bartnik (pocz. greg.)<br \/>\n\t2. + Zuzanna Dyrda &ndash; od c&oacute;rki Ma\u0142gorzaty<br \/>\n\t3. + Julianna, Franciszek, Stefan Joniec <\/p>\n<p><u><strong>\u015aroda &#8211; 2 sierpie\u0144<br \/>\n\t<\/strong><\/u>1. + Stefan Bartnik (greg.)<br \/>\n\t2. + B\u0142a\u017cej Kurek &ndash; od Zarz\u0105du Powiatu \u0141a\u0144cuckiego <br \/>\n\t3. + \u0141ukasz Kocha\u0144czyk &ndash; od Gabrieli i Tomasza Le\u0144 <\/p>\n<p><u><strong>Czwartek &#8211; 3 sierpie\u0144<\/strong><\/u><br \/>\n\t1. + Stefan Bartnik (greg.) <br \/>\n\t2. + Helena Krauz &ndash; od Agnieszki i Zofii<br \/>\n\t3. + Zofia, Stanis\u0142aw skiba, Stefan Kojder<\/p>\n<p>\t<u><strong>Pi\u0105tek &#8211; 4 sierpie\u0144<\/strong><\/u><br \/>\n\t06.45 + Stefan Bartnik (greg.)<br \/>\n\t06.45 + Ks. J&oacute;zef Czech oraz zmarli Rodzice i Rodze\u0144stwo<br \/>\n\t18.00 + J&oacute;zef Kania &ndash; od Aliny i Roberta \u015awi\u0119toniowskich oraz szwagra Andrzeja Dyrdy<\/p>\n<p><u><strong>Sobota &#8211; 5 sierpie\u0144<br \/>\n\t<\/strong><\/u>1. + Stefan Bartnik (greg.) <br \/>\n\t2. + Zofia, Franciszek Dyrda<br \/>\n\t3. + Ryszard Markowicz <\/p>\n<p><u><strong>Niedziela &#8211; 6 sierpie\u0144<br \/>\n\t<\/strong><\/u>06.30 + Maria Pelc (4 rocz. \u015bmierci) oraz + J&oacute;zef, Jan, Rafa\u0142 <br \/>\n\t08.00 + Stanis\u0142awa (20 rocz. \u015bmierci) oraz + Roman, Maria Blok <br \/>\n\t10.30 Za parafian <br \/>\n\t15.00 + Stefan Bartnik (greg.)<br \/>\n\t15.00 W int. Stra\u017cak&oacute;w i ich Rodzin; z okazji 100-lecia OSP w Budach \u0141a\u0144cuckich (Lewa Strona)<\/p>\n<h3 style=\"text-align: center;\"><strong><span style=\"color: rgb(0, 0, 128);\">Modlitw\u0119 r&oacute;\u017ca\u0144cow\u0105 prowadz\u0105<\/span><\/strong><\/h3>\n<p>31. Pn. R&oacute;\u017ca Matki Bo\u017cej R&oacute;\u017ca\u0144cowej &#8211; (Zofia \u015awizdor)<br \/>\n\t01. Wt. R&oacute;\u017ca Matki Bo\u017cej Szkaplerznej &ndash; (Maria K\u0142os)<br \/>\n\t02. \u015ar. R&oacute;\u017ca \u015aw. Stanis\u0142awa Biskupa &ndash; (Wojciech Pelc)<br \/>\n\t03. Cz. Dzie\u0142o Pomocy Powo\u0142aniom<br \/>\n\t04. Pt. KSM<br \/>\n\t05. Sb. Kap\u0142an <br \/>\n\t06. Nd. R&oacute;\u017ca \u015aw. Teresy od Dzieci\u0105tka Jezus &#8211; (Dorota Dzierga)<br \/>\n\t<strong>Wyznaczona R&oacute;\u017ca jest proszona o prowadzenie modlitwy r&oacute;\u017ca\u0144cowej.<\/strong><\/p>\n<h3 style=\"text-align: center;\"><strong><span style=\"color: rgb(0, 0, 128);\">Propozycja intencji do przekazania do odprawienia <br \/>\n\t<\/span><\/strong><strong><span style=\"color: rgb(0, 0, 128);\">w Wy\u017cszym Seminarium Duchownym w Przemy\u015blu<br \/>\n\t<\/span><\/strong><\/h3>\n<p>01.&nbsp;&nbsp;&nbsp; &nbsp;+ Jan Migas &ndash; od swatowej Marii<br \/>\n\t02.&nbsp;&nbsp;&nbsp; &nbsp;+ Jan Migas &ndash; od Marcina Rusinek z rodzin\u0105<br \/>\n\t03.&nbsp;&nbsp;&nbsp; &nbsp;+ Jan Migas &ndash; od Rafa\u0142a Rusinek z rodzin\u0105<br \/>\n\t04.&nbsp;&nbsp;&nbsp; &nbsp;+ Jan Migas &ndash; od Rady so\u0142eckiej w D\u0119binie<br \/>\n\t05.&nbsp;&nbsp;&nbsp; &nbsp;+ Jan Migas &ndash; od kol. z pracy Adama i Marcina z firmy Mikrotech<br \/>\n\t06.&nbsp;&nbsp;&nbsp; &nbsp;+ Jan Migas &ndash; od kol. z pracy Adama i Marcina z firmy Mikrotech<br \/>\n\t07.&nbsp;&nbsp;&nbsp; &nbsp;+ Jan Migas &ndash; od Marii i Krzysztofa Decowskich<br \/>\n\t08.&nbsp;&nbsp;&nbsp; &nbsp;+ Jan Migas &ndash; od Marii i Krzysztofa Decowskich<br \/>\n\t09.&nbsp;&nbsp;&nbsp; &nbsp;+ Adam Por\u0119bny &ndash; od rodziny So\u0142k&oacute;w <br \/>\n\t10.&nbsp;&nbsp;&nbsp; &nbsp;+ Adam Por\u0119bny &ndash; od rodzin: Hader&oacute;w i G&oacute;rnych; ze strony Marty <br \/>\n\t11.&nbsp;&nbsp;&nbsp; &nbsp;+ Adam Por\u0119bny &ndash; od Agnieszki z rodzin\u0105<br \/>\n\t12.&nbsp;&nbsp;&nbsp; &nbsp;+ Adam Por\u0119bny &ndash; od kuzyna Jerzego z rodzin\u0105<br \/>\n\t13.&nbsp;&nbsp;&nbsp; &nbsp;+ Adam Por\u0119bny &ndash; od kol. z klasy Julii<br \/>\n\t14.&nbsp;&nbsp;&nbsp; &nbsp;+ Adam Por\u0119bny &ndash; od rodziny Bulicz&oacute;w<br \/>\n\t15.&nbsp;&nbsp;&nbsp; &nbsp;+ B\u0142a\u017cej Kurek &ndash; od Adriana z rodzin\u0105<br \/>\n\t16.&nbsp;&nbsp;&nbsp; &nbsp;+ B\u0142a\u017cej Kurek &ndash; od rodziny Wr&oacute;bel<br \/>\n\t17.&nbsp;&nbsp;&nbsp; &nbsp;+ B\u0142a\u017cej Kurek &ndash; od Radnych Powiatu \u0141a\u0144cuckiego<br \/>\n\t18.&nbsp;&nbsp;&nbsp; &nbsp;+ J&oacute;zef Mazur &ndash; od Artura Klimczy\u0144skiego<br \/>\n\t19.&nbsp;&nbsp;&nbsp; &nbsp;+ J&oacute;zef Mazur &ndash; od Marty, Wojciecha, Maii Czado<br \/>\n\t20.&nbsp;&nbsp;&nbsp; &nbsp;+ J&oacute;zef Mazur &ndash; od swat&oacute;w z Woli Dalszej<br \/>\n\t21.&nbsp;&nbsp;&nbsp; &nbsp;+ J&oacute;zef Mazur &ndash; od Patrycji Mareckiej<br \/>\n\t22.&nbsp;&nbsp;&nbsp; &nbsp;+ J&oacute;zef Mazur &ndash; od ca\u0142ej rodziny Kochman<br \/>\n\t23.&nbsp;&nbsp;&nbsp; &nbsp;+ Jan Migas &ndash; od siostry Danuty z m\u0119\u017cem<br \/>\n\t24.&nbsp;&nbsp;&nbsp; &nbsp;+ J&oacute;zef Czupich &ndash; od Marii Moskal z Gwizdowa<br \/>\n\t25.&nbsp;&nbsp;&nbsp; &nbsp;+ J&oacute;zef Czupich &ndash; od rodziny Czupich&oacute;w i Zar\u0119bskich<br \/>\n\t26.&nbsp;&nbsp;&nbsp; &nbsp;+ J&oacute;zef Czupich &ndash; bratowej Anny<br \/>\n\t27.&nbsp;&nbsp;&nbsp; &nbsp;+ Franciszek Bartnik &ndash; Ma\u0142gorzaty i Dominika \u015awizdor<br \/>\n\t28.&nbsp;&nbsp;&nbsp; &nbsp;+ Franciszek Bartnik &ndash; od Magdaleny i Krzysztofa Daszkiewicz<br \/>\n\t29.&nbsp;&nbsp;&nbsp; &nbsp;+ Franciszek Bartnik &ndash; od rodziny Pot\u0119g&oacute;w<br \/>\n\t30.&nbsp;&nbsp;&nbsp; &nbsp;+ Franciszek Bartnik &ndash; od Marty i Kazimierza Ku\u017aniar<\/p>\n<p>&nbsp;<\/p>\n","protected":false},"excerpt":{"rendered":"<p>XVII Niedziela Zwyk\u0142a &#8211; 30-07-2023 Og\u0142oszenia Dzi\u015b o godz. 15.00 Nabo\u017ce\u0144stwo do Matki Bo\u017cej, a po Nim Msza \u015bw. W tym tygodniu w Liturgii Ko\u015bcio\u0142a wspominamy; w poniedzia\u0142ek &ndash; wspomnienie &hellip; <a href=\"https:\/\/budy.przemyska.pl\/index.php\/2023\/07\/30\/ogloszenia-parafialne-30-lipiec-2023\/\" class=\"more-link\">Czytaj dalej <span class=\"screen-reader-text\">Og\u0142oszenia parafialne 30 lipiec 2023<\/span> <span class=\"meta-nav\">&rarr;<\/span><\/a><\/p>\n","protected":false},"author":1,"featured_media":0,"comment_status":"closed","ping_status":"closed","sticky":false,"template":"","format":"standard","meta":{"footnotes":""},"categories":[6,4],"tags":[],"class_list":["post-3667","post","type-post","status-publish","format-standard","hentry","category-aktualnosci","category-ogloszenia"],"_links":{"self":[{"href":"https:\/\/budy.przemyska.pl\/index.php\/wp-json\/wp\/v2\/posts\/3667","targetHints":{"allow":["GET"]}}],"collection":[{"href":"https:\/\/budy.przemyska.pl\/index.php\/wp-json\/wp\/v2\/posts"}],"about":[{"href":"https:\/\/budy.przemyska.pl\/index.php\/wp-json\/wp\/v2\/types\/post"}],"author":[{"embeddable":true,"href":"https:\/\/budy.przemyska.pl\/index.php\/wp-json\/wp\/v2\/users\/1"}],"replies":[{"embeddable":true,"href":"https:\/\/budy.przemyska.pl\/index.php\/wp-json\/wp\/v2\/comments?post=3667"}],"version-history":[{"count":0,"href":"https:\/\/budy.przemyska.pl\/index.php\/wp-json\/wp\/v2\/posts\/3667\/revisions"}],"wp:attachment":[{"href":"https:\/\/budy.przemyska.pl\/index.php\/wp-json\/wp\/v2\/media?parent=3667"}],"wp:term":[{"taxonomy":"category","embeddable":true,"href":"https:\/\/budy.przemyska.pl\/index.php\/wp-json\/wp\/v2\/categories?post=3667"},{"taxonomy":"post_tag","embeddable":true,"href":"https:\/\/budy.przemyska.pl\/index.php\/wp-json\/wp\/v2\/tags?post=3667"}],"curies":[{"name":"wp","href":"https:\/\/api.w.org\/{rel}","templated":true}]}}