{"id":3665,"date":"2023-07-23T14:29:24","date_gmt":"2023-07-23T12:29:24","guid":{"rendered":"http:\/\/www.budylancuckie.przemyska.pl\/?p=3665"},"modified":"2023-07-23T14:29:24","modified_gmt":"2023-07-23T12:29:24","slug":"ogloszenia-parafialne-23-lipiec-2023","status":"publish","type":"post","link":"https:\/\/budy.przemyska.pl\/index.php\/2023\/07\/23\/ogloszenia-parafialne-23-lipiec-2023\/","title":{"rendered":"Og\u0142oszenia parafialne 23 lipiec 2023"},"content":{"rendered":"<h2 style=\"text-align: center;\"><strong><span style=\"color: rgb(0, 0, 128);\">XVI Niedziela Zwyk\u0142a &#8211; 23-07-2023<\/span><\/strong><\/h2>\n<h2 style=\"text-align: center;\"><strong><span style=\"color: rgb(0, 0, 128);\">Og\u0142oszenia<br \/>\n\t<\/span><\/strong><\/h2>\n<ol>\n<li>Dzi\u015b o godz. 15.00 Nabo\u017ce\u0144stwo do \u015bw. J&oacute;zefa, a po Nim Msza \u015bw. <\/li>\n<li>W tym tygodniu w Liturgii Ko\u015bcio\u0142a wspominamy; w poniedzia\u0142ek &ndash; wspomnienie \u015bw. Kingi; we wtorek &ndash; \u015bwi\u0119to \u015bw. Jakuba Aposto\u0142a; w \u015brod\u0119 &ndash; wspomnienie \u015bw. Joachima i Anny, rodzic&oacute;w NMP; w sobot\u0119 &ndash; wspomnienie \u015bw. Marty, Marii i \u0141azarza.<\/li>\n<li>Bardzo prosimy, wszystkich zainteresowanych uczestnictwem w Uroczysto\u015bci beatyfikacji Rodziny Ulm&oacute;w, o zapisy w zakrystii do 30 lipca. S\u0105 jeszcze wolne miejsca. Serdecznie zatem zapraszamy wszystkich zainteresowanych. <\/li>\n<li>W dzisiejsz\u0105 niedziel\u0119, z racji bliskiego wspomnienia \u015bw. Krzysztofa, b\u0142ogos\u0142awie\u0144stwo pojazd&oacute;w. Cz\u0119\u015b\u0107 ofiar z tej racji przeznaczona jest na zakup \u015brodk&oacute;w transportu dla misjonarzy.<\/li>\n<li>W czwartek Adoracja Naj\u015bwi\u0119tszego Sakramentu od godz. 17.00.<\/li>\n<li>Sanktuarium Matki Bo\u017cej Pocieszenia w Jod\u0142&oacute;wce organizuje w najbli\u017csz\u0105 sobot\u0119, 29 lipca, spotkanie K&oacute;\u0142 Gospody\u0144 Wiejskich. G\u0142&oacute;wna Msza \u015bw. zostanie odprawiona o godz. 11.00, po niej mo\u017cliwo\u015b\u0107 zaprezentowania regionalnych smako\u0142yk&oacute;w. Na to wydarzenie mo\u017cna wybra\u0107 si\u0119 indywidualnie lub w wi\u0119kszej grupie reprezentuj\u0105cej terenowe Ko\u0142o.<\/li>\n<li>Sk\u0142adam serdeczne B&oacute;g zap\u0142a\u0107 dla os&oacute;b sprz\u0105taj\u0105cych i stroj\u0105cych ko\u015bci&oacute;\u0142 oraz za wszystkie ofiary sk\u0142adane na potrzeby parafii.<\/li>\n<\/ol>\n<h3 style=\"text-align: center;\"><strong><span style=\"color: rgb(0, 0, 128);\">Intencje mszalne<\/span><\/strong><\/h3>\n<h4 style=\"text-align: center;\"><strong><span style=\"color: rgb(0, 0, 128);\">od 24 lipca 2023 do 30 lipca 2023<\/span><\/strong><\/h4>\n<h4>&nbsp;<\/h4>\n<h4><strong>Gdyby zbyt d\u0142ugi czas nie by\u0142a og\u0142oszona zam&oacute;wiona intencja mszalna &ndash; prosimy o zg\u0142oszenie tego kap\u0142anowi.&nbsp; Zam&oacute;wiona intencja nie mo\u017ce zgin\u0105\u0107.<br \/>\n\t<\/strong><\/h4>\n<p><u><strong>Poniedzia\u0142ek &#8211; 24 lipiec<br \/>\n\t<\/strong><\/u>1. + Stanis\u0142aw W\u0119grzyn (greg.)<br \/>\n\t2. + B\u0142a\u017cej Kurek &ndash; od Agaty i J&oacute;zefa Pietruszka <br \/>\n\t3. W intencji Pielgrzym&oacute;w i ich Rodzin z racji Uroczysto\u015bci w Strachocinie w dniu 13 maja br.<\/p>\n<p><u><strong>Wtorek &#8211; 25 lipiec<br \/>\n\t<\/strong><\/u>1. + Stanis\u0142aw W\u0119grzyn (greg.)<br \/>\n\t2. + W\u0142adys\u0142aw Bester &ndash; od kolegi Micha\u0142a z \u017con\u0105<br \/>\n\t3. O zdrowie i opiek\u0119 Bo\u017c\u0105 dla ca\u0142ej rodziny<\/p>\n<p><u><strong>\u015aroda &#8211; 26 lipiec<br \/>\n\t<\/strong><\/u>1. + Stanis\u0142aw W\u0119grzyn (greg.)<br \/>\n\t2. + J&oacute;zef Kania &ndash; 3 rocznica \u015bmierci<br \/>\n\t3. + Anna, Stanis\u0142aw Cebulak i ks. Jan Cebulak<\/p>\n<p><u><strong>Czwartek &#8211; 27 lipiec<\/strong><\/u><br \/>\n\t1. + Stanis\u0142aw W\u0119grzyn (greg.) <br \/>\n\t2. + W\u0142adys\u0142aw Bester &ndash; od chrze\u015bnicy Katarzyny z m\u0119\u017cem<br \/>\n\t3. + Adam Por\u0119bny &ndash; od mamy Janiny<\/p>\n<p>\t<u><strong>Pi\u0105tek &#8211; 28 lipiec<\/strong><\/u><br \/>\n\t1. + Stanis\u0142aw W\u0119grzyn (greg.)<br \/>\n\t2. + Jan Kurek<br \/>\n\t3. + Stefania, Franciszek Mach (r. \u015bm.)<\/p>\n<p><u><strong>Sobota &#8211; 29 lipiec<br \/>\n\t<\/strong><\/u>1. + Stanis\u0142aw W\u0119grzyn (greg.) <br \/>\n\t2. W int. dusz w czy\u015b\u0107cu cierpi\u0105cych &ndash; od Heleny Kania<br \/>\n\t3. + Zbigniew i Krystyna Chmiel i zmarli z rodziny <\/p>\n<p><u><strong>Niedziela &#8211; 30 lipiec<br \/>\n\t<\/strong><\/u>06.30 + Stanis\u0142aw Dyrda &ndash; od c&oacute;rki Heleny <br \/>\n\t08.00 + Ks. Jan Cebulak i zmarli rodzice<br \/>\n\t08.00 + Stanis\u0142aw W\u0119grzyn (zak. greg.) <br \/>\n\t10.30 Za parafian<br \/>\n\t10.30 O b\u0142og. Bo\u017ce w pracy na roli i o \u0142ask\u0119 urodzaj&oacute;w z rejonu so\u0142tysa Mieczys\u0142aw Kukulskiego <br \/>\n\t15.00 W int. Stra\u017cak&oacute;w i ich Rodzin; z okazji 100-lecia OSP w Budach \u0141a\u0144cuckich (Lewa Strona)<\/p>\n<h3 style=\"text-align: center;\"><strong><span style=\"color: rgb(0, 0, 128);\">Modlitw\u0119 r&oacute;\u017ca\u0144cow\u0105 prowadz\u0105<\/span><\/strong><\/h3>\n<p>24. Pn. R&oacute;\u017ca \u015aw. Kingi &#8211; (El\u017cbieta Wacnik)<br \/>\n\t25. Wt. R&oacute;\u017ca \u015aw. Marii Magdaleny &ndash; (Janina Rachwa\u0142)<br \/>\n\t26. \u015ar. R&oacute;\u017ca \u015aw. Marii Goretti &ndash; (El\u017cbieta Kukulska)<br \/>\n\t27. Cz. R&oacute;\u017ca \u015aw. Marty &ndash; (Czes\u0142awa Por\u0119bna)<br \/>\n\t28. Pt. KSM<br \/>\n\t29. Sb. R&oacute;\u017ca \u015aw. Jadwigi \u015al\u0105skiej &ndash; (Edyta Wal) <br \/>\n\t30. Nd. R&oacute;\u017ca Matki Bo\u017cej Bolesnej &#8211; (Krystyna Szostek)<br \/>\n\t<strong>Wyznaczona R&oacute;\u017ca jest proszona o prowadzenie modlitwy r&oacute;\u017ca\u0144cowej.<\/strong><\/p>\n","protected":false},"excerpt":{"rendered":"<p>XVI Niedziela Zwyk\u0142a &#8211; 23-07-2023 Og\u0142oszenia Dzi\u015b o godz. 15.00 Nabo\u017ce\u0144stwo do \u015bw. J&oacute;zefa, a po Nim Msza \u015bw. W tym tygodniu w Liturgii Ko\u015bcio\u0142a wspominamy; w poniedzia\u0142ek &ndash; wspomnienie &hellip; <a href=\"https:\/\/budy.przemyska.pl\/index.php\/2023\/07\/23\/ogloszenia-parafialne-23-lipiec-2023\/\" class=\"more-link\">Czytaj dalej <span class=\"screen-reader-text\">Og\u0142oszenia parafialne 23 lipiec 2023<\/span> <span class=\"meta-nav\">&rarr;<\/span><\/a><\/p>\n","protected":false},"author":1,"featured_media":0,"comment_status":"closed","ping_status":"closed","sticky":false,"template":"","format":"standard","meta":{"footnotes":""},"categories":[6,4],"tags":[],"class_list":["post-3665","post","type-post","status-publish","format-standard","hentry","category-aktualnosci","category-ogloszenia"],"_links":{"self":[{"href":"https:\/\/budy.przemyska.pl\/index.php\/wp-json\/wp\/v2\/posts\/3665","targetHints":{"allow":["GET"]}}],"collection":[{"href":"https:\/\/budy.przemyska.pl\/index.php\/wp-json\/wp\/v2\/posts"}],"about":[{"href":"https:\/\/budy.przemyska.pl\/index.php\/wp-json\/wp\/v2\/types\/post"}],"author":[{"embeddable":true,"href":"https:\/\/budy.przemyska.pl\/index.php\/wp-json\/wp\/v2\/users\/1"}],"replies":[{"embeddable":true,"href":"https:\/\/budy.przemyska.pl\/index.php\/wp-json\/wp\/v2\/comments?post=3665"}],"version-history":[{"count":0,"href":"https:\/\/budy.przemyska.pl\/index.php\/wp-json\/wp\/v2\/posts\/3665\/revisions"}],"wp:attachment":[{"href":"https:\/\/budy.przemyska.pl\/index.php\/wp-json\/wp\/v2\/media?parent=3665"}],"wp:term":[{"taxonomy":"category","embeddable":true,"href":"https:\/\/budy.przemyska.pl\/index.php\/wp-json\/wp\/v2\/categories?post=3665"},{"taxonomy":"post_tag","embeddable":true,"href":"https:\/\/budy.przemyska.pl\/index.php\/wp-json\/wp\/v2\/tags?post=3665"}],"curies":[{"name":"wp","href":"https:\/\/api.w.org\/{rel}","templated":true}]}}