{"id":3662,"date":"2023-07-16T13:09:26","date_gmt":"2023-07-16T11:09:26","guid":{"rendered":"http:\/\/www.budylancuckie.przemyska.pl\/?p=3662"},"modified":"2023-07-16T13:09:26","modified_gmt":"2023-07-16T11:09:26","slug":"ogloszenia-parafialne-16-lipiec-2023","status":"publish","type":"post","link":"https:\/\/budy.przemyska.pl\/index.php\/2023\/07\/16\/ogloszenia-parafialne-16-lipiec-2023\/","title":{"rendered":"Og\u0142oszenia parafialne 16 lipiec 2023"},"content":{"rendered":"<h2 style=\"text-align: center;\"><strong><span style=\"color: rgb(0, 0, 128);\">XV Niedziela Zwyk\u0142a &#8211; 16-07-2023<\/span><\/strong><\/h2>\n<h2 style=\"text-align: center;\"><strong><span style=\"color: rgb(0, 0, 128);\">Og\u0142oszenia<br \/>\n\t<\/span><\/strong><\/h2>\n<ol>\n<li>Dzi\u015b o godz. 15.00 Nabo\u017ce\u0144stwo do Bo\u017cego Mi\u0142osierdzia, a po Nim Msza \u015bw. <\/li>\n<li>W tym tygodniu w Liturgii Ko\u015bcio\u0142a wspominamy; we sobot\u0119 &ndash; \u015awi\u0119to Marii Magdaleny.<\/li>\n<li>W zwi\u0105zku ze wspomnieniem \u015bw. Krzysztofa w najbli\u017csz\u0105 niedziel\u0119 b\u0142ogos\u0142awie\u0144stwo pojazd&oacute;w. Cz\u0119\u015b\u0107 ofiar z tej racji przeznaczona jest na zakup \u015brodk&oacute;w transportu dla misjonarzy.<\/li>\n<li>W zwi\u0105zku z Uroczysto\u015bci\u0105 beatyfikacji Rodziny Ulm&oacute;w, 10 wrze\u015bnia w Markowej, z naszej parafii organizowana jest Pielgrzymka na to wydarzenie. Bardzo zatem prosimy, wszystkich zainteresowanych uczestnictwem w tej Uroczysto\u015bci, o zapisy w zakrystii do 30 lipca. S\u0105 pewne logistyczne ograniczenia zwi\u0105zane z mo\u017cliwo\u015bci\u0105 uczestnictwa w Uroczysto\u015bci beatyfikacyjnej. Mamy 40 miejsc w autokarze, bo kolejne 10 miejsc zarezerwowanych jest dla parafii w Smolarzynach. Serdecznie zatem zapraszam wszystkich zainteresowanych. <br \/>\n\t\tPrzy stoliku z gazetami s\u0105 foldery informuj\u0105ce o Uroczysto\u015bci beatyfikacyjnej Rodziny Ulm&oacute;w.<\/li>\n<li>W czwartek Adoracja Naj\u015bwi\u0119tszego Sakramentu od godz. 17.00.<\/li>\n<li>Sk\u0142adam serdeczne B&oacute;g zap\u0142a\u0107 dla os&oacute;b sprz\u0105taj\u0105cych i stroj\u0105cych ko\u015bci&oacute;\u0142 oraz za wszystkie ofiary sk\u0142adane na potrzeby parafii.<\/li>\n<\/ol>\n<h3 style=\"text-align: center;\"><strong><span style=\"color: rgb(0, 0, 128);\">Intencje mszalne<\/span><\/strong><\/h3>\n<h4 style=\"text-align: center;\"><strong><span style=\"color: rgb(0, 0, 128);\">od 17 lipca 2023 do 23 lipca 2023<\/span><\/strong><\/h4>\n<h4>&nbsp;<\/h4>\n<h4><strong>Gdyby zbyt d\u0142ugi czas nie by\u0142a og\u0142oszona zam&oacute;wiona intencja mszalna &ndash; prosimy o zg\u0142oszenie tego kap\u0142anowi.&nbsp; Zam&oacute;wiona intencja nie mo\u017ce zgin\u0105\u0107.<br \/>\n\t<\/strong><\/h4>\n<p><u><strong>Poniedzia\u0142ek &#8211; 17 lipiec<br \/>\n\t<\/strong><\/u>1. + Stanis\u0142aw W\u0119grzyn (greg.)<br \/>\n\t2. + B\u0142a\u017cej Kurek &ndash; od wujka z Brzeska <br \/>\n\t3. + Ryszard Kojder<\/p>\n<p><u><strong>Wtorek &#8211; 18 lipiec<br \/>\n\t<\/strong><\/u>1. + Stanis\u0142aw W\u0119grzyn (greg.)<br \/>\n\t2. + Sebastian Zamorski &ndash; rocznica \u015bmierci<br \/>\n\t3. + Aniela, Jan Kurek oraz Stanis\u0142aw Socha<\/p>\n<p><u><strong>\u015aroda &#8211; 19 lipiec<br \/>\n\t<\/strong><\/u>1. + Stanis\u0142aw W\u0119grzyn (greg.)<br \/>\n\t2. + Bo\u017cena Krowicka &ndash; od Heleny Kania <br \/>\n\t3. + Karolina, W\u0142adys\u0142aw, Tadeusz, Agata Tonia<\/p>\n<p><u><strong>Czwartek &#8211; 20 lipiec<\/strong><\/u><br \/>\n\t1. + Stanis\u0142aw W\u0119grzyn (greg.) <br \/>\n\t2. + Franciszek, Anna, Franciszek<br \/>\n\t3. + Czes\u0142aw Piestrak<\/p>\n<p>\t<u><strong>Pi\u0105tek &#8211; 21 lipiec<\/strong><\/u><br \/>\n\t1. + Stanis\u0142aw W\u0119grzyn (greg.)<br \/>\n\t2. + B\u0142a\u017cej Kurek &ndash; od Radnych Powiatu \u0141a\u0144cuckiego<br \/>\n\t3. + Roman Kojder &ndash; od Bogus\u0142awy i Krystyny<\/p>\n<p><u><strong>Sobota &#8211; 22 lipiec<br \/>\n\t<\/strong><\/u>1. + Stanis\u0142aw W\u0119grzyn (greg.) <br \/>\n\t2. + Maria Bester &ndash; od kuzyna Micha\u0142a z \u017con\u0105 <br \/>\n\t3. + \u0141ukasz Kocha\u0144czyk &ndash; od brata z rodzin\u0105<\/p>\n<p><u><strong>Niedziela &#8211; 23 lipiec<br \/>\n\t<\/strong><\/u>06.30 + Jan i Helena Kukulscy <br \/>\n\t08.00 Dzi\u0119kczynna za otrzymane \u0142aski; z pro\u015bb\u0105 o b\u0142og. Bo\u017ce dla Doroty i Adama w 30-t\u0105 rocznic\u0119 \u015blubu &ndash; intencja od dzieci<br \/>\n\t08.00 W intencji m\u0142odzie\u017cy, kt&oacute;ra w tym roku przyj\u0119\u0142a Sakrament Bierzmowania oraz ich rodzin <br \/>\n\t10.30 Za parafian <br \/>\n\t15.00 + Stanis\u0142aw W\u0119grzyn (greg.) <\/p>\n<h3 style=\"text-align: center;\"><strong><span style=\"color: rgb(0, 0, 128);\">Modlitw\u0119 r&oacute;\u017ca\u0144cow\u0105 prowadz\u0105<\/span><\/strong><\/h3>\n<p>17. Pn. R&oacute;\u017ca \u015aw. Faustyny &#8211; (Eugenia \u015awizdor)<br \/>\n\t18. Wt. R&oacute;\u017ca \u015aw. Genowefy &ndash; (Genowefa Dr\u0105\u017cek)<br \/>\n\t19. \u015ar. R&oacute;\u017ca \u015aw. Jadwigi Kr&oacute;lowej &ndash; (Halina Dyrda)<br \/>\n\t20. Cz. R&oacute;\u017ca \u015aw. Heleny &ndash; (Helena Dyrda)<br \/>\n\t21. Pt. KSM<br \/>\n\t22. Sb. R&oacute;\u017ca \u015aw. Katarzyny &ndash; (Anna Kurek) <br \/>\n\t23. Nd. R&oacute;\u017ca \u015aw. Klary &#8211; (Teresa G\u0142owiak)<br \/>\n\t<strong>Wyznaczona R&oacute;\u017ca jest proszona o prowadzenie modlitwy r&oacute;\u017ca\u0144cowej.<\/strong><\/p>\n","protected":false},"excerpt":{"rendered":"<p>XV Niedziela Zwyk\u0142a &#8211; 16-07-2023 Og\u0142oszenia Dzi\u015b o godz. 15.00 Nabo\u017ce\u0144stwo do Bo\u017cego Mi\u0142osierdzia, a po Nim Msza \u015bw. W tym tygodniu w Liturgii Ko\u015bcio\u0142a wspominamy; we sobot\u0119 &ndash; \u015awi\u0119to &hellip; <a href=\"https:\/\/budy.przemyska.pl\/index.php\/2023\/07\/16\/ogloszenia-parafialne-16-lipiec-2023\/\" class=\"more-link\">Czytaj dalej <span class=\"screen-reader-text\">Og\u0142oszenia parafialne 16 lipiec 2023<\/span> <span class=\"meta-nav\">&rarr;<\/span><\/a><\/p>\n","protected":false},"author":1,"featured_media":0,"comment_status":"closed","ping_status":"closed","sticky":false,"template":"","format":"standard","meta":{"footnotes":""},"categories":[6,4],"tags":[],"class_list":["post-3662","post","type-post","status-publish","format-standard","hentry","category-aktualnosci","category-ogloszenia"],"_links":{"self":[{"href":"https:\/\/budy.przemyska.pl\/index.php\/wp-json\/wp\/v2\/posts\/3662","targetHints":{"allow":["GET"]}}],"collection":[{"href":"https:\/\/budy.przemyska.pl\/index.php\/wp-json\/wp\/v2\/posts"}],"about":[{"href":"https:\/\/budy.przemyska.pl\/index.php\/wp-json\/wp\/v2\/types\/post"}],"author":[{"embeddable":true,"href":"https:\/\/budy.przemyska.pl\/index.php\/wp-json\/wp\/v2\/users\/1"}],"replies":[{"embeddable":true,"href":"https:\/\/budy.przemyska.pl\/index.php\/wp-json\/wp\/v2\/comments?post=3662"}],"version-history":[{"count":0,"href":"https:\/\/budy.przemyska.pl\/index.php\/wp-json\/wp\/v2\/posts\/3662\/revisions"}],"wp:attachment":[{"href":"https:\/\/budy.przemyska.pl\/index.php\/wp-json\/wp\/v2\/media?parent=3662"}],"wp:term":[{"taxonomy":"category","embeddable":true,"href":"https:\/\/budy.przemyska.pl\/index.php\/wp-json\/wp\/v2\/categories?post=3662"},{"taxonomy":"post_tag","embeddable":true,"href":"https:\/\/budy.przemyska.pl\/index.php\/wp-json\/wp\/v2\/tags?post=3662"}],"curies":[{"name":"wp","href":"https:\/\/api.w.org\/{rel}","templated":true}]}}