{"id":3660,"date":"2023-07-09T11:04:45","date_gmt":"2023-07-09T09:04:45","guid":{"rendered":"http:\/\/www.budylancuckie.przemyska.pl\/?p=3660"},"modified":"2023-07-09T11:04:45","modified_gmt":"2023-07-09T09:04:45","slug":"ogloszenia-parafialne-9-lipiec-2023","status":"publish","type":"post","link":"https:\/\/budy.przemyska.pl\/index.php\/2023\/07\/09\/ogloszenia-parafialne-9-lipiec-2023\/","title":{"rendered":"Og\u0142oszenia parafialne 9 lipiec 2023"},"content":{"rendered":"<h2 style=\"text-align: center;\"><strong><span style=\"color: rgb(0, 0, 128);\">XIV Niedziela Zwyk\u0142a &#8211; 09-07-2023<\/span><\/strong><\/h2>\n<h2 style=\"text-align: center;\"><strong><span style=\"color: rgb(0, 0, 128);\">Og\u0142oszenia<br \/>\n\t<\/span><\/strong><\/h2>\n<ol>\n<li>Dzi\u015b o godz. 15.00 Nabo\u017ce\u0144stwo R&oacute;\u017ca\u0144cowe, a po Nim Msza \u015bw.<\/li>\n<li>W tym tygodniu w Liturgii Ko\u015bcio\u0142a wspominamy; we wtorek &ndash; \u015awi\u0119to \u015bw. Benedykta, patrona Europy; w \u015brod\u0119 &ndash; wspomnienie \u015bw. Brunona z Kwerfurtu w czwartek &ndash; wspomnienie \u015bw. Andrzeja \u015awierada i Benedykta; w sobot\u0119 &ndash; wspomnienie \u015bw. Bonawentury.<\/li>\n<li>W czwartek Adoracja Naj\u015bwi\u0119tszego Sakramentu od godz. 17.00.<\/li>\n<li>Sk\u0142adam serdeczne B&oacute;g zap\u0142a\u0107 dla os&oacute;b sprz\u0105taj\u0105cych i stroj\u0105cych ko\u015bci&oacute;\u0142 oraz za wszystkie ofiary sk\u0142adane na potrzeby parafii.<\/li>\n<\/ol>\n<h3 style=\"text-align: center;\"><strong><span style=\"color: rgb(0, 0, 128);\">Intencje mszalne<\/span><\/strong><\/h3>\n<h4 style=\"text-align: center;\"><strong><span style=\"color: rgb(0, 0, 128);\">od 10 lipca 2023 do 16 lipca 2023<\/span><\/strong><\/h4>\n<h4>&nbsp;<\/h4>\n<h4><strong>Gdyby zbyt d\u0142ugi czas nie by\u0142a og\u0142oszona zam&oacute;wiona intencja mszalna &ndash; prosimy o zg\u0142oszenie tego kap\u0142anowi.&nbsp; Zam&oacute;wiona intencja nie mo\u017ce zgin\u0105\u0107.<br \/>\n\t<\/strong><\/h4>\n<p><u><strong>Poniedzia\u0142ek &#8211; 10 lipiec<br \/>\n\t<\/strong><\/u>1. + Stanis\u0142aw W\u0119grzyn (greg.)<br \/>\n\t2. + Jan Mach &ndash; od kuzyna Jana z rodzin\u0105 <br \/>\n\t3. + Stanis\u0142aw (r. \u015bm.), Zdzis\u0142aw, i Janina Ko\u0142cz<\/p>\n<p><u><strong>Wtorek &#8211; 11 lipiec<br \/>\n\t<\/strong><\/u>1. + Stanis\u0142aw W\u0119grzyn (greg.)<br \/>\n\t2. + Jakub Rupar &ndash; od Heleny Kania<br \/>\n\t3. + Bogdan Szyma\u0144ski i zmarli z rodziny<\/p>\n<p><u><strong>\u015aroda &#8211; 12 lipiec<br \/>\n\t<\/strong><\/u>1. + Stanis\u0142aw W\u0119grzyn (greg.)<br \/>\n\t2. + Jan Migas &ndash; od \u017cony Heleny <br \/>\n\t3. + Zofia Tr\u0105d &ndash; 1 rocznica \u015bmierci<\/p>\n<p><u><strong>Czwartek &#8211; 13 lipiec<\/strong><\/u><br \/>\n\t1. + Stanis\u0142aw W\u0119grzyn (greg.) <br \/>\n\t2. + Zuzanna Dyrda &ndash; od c&oacute;rki Heleny<br \/>\n\t3. + Jan Leja<\/p>\n<p>\t<u><strong>Pi\u0105tek &#8211; 14 lipiec<\/strong><\/u><br \/>\n\t1. + Stanis\u0142aw W\u0119grzyn (greg.)<br \/>\n\t2. + Zofia, Walenty, Roman Kojder<br \/>\n\t3. + Agata, Jan Ciupi\u0144ski, Jan Skiba, + W\u0142adys\u0142aw, Maria D\u0105bek<\/p>\n<p><u><strong>Sobota &#8211; 15 lipiec<br \/>\n\t<\/strong><\/u>1. + Stanis\u0142aw W\u0119grzyn (greg.) <br \/>\n\t2. + Tadeusz, Marian, Maria Benedyk oraz zmarli rodzice <br \/>\n\t3. + W\u0142adys\u0142aw Dyrda, Kazimierz Sroczyk <\/p>\n<p><u><strong>Niedziela &#8211; 16 lipiec<br \/>\n\t<\/strong><\/u>06.30 + W\u0142adys\u0142aw Bester &ndash; od Heleny Rupar z rodzin\u0105 <br \/>\n\t08.00 W intencji Ofiar Ludob&oacute;jstwa na Wo\u0142yniu; z okazji Narodowego Dnia Pami\u0119ci ofiar Ludob&oacute;jstwa na Wo\u0142yniu &ndash; w 80-t\u0105 rocznic\u0119<br \/>\n\t08.00 Dzi\u0119kczynna za 40 lat ma\u0142\u017ce\u0144stwa; z pro\u015bb\u0105 o dalsze Bo\u017ce b\u0142ogos\u0142awie\u0144stwo dla Marii i Jana <br \/>\n\t10.30 Za parafian <br \/>\n\t15.00 + Stanis\u0142aw W\u0119grzyn (greg.) <\/p>\n<h3 style=\"text-align: center;\"><strong><span style=\"color: rgb(0, 0, 128);\">Modlitw\u0119 r&oacute;\u017ca\u0144cow\u0105 prowadz\u0105<\/span><\/strong><\/h3>\n<p>10. Pn. R&oacute;\u017ca \u015aw. Agaty &#8211; (Patrycja Por\u0119bna)<br \/>\n\t11. Wt. R&oacute;\u017ca \u015aw. Agnieszki &ndash; (Ma\u0142gorzata Markowicz)<br \/>\n\t12. \u015ar. R&oacute;\u017ca \u015aw. Zofii &ndash; (Zofia Kurek)<br \/>\n\t13. Cz. Akcja Katolicka<br \/>\n\t14. Pt. KSM<br \/>\n\t15. Sb. R&oacute;\u017ca \u015aw. Cecylii &ndash; (Krystyna Markowicz) <br \/>\n\t16. Nd. R&oacute;\u017ca \u015aw. El\u017cbiety &#8211; (Alina Trojnar)<br \/>\n\t<strong>Wyznaczona R&oacute;\u017ca jest proszona o prowadzenie modlitwy r&oacute;\u017ca\u0144cowej.<\/strong><\/p>\n","protected":false},"excerpt":{"rendered":"<p>XIV Niedziela Zwyk\u0142a &#8211; 09-07-2023 Og\u0142oszenia Dzi\u015b o godz. 15.00 Nabo\u017ce\u0144stwo R&oacute;\u017ca\u0144cowe, a po Nim Msza \u015bw. W tym tygodniu w Liturgii Ko\u015bcio\u0142a wspominamy; we wtorek &ndash; \u015awi\u0119to \u015bw. Benedykta, &hellip; <a href=\"https:\/\/budy.przemyska.pl\/index.php\/2023\/07\/09\/ogloszenia-parafialne-9-lipiec-2023\/\" class=\"more-link\">Czytaj dalej <span class=\"screen-reader-text\">Og\u0142oszenia parafialne 9 lipiec 2023<\/span> <span class=\"meta-nav\">&rarr;<\/span><\/a><\/p>\n","protected":false},"author":1,"featured_media":0,"comment_status":"closed","ping_status":"closed","sticky":false,"template":"","format":"standard","meta":{"footnotes":""},"categories":[6,4],"tags":[],"class_list":["post-3660","post","type-post","status-publish","format-standard","hentry","category-aktualnosci","category-ogloszenia"],"_links":{"self":[{"href":"https:\/\/budy.przemyska.pl\/index.php\/wp-json\/wp\/v2\/posts\/3660","targetHints":{"allow":["GET"]}}],"collection":[{"href":"https:\/\/budy.przemyska.pl\/index.php\/wp-json\/wp\/v2\/posts"}],"about":[{"href":"https:\/\/budy.przemyska.pl\/index.php\/wp-json\/wp\/v2\/types\/post"}],"author":[{"embeddable":true,"href":"https:\/\/budy.przemyska.pl\/index.php\/wp-json\/wp\/v2\/users\/1"}],"replies":[{"embeddable":true,"href":"https:\/\/budy.przemyska.pl\/index.php\/wp-json\/wp\/v2\/comments?post=3660"}],"version-history":[{"count":0,"href":"https:\/\/budy.przemyska.pl\/index.php\/wp-json\/wp\/v2\/posts\/3660\/revisions"}],"wp:attachment":[{"href":"https:\/\/budy.przemyska.pl\/index.php\/wp-json\/wp\/v2\/media?parent=3660"}],"wp:term":[{"taxonomy":"category","embeddable":true,"href":"https:\/\/budy.przemyska.pl\/index.php\/wp-json\/wp\/v2\/categories?post=3660"},{"taxonomy":"post_tag","embeddable":true,"href":"https:\/\/budy.przemyska.pl\/index.php\/wp-json\/wp\/v2\/tags?post=3660"}],"curies":[{"name":"wp","href":"https:\/\/api.w.org\/{rel}","templated":true}]}}