{"id":3657,"date":"2023-07-02T12:33:05","date_gmt":"2023-07-02T10:33:05","guid":{"rendered":"http:\/\/www.budylancuckie.przemyska.pl\/?p=3657"},"modified":"2023-07-02T12:33:05","modified_gmt":"2023-07-02T10:33:05","slug":"ogloszenia-parafialne-2-lipiec-2023","status":"publish","type":"post","link":"https:\/\/budy.przemyska.pl\/index.php\/2023\/07\/02\/ogloszenia-parafialne-2-lipiec-2023\/","title":{"rendered":"Og\u0142oszenia parafialne 2 lipiec 2023"},"content":{"rendered":"<h2 style=\"text-align: center;\"><strong><span style=\"color: rgb(0, 0, 128);\">XIII Niedziela Zwyk\u0142a &#8211; 02-07-2023<\/span><\/strong><\/h2>\n<h2 style=\"text-align: center;\"><strong><span style=\"color: rgb(0, 0, 128);\">Og\u0142oszenia<br \/>\n\t<\/span><\/strong><\/h2>\n<ol>\n<li>Dzi\u015b o godz. 15.00 Nabo\u017ce\u0144stwo do Naj\u015bwi\u0119tszego Serca Pana Jezusa, a po Nim Msza \u015bw. <\/li>\n<li>W tym tygodniu w Liturgii Ko\u015bcio\u0142a wspominamy; w poniedzia\u0142ek &#8211; \u015awi\u0119to \u015bw. Tomasza Aposto\u0142a; w czwartek &ndash; wspomnienie b\u0142og. Marii Teresy Led&oacute;chowskiej; w sobot\u0119 &#8211; wspomnienie \u015bw. Jana z Dukli.<\/li>\n<li>W tym tygodniu wypada I czwartek i I pi\u0105tek miesi\u0105ca. W I czwartek Adoracja Naj\u015bwi\u0119tszego Sakramentu od godz. 17.00. W spos&oacute;b szczeg&oacute;lny modlimy si\u0119 za powo\u0142anych i o nowe powo\u0142ania do S\u0142u\u017cby Bo\u017cej.<\/li>\n<li>W I pi\u0105tek czcimy Naj\u015bwi\u0119tsze Serce Pana Jezusa. Msza \u015bw. rano o godz. 06.45 oraz o godz. 18.00. Po rannej Mszy \u015bw. odwiedziny chorych z Komuni\u0105 \u015bw. <\/li>\n<li>W sobot\u0119 &#8211; 8 lipca &ndash; wypada w naszej parafii ca\u0142odzienna Adoracja Naj\u015bwi\u0119tszego Sakramentu. Intencj\u0105 Adoracji jest usilna modlitwa o liczne i \u015bwi\u0119te powo\u0142ania do S\u0142u\u017cby Bo\u017cej, a tak\u017ce modlitwa za powo\u0142anych. Pocz\u0105tek Adoracji odprawion\u0105 Msz\u0105 \u015bw. o godz. 09.00, zako\u0144czenie o godz. 18.00 Msz\u0105 \u015bw. wieczorn\u0105. Porz\u0105dek Adoracji zamieszczony jest w obecnym numerze gazetki i w gablocie.<\/li>\n<li>Sk\u0142adam serdeczne B&oacute;g zap\u0142a\u0107 dla os&oacute;b sprz\u0105taj\u0105cych i stroj\u0105cych ko\u015bci&oacute;\u0142 oraz za wszystkie ofiary sk\u0142adane na potrzeby parafii.<\/li>\n<\/ol>\n<h3 style=\"text-align: center;\"><strong><span style=\"color: rgb(0, 0, 128);\">Intencje mszalne<\/span><\/strong><\/h3>\n<h4 style=\"text-align: center;\"><strong><span style=\"color: rgb(0, 0, 128);\">od 3 lipca 2023 do 9 lipca 2023<\/span><\/strong><\/h4>\n<h4>&nbsp;<\/h4>\n<h4><strong>Gdyby zbyt d\u0142ugi czas nie by\u0142a og\u0142oszona zam&oacute;wiona intencja mszalna &ndash; prosimy o zg\u0142oszenie tego kap\u0142anowi.&nbsp; Zam&oacute;wiona intencja nie mo\u017ce zgin\u0105\u0107.<br \/>\n\t<\/strong><\/h4>\n<p><u><strong>Poniedzia\u0142ek &#8211; 3 lipiec<br \/>\n\t<\/strong><\/u>1. + Stanis\u0142aw W\u0119grzyn (greg.)<br \/>\n\t2. + Wiktoria i Jan R\u0105czka <br \/>\n\t3. + Janina, W\u0142adys\u0142aw Angrys<\/p>\n<p><u><strong>Wtorek &#8211; 4 lipiec<br \/>\n\t<\/strong><\/u>1. + Stanis\u0142aw W\u0119grzyn (greg.)<br \/>\n\t2. + Zofia, W\u0142adys\u0142aw Peszek <br \/>\n\t3. Dzi\u0119kczynna za otrzymane \u0142aski; z pro\u015bb\u0105 o zdrowie i dalsz\u0105 Bo\u017c\u0105 opiek\u0119 dla Marii w 90 rocznic\u0119 urodzin<\/p>\n<p><u><strong>\u015aroda &#8211; 5 lipiec<br \/>\n\t<\/strong><\/u>1. + Stanis\u0142aw W\u0119grzyn (greg.)<br \/>\n\t2. + Micha\u0142 K\u0142os <br \/>\n\t3. + Stanis\u0142aw Paluch (7 r. \u015bm.) &ndash; od rodziny<\/p>\n<p><u><strong>Czwartek &#8211; 6 lipiec<\/strong><\/u><br \/>\n\t1. + Stanis\u0142aw W\u0119grzyn (greg.) <br \/>\n\t2. Dzi\u0119kczynna za 55 lat ma\u0142\u017ce\u0144stwa Marii i J&oacute;zefa; z pro\u015bb\u0105 o dalsze Bo\u017ce b\u0142ogos\u0142awie\u0144stwo<br \/>\n\t3. + Zuzanna Dyrda (1 r. \u015bm.) &ndash; od c&oacute;rki Heleny<\/p>\n<p>\t<u><strong>Pi\u0105tek &#8211; 7 lipiec<\/strong><\/u><br \/>\n\t06.45 + Stanis\u0142aw W\u0119grzyn (greg.)<br \/>\n\t18.00 + Maria, Franciszek, Zofia, Karolina, Stanis\u0142aw \u015alimak<\/p>\n<p><u><strong>Sobota &#8211; 8 lipiec<br \/>\n\t<\/strong><\/u>09.00 + Stanis\u0142aw W\u0119grzyn (greg.) <br \/>\n\t18.00 + Janina Jarosz &ndash; od Heleny Kania <br \/>\n\t18.00 O b\u0142ogos\u0142awie\u0144stwo Bo\u017ce i opiek\u0119 Matki Bo\u017cej dla Bartosza, jego rodzic&oacute;w i rodze\u0144stwa<\/p>\n<p><u><strong>Niedziela &#8211; 9 lipiec<br \/>\n\t<\/strong><\/u>06.30 + W\u0142adys\u0142aw Gw&oacute;\u017ad\u017a &ndash; od kole\u017c. i s\u0105siadek Agnieszki <br \/>\n\t08.00 + J&oacute;zef, Franciszka, Zbigniew Cebulak<br \/>\n\t10.30 Za parafian <br \/>\n\t15.00 + Stanis\u0142aw W\u0119grzyn (greg.) <\/p>\n<h3 style=\"text-align: center;\"><strong><span style=\"color: rgb(0, 0, 128);\">Modlitw\u0119 r&oacute;\u017ca\u0144cow\u0105 prowadz\u0105<\/span><\/strong><\/h3>\n<p>03. Pn. R&oacute;\u017ca \u015aw. Stanis\u0142awa Biskupa &#8211; (Franciszek Bartnik)<br \/>\n\t04. Wt. R&oacute;\u017ca \u015aw. Teresy od Dzieci\u0105tka Jezus &ndash; (Dorota Dzierga)<br \/>\n\t05. \u015ar. R&oacute;\u017ca \u015aw. Teresy Wielkiej &ndash; (Zofia Wierzbicka)<br \/>\n\t06. Cz. Dzie\u0142o Pomocy Powo\u0142aniom &ndash; (Anna Szular)<br \/>\n\t07. Pt. KSM<br \/>\n\t08. Sb. R&oacute;\u017ca \u015aw. Tomasza Aposto\u0142a &ndash; (Stanis\u0142aw \u015alimak) <br \/>\n\t09. Nd. R&oacute;\u017ca \u015aw. Andrzeja Aposto\u0142a &#8211; (J&oacute;zef M\u0105dry)<br \/>\n\t<strong>Wyznaczona R&oacute;\u017ca jest proszona o prowadzenie modlitwy r&oacute;\u017ca\u0144cowej.<\/strong><\/p>\n<h3 style=\"text-align: center;\"><strong><span style=\"color: rgb(0, 0, 128);\">ADORACJA NAJ\u015aWI\u0118TSZEGO SAKRAMENTU W SOBOT\u0118 &#8211; 08.07.2023 r. &#8211; R&Oacute;\u017bE R&Oacute;\u017bA\u0143COWE<\/span><\/strong><\/h3>\n<p>09.00 &ndash; Msza \u015bw. \/rozpocz\u0119cie\/<br \/>\n\t09.30 &#8211; 10.30 &ndash; R&oacute;\u017ca \u015bw. Agaty, \u015bw. Stanis\u0142awa Biskupa i \u015bw. Tomasza Aposto\u0142a<br \/>\n\t10.30 &ndash; 11.30 &ndash; R&oacute;\u017ca \u015bw. Heleny, \u015bw. Teresy od Dzieci\u0105tka Jezus i \u015bw. Cecylii <br \/>\n\t11.30 &ndash; 12.30 &#8211; R&oacute;\u017ca \u015bw. Marii Goretti, i \u015bw. Marii Magdaleny, \u015bw. Agnieszki, \u015bw. Teresy Wielkiej<br \/>\n\t12.30 &ndash; 13.30 &#8211; R&oacute;\u017ca \u015bw. Anny, \u015bw. Andrzeja Aposto\u0142a i \u015bw. El\u017cbiety, \u015bw. Zofii<br \/>\n\t13.30 &ndash; 14.30 &ndash; R&oacute;\u017ca \u015bw. Faustyny, Matki Bo\u017cej Szkaplerznej i \u015bw. Jadwigi Kr&oacute;lowej<br \/>\n\t14.30 &ndash; 15.30 &ndash; R&oacute;\u017ca \u015bw. Franciszka z Asy\u017cu, \u015bw. Jadwigi \u015al\u0105skiej, \u015bw. Katarzyny<br \/>\n\t15.30 &ndash; 16.30 &ndash; R&oacute;\u017ca \u015bw. Kingi, \u015bw. Klary i \u015bw. Marii Ma\u0142gorzaty<br \/>\n\t16.30 &ndash; 17.30 &ndash; R&oacute;\u017ca \u015bw. Marty, Matki Bo\u017cej Bolesnej i Matki Bo\u017cej R&oacute;\u017ca\u0144cowej<br \/>\n\t17.30 &ndash; Dzie\u0142o Pomocy Powo\u0142aniom, Akcja Katolicka i R&oacute;\u017ca \u015bw. Genowefy<br \/>\n\t18.00 &ndash; Msza \u015bw. \/zako\u0144czenie\/<br \/>\n\t&nbsp;<\/p>\n","protected":false},"excerpt":{"rendered":"<p>XIII Niedziela Zwyk\u0142a &#8211; 02-07-2023 Og\u0142oszenia Dzi\u015b o godz. 15.00 Nabo\u017ce\u0144stwo do Naj\u015bwi\u0119tszego Serca Pana Jezusa, a po Nim Msza \u015bw. W tym tygodniu w Liturgii Ko\u015bcio\u0142a wspominamy; w poniedzia\u0142ek &hellip; <a href=\"https:\/\/budy.przemyska.pl\/index.php\/2023\/07\/02\/ogloszenia-parafialne-2-lipiec-2023\/\" class=\"more-link\">Czytaj dalej <span class=\"screen-reader-text\">Og\u0142oszenia parafialne 2 lipiec 2023<\/span> <span class=\"meta-nav\">&rarr;<\/span><\/a><\/p>\n","protected":false},"author":1,"featured_media":0,"comment_status":"closed","ping_status":"closed","sticky":false,"template":"","format":"standard","meta":{"footnotes":""},"categories":[6,4],"tags":[],"class_list":["post-3657","post","type-post","status-publish","format-standard","hentry","category-aktualnosci","category-ogloszenia"],"_links":{"self":[{"href":"https:\/\/budy.przemyska.pl\/index.php\/wp-json\/wp\/v2\/posts\/3657","targetHints":{"allow":["GET"]}}],"collection":[{"href":"https:\/\/budy.przemyska.pl\/index.php\/wp-json\/wp\/v2\/posts"}],"about":[{"href":"https:\/\/budy.przemyska.pl\/index.php\/wp-json\/wp\/v2\/types\/post"}],"author":[{"embeddable":true,"href":"https:\/\/budy.przemyska.pl\/index.php\/wp-json\/wp\/v2\/users\/1"}],"replies":[{"embeddable":true,"href":"https:\/\/budy.przemyska.pl\/index.php\/wp-json\/wp\/v2\/comments?post=3657"}],"version-history":[{"count":0,"href":"https:\/\/budy.przemyska.pl\/index.php\/wp-json\/wp\/v2\/posts\/3657\/revisions"}],"wp:attachment":[{"href":"https:\/\/budy.przemyska.pl\/index.php\/wp-json\/wp\/v2\/media?parent=3657"}],"wp:term":[{"taxonomy":"category","embeddable":true,"href":"https:\/\/budy.przemyska.pl\/index.php\/wp-json\/wp\/v2\/categories?post=3657"},{"taxonomy":"post_tag","embeddable":true,"href":"https:\/\/budy.przemyska.pl\/index.php\/wp-json\/wp\/v2\/tags?post=3657"}],"curies":[{"name":"wp","href":"https:\/\/api.w.org\/{rel}","templated":true}]}}