{"id":3655,"date":"2023-06-25T10:44:03","date_gmt":"2023-06-25T08:44:03","guid":{"rendered":"http:\/\/www.budylancuckie.przemyska.pl\/?p=3655"},"modified":"2023-06-25T10:44:03","modified_gmt":"2023-06-25T08:44:03","slug":"ogloszenia-parafialne-25-czerwiec-2023","status":"publish","type":"post","link":"https:\/\/budy.przemyska.pl\/index.php\/2023\/06\/25\/ogloszenia-parafialne-25-czerwiec-2023\/","title":{"rendered":"Og\u0142oszenia parafialne 25 czerwiec 2023"},"content":{"rendered":"<h2 style=\"text-align: center;\"><strong><span style=\"color: rgb(0, 0, 128);\">XII Niedziela Zwyk\u0142a &#8211; 25-06-2023<\/span><\/strong><\/h2>\n<h2 style=\"text-align: center;\"><strong><span style=\"color: rgb(0, 0, 128);\">Og\u0142oszenia<br \/>\n\t<\/span><\/strong><\/h2>\n<ol>\n<li>Dzi\u015b o godz. 15.00 Nabo\u017ce\u0144stwo do Naj\u015bwi\u0119tszego Serca Pana Jezusa, a po Nim Msza \u015bw. <\/li>\n<li>W tym tygodniu w Liturgii Ko\u015bcio\u0142a wspominamy; w \u015brod\u0119 &ndash; wspomnienie \u015bw. Ireneusza; w czwartek &ndash; Uroczysto\u015b\u0107 \u015aw. Aposto\u0142&oacute;w Piotra i Paw\u0142a.<\/li>\n<li>W czwartek Adoracja Naj\u015bwi\u0119tszego Sakramentu od godz. 17.00. Msze \u015bw. z racji Uroczysto\u015bci \u015aw. Piotra i Paw\u0142a, o godz. 06.30; 08.00 oraz 18.00.<\/li>\n<li>W pi\u0105tek zako\u0144czenie Nabo\u017ce\u0144stw czerwcowych.<\/li>\n<li>Jak, co roku, organizowana jest zbi&oacute;rka zu\u017cytego sprz\u0119tu elektronicznego. Cz\u0119\u015b\u0107 zysku z tej akcji przeznaczona jest na pomoc misjonarzom. Tegoroczna zbi&oacute;rka w naszej parafii b\u0119dzie mia\u0142a miejsce 1 lipca (sobota) do godz. 12.00.<\/li>\n<li>W tym tygodniu wypada I sobota miesi\u0105ca. Czcimy Niepokalane Serce NMP. O godz. 18.00 Msza \u015bw. z kazaniem, po niej Nabo\u017ce\u0144stwo R&oacute;\u017ca\u0144cowe, procesja z figur\u0105 Matki Bo\u017cej Fatimskiej oraz zmiana tajemnic r&oacute;\u017ca\u0144cowych.<\/li>\n<li>Zak\u0142ad Us\u0142ug Kominiarskich zawiadamia, \u017ce w dniach 26-29 czerwca kominiarze b\u0119d\u0105 sprawdzali dro\u017cno\u015b\u0107 przewod&oacute;w kominowych na terenie Korniaktowa P&oacute;\u0142nocnego i Bud \u0141a\u0144cuckich<\/li>\n<li>Sk\u0142adam serdeczne B&oacute;g zap\u0142a\u0107 dla os&oacute;b sprz\u0105taj\u0105cych i stroj\u0105cych ko\u015bci&oacute;\u0142 oraz za wszystkie ofiary sk\u0142adane na potrzeby parafii.<\/li>\n<\/ol>\n<h3 style=\"text-align: center;\"><strong><span style=\"color: rgb(0, 0, 128);\">Intencje mszalne<\/span><\/strong><\/h3>\n<h4 style=\"text-align: center;\"><strong><span style=\"color: rgb(0, 0, 128);\">od 26 czerwca 2023 do 2 lipca 2023<\/span><\/strong><\/h4>\n<h4>&nbsp;<\/h4>\n<h4><strong>Gdyby zbyt d\u0142ugi czas nie by\u0142a og\u0142oszona zam&oacute;wiona intencja mszalna &ndash; prosimy o zg\u0142oszenie tego kap\u0142anowi.&nbsp; Zam&oacute;wiona intencja nie mo\u017ce zgin\u0105\u0107.<br \/>\n\t<\/strong><\/h4>\n<p><u><strong>Poniedzia\u0142ek &#8211; 26 czerwiec<br \/>\n\t<\/strong><\/u>1. + Janina Ko\u0142cz (greg.)<br \/>\n\t2. + Stanis\u0142awa i J&oacute;zef Blok (r. \u015bm.) oraz ich rodzice <br \/>\n\t3. + W\u0142adys\u0142aw Bester &ndash; z R&oacute;\u017cy \u015aw. Jadwigi \u015al\u0105skiej<\/p>\n<p><u><strong>Wtorek &#8211; 27 czerwiec<br \/>\n\t<\/strong><\/u>1. + Janina Ko\u0142cz (greg.)<br \/>\n\t2. + Zuzanna Dyrda &ndash; od c&oacute;rki Heleny <br \/>\n\t3. + Stefan, Anna, J&oacute;zef Szczupak<\/p>\n<p><u><strong>\u015aroda &#8211; 28 czerwiec<br \/>\n\t<\/strong><\/u>1. + Janina Ko\u0142cz (greg.)<br \/>\n\t2. + Renata, Tadeusz, Stefania, Franciszek Nowak<br \/>\n\t3. + Zofia i W\u0142adys\u0142aw Cebulak oraz zmarli z rodziny Cebulak&oacute;w i Baran&oacute;w<\/p>\n<p><u><strong>Czwartek &#8211; 29 czerwiec<\/strong><\/u><br \/>\n\t06.30 + Janina Ko\u0142cz (greg.) <br \/>\n\t06.30 O Bo\u017ce b\u0142og. i opiek\u0119 Matki Bo\u017cej dla Teresy<br \/>\n\t08.00 + Emilia Migas &ndash; od szwagra Czes\u0142awa<br \/>\n\t08.00 + Stefan, Jan Kojder i zmarli z rodziny<br \/>\n\t18.00 + Jan Mach &ndash; od prac. Banku Sp&oacute;\u0142. w Bia\u0142obrzegach<\/p>\n<p>\t<u><strong>Pi\u0105tek &#8211; 30 czerwiec<\/strong><\/u><br \/>\n\t1. + Janina Ko\u0142cz (zak. greg.)<br \/>\n\t2. + Maria, Jan K\u0142os &ndash; rocznica \u015bmierci<br \/>\n\t3. + Filomena \u015awizdor &ndash; od wnuczki z rodzin\u0105<\/p>\n<p><u><strong>Sobota &#8211; 1 lipiec<br \/>\n\t<\/strong><\/u>1. + Stanis\u0142aw W\u0119grzyn (pocz. greg.) <br \/>\n\t2. + Stanis\u0142aw Biel&oacute;wka (r. \u015bm.) oraz + Zofia i Jan Kubis<br \/>\n\t3. Dzi\u0119kczynna za otrzymane \u0142aski; z pro\u015bb\u0105 o b\u0142og. Bo\u017ce dla Teresy i Romana w 40 rocznic\u0119 \u015blubu<\/p>\n<p><u><strong>Niedziela &#8211; 2 lipiec<br \/>\n\t<\/strong><\/u>06.30 + Stefania, Franciszek, Maria, Stanis\u0142aw Rybak <br \/>\n\t08.00 + J&oacute;zef Kania<br \/>\n\t08.00 + Andrzej Bo\u017cek (r. \u015bm.) i zmarli rodzice<br \/>\n\t10.30 Za parafian <br \/>\n\t15.00 + Stanis\u0142aw W\u0119grzyn (greg.) <\/p>\n<h3 style=\"text-align: center;\"><strong><span style=\"color: rgb(0, 0, 128);\">Modlitw\u0119 r&oacute;\u017ca\u0144cow\u0105 prowadz\u0105<\/span><\/strong><\/h3>\n<p>26. Pn. R&oacute;\u017ca \u015aw. Marty &#8211; (Czes\u0142awa Por\u0119bna)<br \/>\n\t27. Wt. R&oacute;\u017ca \u015aw. Jadwigi \u015al\u0105skiej &ndash; (Edyta Wal)<br \/>\n\t28. \u015ar. R&oacute;\u017ca Matki Bo\u017cej Bolesnej &ndash; (Krystyna Szostek)<br \/>\n\t29. Cz. R&oacute;\u017ca Matki Bo\u017cej R&oacute;\u017ca\u0144cowej &ndash; (Zofia \u015awizdor)<br \/>\n\t30. Pt. KSM<br \/>\n\t01. Sb. Kap\u0142an <br \/>\n\t02. Nd. R&oacute;\u017ca Matki Bo\u017cej Szkaplerznej &#8211; (Maria K\u0142os)<br \/>\n\t<strong>Wyznaczona R&oacute;\u017ca jest proszona o prowadzenie modlitwy r&oacute;\u017ca\u0144cowej.<\/strong><\/p>\n<h3 style=\"text-align: center;\"><strong><span style=\"color: rgb(0, 0, 128);\">Propozycja intencji do przekazania do odprawienia<br \/>\n\tw Wy\u017cszym Seminarium Duchownym w Przemy\u015blu<\/span><\/strong><\/h3>\n<p>01.&nbsp;&nbsp;&nbsp; &nbsp;+ Jan Migas &ndash; od Lucyny i Wies\u0142awa Mazurek<br \/>\n\t02.&nbsp;&nbsp;&nbsp; &nbsp;+ Jan Migas &ndash; od Marii i Franciszka Ka\u0142u\u017ca z Kamie\u0144ca Z\u0105bkowickiego<br \/>\n\t03.&nbsp;&nbsp;&nbsp; &nbsp;+ Jan Migas &ndash; od Piotra Ka\u0142u\u017cy z rodzin\u0105 z Kamie\u0144ca Z\u0105bkowickiego<br \/>\n\t04.&nbsp;&nbsp;&nbsp; &nbsp;+ Jan Migas &ndash; od syna Mariusza z Bo\u017cen\u0105 i Adrianem<br \/>\n\t05.&nbsp;&nbsp;&nbsp; &nbsp;+ Jan Migas &ndash; od s\u0105siad&oacute;w c&oacute;rki M\u015bcisz&oacute;w i Urban&oacute;w<br \/>\n\t06.&nbsp;&nbsp;&nbsp; &nbsp;+ Jan Migas &ndash; od s\u0105siad&oacute;w c&oacute;rki Matuszk&oacute;w<br \/>\n\t07.&nbsp;&nbsp;&nbsp; &nbsp;+ Jan Migas &ndash; od rodziny Migas&oacute;w z Grodziska Nowego<br \/>\n\t08.&nbsp;&nbsp;&nbsp; &nbsp;+ Jan Migas &ndash; od Lucyny Kuras z rodzin\u0105<br \/>\n\t09.&nbsp;&nbsp;&nbsp; &nbsp;+ Jan Migas &ndash; od rodziny Rydzik, M\u015bcisz i Mazur<br \/>\n\t10.&nbsp;&nbsp;&nbsp; &nbsp;+ Jan Migas &ndash; od Ma\u0142gorzaty Krauz z rodzin\u0105<br \/>\n\t11.&nbsp;&nbsp;&nbsp; &nbsp;+ \u0141ukasz Kocha\u0144czyk &ndash; od Patryka<br \/>\n\t12.&nbsp;&nbsp;&nbsp; &nbsp;+ \u0141ukasz Kocha\u0144czyk &ndash; od kuzynki Agnieszki z rodzin\u0105<br \/>\n\t13.&nbsp;&nbsp;&nbsp; &nbsp;+ \u0141ukasz Kocha\u0144czyk &ndash; od kol. i kol. mamy Lucyny z ARiMR \u0141a\u0144cut<br \/>\n\t14.&nbsp;&nbsp;&nbsp; &nbsp;+ Stanis\u0142awa Mach &ndash; od siostrzenicy z rodzin\u0105<br \/>\n\t15.&nbsp;&nbsp;&nbsp; &nbsp;+ Stanis\u0142awa Mach &ndash; od p. Szczyrbowej<br \/>\n\t16.&nbsp;&nbsp;&nbsp; &nbsp;+ Adam Por\u0119bny &ndash; od kol. i kol. El\u017cbiety z firmy BISPOL- strefa<br \/>\n\t17.&nbsp;&nbsp;&nbsp; &nbsp;+ Adam Por\u0119bny &ndash; od kol. i kol. El\u017cbiety z firmy BISPOL- strefa<br \/>\n\t18.&nbsp;&nbsp;&nbsp; &nbsp;+ Adam Por\u0119bny &ndash; od kol. i kol. El\u017cbiety z firmy BISPOL- strefa<br \/>\n\t19.&nbsp;&nbsp;&nbsp; &nbsp;+ Adam Por\u0119bny &ndash; od kol. i kol. El\u017cbiety z firmy BISPOL- strefa<br \/>\n\t20.&nbsp;&nbsp;&nbsp; &nbsp;+ Adam Por\u0119bny &ndash; od kol. i kol. El\u017cbiety z firmy BISPOL- strefa<br \/>\n\t21.&nbsp;&nbsp;&nbsp; &nbsp;+ Adam Por\u0119bny &ndash; od Lucyny D\u0105bek<br \/>\n\t22.&nbsp;&nbsp;&nbsp; &nbsp;+ Adam Por\u0119bny &ndash; od Ma\u0142gorzaty i Tadeusza So\u0142k&oacute;w<br \/>\n\t23.&nbsp;&nbsp;&nbsp; &nbsp;+ Adam Por\u0119bny &ndash; od s\u0105siad&oacute;w rodziny Kie\u0142bickich<br \/>\n\t24.&nbsp;&nbsp;&nbsp; &nbsp;+ Adam Por\u0119bny &ndash; od kol. i kol. z Zak\u0142adu Pracy BISPOL z famagu<br \/>\n\t25.&nbsp;&nbsp;&nbsp; &nbsp;+ Adam Por\u0119bny &ndash; od kol. i kol. z Zak\u0142adu Pracy BISPOL z famagu <br \/>\n\t&nbsp;<\/p>\n<p>&nbsp;<\/p>\n","protected":false},"excerpt":{"rendered":"<p>XII Niedziela Zwyk\u0142a &#8211; 25-06-2023 Og\u0142oszenia Dzi\u015b o godz. 15.00 Nabo\u017ce\u0144stwo do Naj\u015bwi\u0119tszego Serca Pana Jezusa, a po Nim Msza \u015bw. W tym tygodniu w Liturgii Ko\u015bcio\u0142a wspominamy; w \u015brod\u0119 &hellip; <a href=\"https:\/\/budy.przemyska.pl\/index.php\/2023\/06\/25\/ogloszenia-parafialne-25-czerwiec-2023\/\" class=\"more-link\">Czytaj dalej <span class=\"screen-reader-text\">Og\u0142oszenia parafialne 25 czerwiec 2023<\/span> <span class=\"meta-nav\">&rarr;<\/span><\/a><\/p>\n","protected":false},"author":1,"featured_media":0,"comment_status":"closed","ping_status":"closed","sticky":false,"template":"","format":"standard","meta":{"footnotes":""},"categories":[6,4],"tags":[],"class_list":["post-3655","post","type-post","status-publish","format-standard","hentry","category-aktualnosci","category-ogloszenia"],"_links":{"self":[{"href":"https:\/\/budy.przemyska.pl\/index.php\/wp-json\/wp\/v2\/posts\/3655","targetHints":{"allow":["GET"]}}],"collection":[{"href":"https:\/\/budy.przemyska.pl\/index.php\/wp-json\/wp\/v2\/posts"}],"about":[{"href":"https:\/\/budy.przemyska.pl\/index.php\/wp-json\/wp\/v2\/types\/post"}],"author":[{"embeddable":true,"href":"https:\/\/budy.przemyska.pl\/index.php\/wp-json\/wp\/v2\/users\/1"}],"replies":[{"embeddable":true,"href":"https:\/\/budy.przemyska.pl\/index.php\/wp-json\/wp\/v2\/comments?post=3655"}],"version-history":[{"count":0,"href":"https:\/\/budy.przemyska.pl\/index.php\/wp-json\/wp\/v2\/posts\/3655\/revisions"}],"wp:attachment":[{"href":"https:\/\/budy.przemyska.pl\/index.php\/wp-json\/wp\/v2\/media?parent=3655"}],"wp:term":[{"taxonomy":"category","embeddable":true,"href":"https:\/\/budy.przemyska.pl\/index.php\/wp-json\/wp\/v2\/categories?post=3655"},{"taxonomy":"post_tag","embeddable":true,"href":"https:\/\/budy.przemyska.pl\/index.php\/wp-json\/wp\/v2\/tags?post=3655"}],"curies":[{"name":"wp","href":"https:\/\/api.w.org\/{rel}","templated":true}]}}