{"id":3652,"date":"2023-06-18T10:41:07","date_gmt":"2023-06-18T08:41:07","guid":{"rendered":"http:\/\/www.budylancuckie.przemyska.pl\/?p=3652"},"modified":"2023-06-18T10:41:07","modified_gmt":"2023-06-18T08:41:07","slug":"ogloszenia-parafialne-18-czerwiec-2023","status":"publish","type":"post","link":"https:\/\/budy.przemyska.pl\/index.php\/2023\/06\/18\/ogloszenia-parafialne-18-czerwiec-2023\/","title":{"rendered":"Og\u0142oszenia parafialne 18 czerwiec 2023"},"content":{"rendered":"<h2 style=\"text-align: center;\"><strong><span style=\"color: rgb(0, 0, 128);\">XI Niedziela Zwyk\u0142a &#8211; 18-06-2023<\/span><\/strong><\/h2>\n<h2 style=\"text-align: center;\"><strong><span style=\"color: rgb(0, 0, 128);\">Og\u0142oszenia<br \/>\n\t<\/span><\/strong><\/h2>\n<ol>\n<li>Dzi\u015b o godz. 15.00 Nabo\u017ce\u0144stwo do Naj\u015bwi\u0119tszego Serca Pana Jezusa, a po Nim Msza \u015bw. <\/li>\n<li>W tym tygodniu w Liturgii Ko\u015bcio\u0142a wspominamy; w \u015brod\u0119 &ndash; wspomnienie \u015bw. Alojzego Gonzagi, zakonnika; w sobot\u0119 &#8211; Uroczysto\u015b\u0107 Narodzenia \u015bw. Jana Chrzciciela.<\/li>\n<li>W czwartek Adoracja Naj\u015bwi\u0119tszego Sakramentu od godz. 17.00. <\/li>\n<li>W pi\u0105tek o godz. 08.00 Msza \u015bw. na zako\u0144czenie Roku Szkolnego. Zapraszamy wszystkich uczni&oacute;w, nauczycieli i rodzic&oacute;w, aby podzi\u0119kowa\u0107 Panu Bogu za zdobyt\u0105 wiedz\u0119 i ca\u0142oroczny trud nauki.<br \/>\n\t\tMo\u017cliwo\u015b\u0107 Spowiedzi \u015bw. dla dzieci i m\u0142odzie\u017cy na podzi\u0119kowanie na zako\u0144czenie Roku Szkolnego, codziennie, godzin\u0119 przed Msz\u0105 \u015bw. <\/li>\n<li>W sobot\u0119 (24 czerwca) odb\u0119dzie si\u0119 nasza parafialna Pielgrzymka na \u015awi\u0119ty Krzy\u017c (G&oacute;ry \u015awi\u0119tokrzyskie), do Sanktuarium w Ka\u0142kowie-Godowie oraz do Sandomierzu. Wyjazd spod ko\u015bcio\u0142a o godz. 05.30. Koszt &#8211; przy pe\u0142nej liczbie uczestnik&oacute;w &#8211; ok.70 z\u0142. Zapisy w zakrystii do 22 czerwca br.<\/li>\n<li>Sk\u0142adam serdeczne B&oacute;g zap\u0142a\u0107 dla os&oacute;b sprz\u0105taj\u0105cych i stroj\u0105cych ko\u015bci&oacute;\u0142 oraz za wszystkie ofiary sk\u0142adane na potrzeby parafii.<\/li>\n<\/ol>\n<h3 style=\"text-align: center;\"><strong><span style=\"color: rgb(0, 0, 128);\">Intencje mszalne<\/span><\/strong><\/h3>\n<h4 style=\"text-align: center;\"><strong><span style=\"color: rgb(0, 0, 128);\">od 19 czerwca 2023 do 25 czerwca 2023<\/span><\/strong><\/h4>\n<h4>&nbsp;<\/h4>\n<h4><strong>Gdyby zbyt d\u0142ugi czas nie by\u0142a og\u0142oszona zam&oacute;wiona intencja mszalna &ndash; prosimy o zg\u0142oszenie tego kap\u0142anowi.&nbsp; Zam&oacute;wiona intencja nie mo\u017ce zgin\u0105\u0107.<br \/>\n\t<\/strong><\/h4>\n<p><u><strong>Poniedzia\u0142ek &#8211; 19 czerwiec<br \/>\n\t<\/strong><\/u>1. + Janina Ko\u0142cz (greg.)<br \/>\n\t2. + Emilia Migas &ndash; od Adeli <br \/>\n\t3. + Dariusz Cebulak &ndash; w rocznic\u0119 \u015bmierci<\/p>\n<p><u><strong>Wtorek &#8211; 20 czerwiec<br \/>\n\t<\/strong><\/u>1. + Janina Ko\u0142cz (greg.)<br \/>\n\t2. Dzi\u0119kczynna; z pro\u015bb\u0105 o b\u0142og. Bo\u017ce dla \u0141ucji z okazji 18-tych urodzin <br \/>\n\t3. + Franciszek Bartnik i zmarli z rodziny<\/p>\n<p><u><strong>\u015aroda &#8211; 21 czerwiec<br \/>\n\t<\/strong><\/u>1. + Janina Ko\u0142cz (greg.)<br \/>\n\t2. + Helena Krauz<br \/>\n\t3. + Teresa Cebula &ndash; rocznica \u015bmierci<\/p>\n<p><u><strong>Czwartek &#8211; 22 czerwiec<\/strong><\/u><br \/>\n\t1. + Janina Ko\u0142cz (greg.) <br \/>\n\t2. + B\u0142a\u017cej Kurek &ndash; od Janiny z rodzin\u0105 z Lubli <br \/>\n\t3. + Wies\u0142aw Wiglusz &ndash; od c&oacute;rek w Dniu Ojca<\/p>\n<p>\t<u><strong>Pi\u0105tek &#8211; 23 czerwiec<\/strong><\/u><br \/>\n\t1. + Janina Ko\u0142cz (greg.)<br \/>\n\t2. + Stanis\u0142aw Kochman &ndash; od c&oacute;rki Anny z rodzin\u0105<br \/>\n\t3. + Maria Kubis<\/p>\n<p><u><strong>Sobota &#8211; 24 czerwiec<br \/>\n\t<\/strong><\/u>1. + Janina Ko\u0142cz (greg.) <br \/>\n\t2. + W\u0142adys\u0142aw, Zofia i W\u0142adys\u0142aw Kojder<br \/>\n\t3. + Piotr Wojtyna<\/p>\n<p><u><strong>Niedziela &#8211; 25 czerwiec<br \/>\n\t<\/strong><\/u>06.30 + Filomena \u015awizdor &ndash; z R&oacute;\u017cy Matki Bo\u017cej Szkaplerznej <br \/>\n\t08.00 O \u0142ask\u0119 zdrowia<br \/>\n\t08.00 + Maria i Wojciech Baran oraz zmarli z rodziny Baran&oacute;w i Cebulak&oacute;w <br \/>\n\t10.30 Za parafian <br \/>\n\t15.00 + Janina Ko\u0142cz (greg.) <\/p>\n<h3 style=\"text-align: center;\"><strong><span style=\"color: rgb(0, 0, 128);\">Modlitw\u0119 r&oacute;\u017ca\u0144cow\u0105 prowadz\u0105<\/span><\/strong><\/h3>\n<p>19. Pn. R&oacute;\u017ca \u015aw. Heleny &#8211; (Helena Dyrda)<br \/>\n\t20. Wt. R&oacute;\u017ca \u015aw. Katarzyny &ndash; (Anna Kurek)<br \/>\n\t21. \u015ar. R&oacute;\u017ca \u015aw. Klary &ndash; (Teresa G\u0142owiak)<br \/>\n\t22. Cz. R&oacute;\u017ca \u015aw. Kingi &ndash; (El\u017cbieta Wacnik)<br \/>\n\t23. Pt. KSM<br \/>\n\t24. Sb. R&oacute;\u017ca \u015aw. Marii Magdaleny &ndash; (Janina Rachwa\u0142) <br \/>\n\t25. Nd. R&oacute;\u017ca \u015aw. Marii Goretti &#8211; (El\u017cbieta Kukulska)<br \/>\n\t<strong>Wyznaczona R&oacute;\u017ca jest proszona o prowadzenie modlitwy r&oacute;\u017ca\u0144cowej.<\/strong><\/p>\n","protected":false},"excerpt":{"rendered":"<p>XI Niedziela Zwyk\u0142a &#8211; 18-06-2023 Og\u0142oszenia Dzi\u015b o godz. 15.00 Nabo\u017ce\u0144stwo do Naj\u015bwi\u0119tszego Serca Pana Jezusa, a po Nim Msza \u015bw. W tym tygodniu w Liturgii Ko\u015bcio\u0142a wspominamy; w \u015brod\u0119 &hellip; <a href=\"https:\/\/budy.przemyska.pl\/index.php\/2023\/06\/18\/ogloszenia-parafialne-18-czerwiec-2023\/\" class=\"more-link\">Czytaj dalej <span class=\"screen-reader-text\">Og\u0142oszenia parafialne 18 czerwiec 2023<\/span> <span class=\"meta-nav\">&rarr;<\/span><\/a><\/p>\n","protected":false},"author":1,"featured_media":0,"comment_status":"closed","ping_status":"closed","sticky":false,"template":"","format":"standard","meta":{"footnotes":""},"categories":[6,4],"tags":[],"class_list":["post-3652","post","type-post","status-publish","format-standard","hentry","category-aktualnosci","category-ogloszenia"],"_links":{"self":[{"href":"https:\/\/budy.przemyska.pl\/index.php\/wp-json\/wp\/v2\/posts\/3652","targetHints":{"allow":["GET"]}}],"collection":[{"href":"https:\/\/budy.przemyska.pl\/index.php\/wp-json\/wp\/v2\/posts"}],"about":[{"href":"https:\/\/budy.przemyska.pl\/index.php\/wp-json\/wp\/v2\/types\/post"}],"author":[{"embeddable":true,"href":"https:\/\/budy.przemyska.pl\/index.php\/wp-json\/wp\/v2\/users\/1"}],"replies":[{"embeddable":true,"href":"https:\/\/budy.przemyska.pl\/index.php\/wp-json\/wp\/v2\/comments?post=3652"}],"version-history":[{"count":0,"href":"https:\/\/budy.przemyska.pl\/index.php\/wp-json\/wp\/v2\/posts\/3652\/revisions"}],"wp:attachment":[{"href":"https:\/\/budy.przemyska.pl\/index.php\/wp-json\/wp\/v2\/media?parent=3652"}],"wp:term":[{"taxonomy":"category","embeddable":true,"href":"https:\/\/budy.przemyska.pl\/index.php\/wp-json\/wp\/v2\/categories?post=3652"},{"taxonomy":"post_tag","embeddable":true,"href":"https:\/\/budy.przemyska.pl\/index.php\/wp-json\/wp\/v2\/tags?post=3652"}],"curies":[{"name":"wp","href":"https:\/\/api.w.org\/{rel}","templated":true}]}}