{"id":3650,"date":"2023-06-11T10:17:09","date_gmt":"2023-06-11T08:17:09","guid":{"rendered":"http:\/\/www.budylancuckie.przemyska.pl\/?p=3650"},"modified":"2023-06-11T10:17:09","modified_gmt":"2023-06-11T08:17:09","slug":"ogloszenia-parafialne-11-czerwiec-2023","status":"publish","type":"post","link":"https:\/\/budy.przemyska.pl\/index.php\/2023\/06\/11\/ogloszenia-parafialne-11-czerwiec-2023\/","title":{"rendered":"Og\u0142oszenia parafialne 11 czerwiec 2023"},"content":{"rendered":"<h2 style=\"text-align: center;\"><strong><span style=\"color: rgb(0, 0, 128);\">X Niedziela Zwyk\u0142a &#8211; 11-06-2023<\/span><\/strong><\/h2>\n<h2 style=\"text-align: center;\"><strong><span style=\"color: rgb(0, 0, 128);\">Og\u0142oszenia<br \/>\n\t<\/span><\/strong><\/h2>\n<ol>\n<li>Dzi\u015b o godz. 15.00 Nabo\u017ce\u0144stwo do Naj\u015bwi\u0119tszego Serca Pana Jezusa, a po Nim Msza \u015bw. <\/li>\n<li>W tym tygodniu w Liturgii Ko\u015bcio\u0142a wspominamy; w poniedzia\u0142ek &ndash; wspomnienie B\u0142og. M\u0119czennik&oacute;w; J&oacute;zefa Achillesa Pucha\u0142y, Katarzyny Celestyny Faron, Stanis\u0142awa Starowieyskiego i Towarzyszy; we wtorek &ndash; wspomnienie \u015bw. Antoniego z Padwy; w \u015brod\u0119 &ndash; wspomnienie b\u0142og. Micha\u0142a Kozala, biskupa; w pi\u0105tek &ndash; Uroczysto\u015b\u0107 Naj\u015bwi\u0119tszego Serca Pana Jezusa; w sobot\u0119 &ndash; Uroczysto\u015b\u0107 Niepokalanego Serca NMP.<\/li>\n<li>W czwartek Adoracja Naj\u015bwi\u0119tszego Sakramentu od godz. 17.00. W tym dniu r&oacute;wnie\u017c zako\u0144czenie Oktawy Bo\u017cego Cia\u0142a, po\u015bwi\u0119cenie wiank&oacute;w i b\u0142ogos\u0142awie\u0144stwo dzieci. Serdecznie zapraszamy!<\/li>\n<li>W pi\u0105tek Uroczysto\u015b\u0107 Naj\u015bwi\u0119tszego Serca Pana Jezusa. Jest to zarazem \u015awiatowy Dzie\u0144 Modlitw o U\u015bwi\u0119cenie Kap\u0142an&oacute;w. W tym dniu nie obowi\u0105zuje wstrzemi\u0119\u017aliwo\u015b\u0107 od pokarm&oacute;w mi\u0119snych. <\/li>\n<li>W sobot\u0119 w naszej parafii Uroczysto\u015b\u0107 Odpustowa. Msze \u015bw. w tym dniu: o godz. 07.00; o godz. 10.30 &ndash; g\u0142&oacute;wna Msza \u015bw. Odpustowa (przewodniczy ks. Krzysztof Pawliszko z Ostrowa k\/Przemy\u015bla) oraz o godz. 18.00. Serdecznie zapraszamy do wsp&oacute;lnego \u015bwi\u0119towania naszej dorocznej Uroczysto\u015bci. Zach\u0119camy do udzia\u0142u dzieci pierwszokomunijne, dzieci do sypania kwiat&oacute;w, dziewcz\u0119ta do niesienia obraz&oacute;w i chor\u0105gwi, ministrant&oacute;w oraz wszystkich parafian. <\/li>\n<li>24 czerwca (sobota) planowana jest jednodniowa parafialna Pielgrzymka na \u015awi\u0119ty Krzy\u017c (G&oacute;ry \u015awi\u0119tokrzyskie), do Sanktuarium w Ka\u0142kowie-Godowie oraz pobyt w Sandomierzu. Wyjazd by\u0142by spod ko\u015bcio\u0142a o godz. 05.30. Koszt &#8211; przy pe\u0142nej liczbie uczestnik&oacute;w &#8211; ok.70 z\u0142. Zapisy w zakrystii do 22 czerwca br.<\/li>\n<li>Za tydzie\u0144 III niedziela miesi\u0105ca, sk\u0142adka w naszej parafii na inwestycje. Prace zwi\u0105zane z modernizacj\u0105 alejek na cmentarzu, rozpoczn\u0105 si\u0119 po 15 sierpnia.<\/li>\n<li>Sk\u0142adam serdeczne B&oacute;g zap\u0142a\u0107 dla os&oacute;b sprz\u0105taj\u0105cych i stroj\u0105cych ko\u015bci&oacute;\u0142 oraz za wszystkie ofiary sk\u0142adane na potrzeby parafii. <br \/>\n\t\tBardzo serdecznie dzi\u0119kuj\u0119 r&oacute;wnie\u017c za przygotowanie o\u0142tarzy na procesj\u0119 Bo\u017cego Cia\u0142a oraz wszystkim za udzia\u0142 w procesji i wsp&oacute;ln\u0105 modlitw\u0119 dla uwielbienia Jezusa ukrytego w Naj\u015bwi\u0119tszym Sakramencie.<\/li>\n<\/ol>\n<h3 style=\"text-align: center;\"><strong><span style=\"color: rgb(0, 0, 128);\">Intencje mszalne<\/span><\/strong><\/h3>\n<h4 style=\"text-align: center;\"><strong><span style=\"color: rgb(0, 0, 128);\">od 12 czerwca 2023 do 18 czerwca 2023<\/span><\/strong><\/h4>\n<h4>&nbsp;<\/h4>\n<h4><strong>Gdyby zbyt d\u0142ugi czas nie by\u0142a og\u0142oszona zam&oacute;wiona intencja mszalna &ndash; prosimy o zg\u0142oszenie tego kap\u0142anowi.&nbsp; Zam&oacute;wiona intencja nie mo\u017ce zgin\u0105\u0107.<br \/>\n\t<\/strong><\/h4>\n<p><u><strong>Poniedzia\u0142ek &#8211; 12 czerwiec<br \/>\n\t<\/strong><\/u>1. + Janina Ko\u0142cz (greg.)<br \/>\n\t2. + Emilia Migas &ndash; od Eugeniusza i Zofii Kojder <br \/>\n\t3. O zdrowie i b\u0142og. Bo\u017ce dla Antoniego Kojder<\/p>\n<p><u><strong>Wtorek &#8211; 13 czerwiec<br \/>\n\t<\/strong><\/u>1. + Janina Ko\u0142cz (greg.)<br \/>\n\t2. + Adam Fiszbach &ndash; od szwagra z rodzin\u0105 <br \/>\n\t3. + Antoni i Jan \u015awizdor<\/p>\n<p><u><strong>\u015aroda &#8211; 14 czerwiec<br \/>\n\t<\/strong><\/u>1. + Janina Ko\u0142cz (greg.)<br \/>\n\t2. + Emilia Migas &ndash; od siostry Janiny<br \/>\n\t3. O b\u0142og. Bo\u017ce dla Kacpra z okazji 18-tych urodzin<\/p>\n<p><u><strong>Czwartek &#8211; 15 czerwiec<\/strong><\/u><br \/>\n\t1. + Janina Ko\u0142cz (greg.) <br \/>\n\t2. + Jan Mach &ndash; od Janiny i Ryszarda Szczyrba <br \/>\n\t3. + Filomena \u015awizdor &ndash; od s\u0105siad&oacute;w Benedyk<\/p>\n<p>\t<u><strong>Pi\u0105tek &#8211; 16 czerwiec<\/strong><\/u><br \/>\n\t1. + Janina Ko\u0142cz (greg.)<br \/>\n\t2. + B\u0142a\u017cej Kurek &ndash; od s\u0105siad&oacute;w: Ketiny, Rafate, Gabrysi<br \/>\n\t3. + Karolina, Jakub \u015awizdor<\/p>\n<p><u><strong>Sobota &#8211; 17 czerwiec<br \/>\n\t<\/strong><\/u>07.00 + Janina Ko\u0142cz (greg.) <br \/>\n\t10.30 Za parafian<br \/>\n\t10.30 + Wies\u0142aw Ku\u0142acz<br \/>\n\t10.30 W intencji rolnik&oacute;w i mieszka\u0144c&oacute;w Lej&oacute;wek; o b\u0142og. Bo\u017ce dla ludzkiej pomocy i o dobre urodzaje<br \/>\n\t18.00 + Barbara Ko\u0142cz &ndash; od s\u0105siada <\/p>\n<p><u><strong>Niedziela &#8211; 18 czerwiec<br \/>\n\t<\/strong><\/u>06.30 + Zuzanna Dyrda &ndash; od c&oacute;rki Heleny <br \/>\n\t08.00 + Stanis\u0142aw Szczupak<br \/>\n\t08.00 + Salomea Cebulak &ndash; 1 rocznica \u015bmierci <br \/>\n\t10.30 Za parafian <br \/>\n\t15.00 + Janina Ko\u0142cz (greg.) <\/p>\n<h3 style=\"text-align: center;\"><strong><span style=\"color: rgb(0, 0, 128);\">Modlitw\u0119 r&oacute;\u017ca\u0144cow\u0105 prowadz\u0105<\/span><\/strong><\/h3>\n<p>12. Pn. R&oacute;\u017ca \u015aw. Zofii &#8211; (Zofia Kurek)<br \/>\n\t13. Wt. R&oacute;\u017ca \u015aw. Cecylii &ndash; (Krystyna Markowicz)<br \/>\n\t14. \u015ar. R&oacute;\u017ca \u015aw. El\u017cbiety &ndash; (Alina Trojnar)<br \/>\n\t15. Cz. R&oacute;\u017ca \u015aw. Faustyny &ndash; (Eugenia \u015awizdor)<br \/>\n\t16. Pt. KSM<br \/>\n\t17. Sb. R&oacute;\u017ca \u015aw. Genowefy &ndash; (Genowefa Dr\u0105\u017cek) <br \/>\n\t18. Nd. R&oacute;\u017ca \u015aw. Jadwigi Kr&oacute;lowej &#8211; (Halina Dyrda)<br \/>\n\t<strong>Wyznaczona R&oacute;\u017ca jest proszona o prowadzenie modlitwy r&oacute;\u017ca\u0144cowej.<\/strong><\/p>\n","protected":false},"excerpt":{"rendered":"<p>X Niedziela Zwyk\u0142a &#8211; 11-06-2023 Og\u0142oszenia Dzi\u015b o godz. 15.00 Nabo\u017ce\u0144stwo do Naj\u015bwi\u0119tszego Serca Pana Jezusa, a po Nim Msza \u015bw. W tym tygodniu w Liturgii Ko\u015bcio\u0142a wspominamy; w poniedzia\u0142ek &hellip; <a href=\"https:\/\/budy.przemyska.pl\/index.php\/2023\/06\/11\/ogloszenia-parafialne-11-czerwiec-2023\/\" class=\"more-link\">Czytaj dalej <span class=\"screen-reader-text\">Og\u0142oszenia parafialne 11 czerwiec 2023<\/span> <span class=\"meta-nav\">&rarr;<\/span><\/a><\/p>\n","protected":false},"author":1,"featured_media":0,"comment_status":"closed","ping_status":"closed","sticky":false,"template":"","format":"standard","meta":{"footnotes":""},"categories":[6,4],"tags":[],"class_list":["post-3650","post","type-post","status-publish","format-standard","hentry","category-aktualnosci","category-ogloszenia"],"_links":{"self":[{"href":"https:\/\/budy.przemyska.pl\/index.php\/wp-json\/wp\/v2\/posts\/3650","targetHints":{"allow":["GET"]}}],"collection":[{"href":"https:\/\/budy.przemyska.pl\/index.php\/wp-json\/wp\/v2\/posts"}],"about":[{"href":"https:\/\/budy.przemyska.pl\/index.php\/wp-json\/wp\/v2\/types\/post"}],"author":[{"embeddable":true,"href":"https:\/\/budy.przemyska.pl\/index.php\/wp-json\/wp\/v2\/users\/1"}],"replies":[{"embeddable":true,"href":"https:\/\/budy.przemyska.pl\/index.php\/wp-json\/wp\/v2\/comments?post=3650"}],"version-history":[{"count":0,"href":"https:\/\/budy.przemyska.pl\/index.php\/wp-json\/wp\/v2\/posts\/3650\/revisions"}],"wp:attachment":[{"href":"https:\/\/budy.przemyska.pl\/index.php\/wp-json\/wp\/v2\/media?parent=3650"}],"wp:term":[{"taxonomy":"category","embeddable":true,"href":"https:\/\/budy.przemyska.pl\/index.php\/wp-json\/wp\/v2\/categories?post=3650"},{"taxonomy":"post_tag","embeddable":true,"href":"https:\/\/budy.przemyska.pl\/index.php\/wp-json\/wp\/v2\/tags?post=3650"}],"curies":[{"name":"wp","href":"https:\/\/api.w.org\/{rel}","templated":true}]}}