{"id":3647,"date":"2023-06-04T15:50:59","date_gmt":"2023-06-04T13:50:59","guid":{"rendered":"http:\/\/www.budylancuckie.przemyska.pl\/?p=3647"},"modified":"2023-06-04T15:50:59","modified_gmt":"2023-06-04T13:50:59","slug":"ogloszenia-parafialne-4-czerwiec-2023","status":"publish","type":"post","link":"https:\/\/budy.przemyska.pl\/index.php\/2023\/06\/04\/ogloszenia-parafialne-4-czerwiec-2023\/","title":{"rendered":"Og\u0142oszenia parafialne 4 czerwiec 2023"},"content":{"rendered":"<h2 style=\"text-align: center;\"><strong><span style=\"color: rgb(0, 0, 128);\">Uroczysto\u015b\u0107 Tr&oacute;jcy Przenaj\u015bwi\u0119tszej &#8211; 04-06-2023<\/span><\/strong><\/h2>\n<h2 style=\"text-align: center;\"><strong><span style=\"color: rgb(0, 0, 128);\">Og\u0142oszenia<br \/>\n\t<\/span><\/strong><\/h2>\n<ol>\n<li>Dzi\u015b Uroczysto\u015b\u0107 Tr&oacute;jcy Przenaj\u015bwi\u0119tszej. O godz. 15.00 Nabo\u017ce\u0144stwo do Naj\u015bwi\u0119tszego Serca Pana Jezusa, a po Nim Msza \u015bw. <\/li>\n<li>W tym tygodniu w Liturgii Ko\u015bcio\u0142a wspominamy; w poniedzia\u0142ek &ndash; wspomnienie \u015bw. Bonifacego. Po Mszy \u015bw. spotkanie Akcji Katolickiej.<\/li>\n<li>W czwartek Uroczysto\u015b\u0107 Naj\u015bwi\u0119tszego Cia\u0142a i Krwi Chrystusa, czyli Bo\u017ce Cia\u0142o. Msze \u015bw. tak, jak w niedziel\u0119, za wyj\u0105tkiem Sumy, kt&oacute;ra b\u0119dzie o godz. 10.00. Nast\u0119pnie procesja do czterech o\u0142tarzy, d\u0142u\u017csz\u0105 tras\u0105. Prosimy o przygotowanie o\u0142tarzy, udekorowanie dom&oacute;w i drogi. Prosimy r&oacute;wnie\u017c dziewcz\u0119ta, aby na procesj\u0119 wzi\u0105\u0107 chor\u0105gwie i feretrony. Zapraszamy dzieci pierwszokomunijne w strojach na procesj\u0119 oraz dziewczynki do sypania kwiat&oacute;w.<\/li>\n<li>Od pi\u0105tku, codziennie przez Oktaw\u0119 Bo\u017cego Cia\u0142a, procesja Eucharystyczna po Mszy \u015bw. dooko\u0142a ko\u015bcio\u0142a. R&oacute;wnie\u017c i w tych dniach zapraszamy dzieci pierwszokomunijne oraz dzieci do sypania kwiat&oacute;w, a tak\u017ce wszystkich do licznego udzia\u0142u.<\/li>\n<li>24 czerwca (sobota) planowana jest jednodniowa parafialna Pielgrzymka na \u015awi\u0119ty Krzy\u017c (G&oacute;ry \u015awi\u0119tokrzyskie), do Sanktuarium w Ka\u0142kowie-Godowie oraz pobyt w Sandomierzu. Wyjazd by\u0142by spod ko\u015bcio\u0142a o godz. 05.30. Koszt &#8211; przy pe\u0142nej liczbie uczestnik&oacute;w &#8211; ok.70 z\u0142. Zapisy w zakrystii do 22 czerwca br.<\/li>\n<li>Za tydzie\u0144 &#8211; w niedziel\u0119 &#8211; procesja, z racji Oktawy Bo\u017cego Cia\u0142a, by\u0142aby po Mszy \u015bw. o godz. 10.30.<\/li>\n<li>Sk\u0142adam serdeczne B&oacute;g zap\u0142a\u0107 dla os&oacute;b sprz\u0105taj\u0105cych i stroj\u0105cych ko\u015bci&oacute;\u0142 oraz za wszystkie ofiary sk\u0142adane na potrzeby parafii.<\/li>\n<\/ol>\n<h3 style=\"text-align: center;\"><strong><span style=\"color: rgb(0, 0, 128);\">Intencje mszalne<\/span><\/strong><\/h3>\n<h4 style=\"text-align: center;\"><strong><span style=\"color: rgb(0, 0, 128);\">od 5 czerwca 2023 do 11 czerwca 2023<\/span><\/strong><\/h4>\n<h4>&nbsp;<\/h4>\n<h4><strong>Gdyby zbyt d\u0142ugi czas nie by\u0142a og\u0142oszona zam&oacute;wiona intencja mszalna &ndash; prosimy o zg\u0142oszenie tego kap\u0142anowi.&nbsp; Zam&oacute;wiona intencja nie mo\u017ce zgin\u0105\u0107.<br \/>\n\t<\/strong><\/h4>\n<p><u><strong>Poniedzia\u0142ek &#8211; 5 czerwiec<br \/>\n\t<\/strong><\/u>1. + Janina Ko\u0142cz (greg.)<br \/>\n\t2. + Zdzis\u0142aw Wota &ndash; od Haliny Dyl <br \/>\n\t3. + Jakub i Salomea Wierzbiccy &ndash; rocznica \u015bmierci<\/p>\n<p><u><strong>Wtorek &#8211; 6 czerwiec<br \/>\n\t<\/strong><\/u>1. + Janina Ko\u0142cz (greg.)<br \/>\n\t2. + Jakub, Weronika, Leokadia, W\u0142adys\u0142aw Obara <br \/>\n\t3. + Zdzis\u0142aw i Wies\u0142aw Dyrda<\/p>\n<p><u><strong>\u015aroda &#8211; 7 czerwiec<br \/>\n\t<\/strong><\/u>1. + Janina Ko\u0142cz (greg.)<br \/>\n\t2. + Adam Fiszbach<br \/>\n\t3. O \u0142ask\u0119 zdrowia oczu dla B. i o zdrowie dla B.<\/p>\n<p><u><strong>Czwartek &#8211; 8 czerwiec<\/strong><\/u><br \/>\n\t06.30 + Jan Mach &ndash; od rodziny Walankiewicz <br \/>\n\t08.00 + Stefania i J&oacute;zef Jurowicz oraz zmarli z rodziny &ndash; od syn&oacute;w Andrzeja i Tadeusza <br \/>\n\t10.00 Za parafian<br \/>\n\t10.00 O urodzaje oraz ochron\u0119 od burz i piorun&oacute;w, z rejonu: Adam Nawrot, Stanis\u0142aw Kurek i Wojciech Wo\u017aniak<br \/>\n\t15.00 + Janina Ko\u0142cz (greg.)<\/p>\n<p>\t<u><strong>Pi\u0105tek &#8211; 9 czerwiec<\/strong><\/u><br \/>\n\t1. + Janina Ko\u0142cz (greg.)<br \/>\n\t2. + Filomena \u015awizdor &ndash; od Marii Podsiadlik<br \/>\n\t3. + Tadeusz Kubis &ndash; 3 rocznica \u015bmierci<\/p>\n<p><u><strong>Sobota &#8211; 10 czerwiec<br \/>\n\t<\/strong><\/u>1. + Janina Ko\u0142cz (greg.) <br \/>\n\t2. + W\u0142adys\u0142aw Bester &ndash; od rodziny Dyrd&oacute;w i Sroczyk&oacute;w<br \/>\n\t3. O b\u0142og. Bo\u017ce w pracy na roli, o \u0142ask\u0119 urodzaju &ndash; od rejonu Ryszarda Kojder i Dariusza Gamracego<\/p>\n<p><u><strong>Niedziela &#8211; 11 czerwiec<br \/>\n\t<\/strong><\/u>06.30 + Stefania, Renata, Franciszek Nowak oraz + Zofia, Antoni Sanok <br \/>\n\t08.00 + J&oacute;zef Kania <br \/>\n\t08.00 + Maria, Stefan Czyrek oraz zmar\u0142e dzieci, rodzice i dziadkowie <br \/>\n\t10.30 Za parafian <br \/>\n\t15.00 + Janina Ko\u0142cz (greg.)<\/p>\n<h3 style=\"text-align: center;\"><strong><span style=\"color: rgb(0, 0, 128);\">Modlitw\u0119 r&oacute;\u017ca\u0144cow\u0105 prowadz\u0105<\/span><\/strong><\/h3>\n<p>05. Pn. R&oacute;\u017ca \u015aw. Teresy Dzieci\u0105tka Jezus &#8211; (Dorota Dzierga)<br \/>\n\t06. Wt. R&oacute;\u017ca \u015aw. Teresy Wielkiej &ndash; (Zofia Wierzbicka)<br \/>\n\t07. \u015ar. R&oacute;\u017ca \u015aw. Tomasza Aposto\u0142a &ndash; (Stanis\u0142aw \u015alimak)<br \/>\n\t08. Cz. R&oacute;\u017ca \u015aw. Andrzeja Aposto\u0142a &ndash; (J&oacute;zef M\u0105dry)<br \/>\n\t09. Pt. KSM<br \/>\n\t10. Sb. R&oacute;\u017ca \u015aw. Agaty &ndash; (Patrycja Por\u0119bna) <br \/>\n\t11. Nd. R&oacute;\u017ca \u015aw. Agnieszki &#8211; (Ma\u0142gorzata Markowicz)<br \/>\n\t<strong>Wyznaczona R&oacute;\u017ca jest proszona o prowadzenie modlitwy r&oacute;\u017ca\u0144cowej.<\/strong><\/p>\n","protected":false},"excerpt":{"rendered":"<p>Uroczysto\u015b\u0107 Tr&oacute;jcy Przenaj\u015bwi\u0119tszej &#8211; 04-06-2023 Og\u0142oszenia Dzi\u015b Uroczysto\u015b\u0107 Tr&oacute;jcy Przenaj\u015bwi\u0119tszej. O godz. 15.00 Nabo\u017ce\u0144stwo do Naj\u015bwi\u0119tszego Serca Pana Jezusa, a po Nim Msza \u015bw. W tym tygodniu w Liturgii Ko\u015bcio\u0142a &hellip; <a href=\"https:\/\/budy.przemyska.pl\/index.php\/2023\/06\/04\/ogloszenia-parafialne-4-czerwiec-2023\/\" class=\"more-link\">Czytaj dalej <span class=\"screen-reader-text\">Og\u0142oszenia parafialne 4 czerwiec 2023<\/span> <span class=\"meta-nav\">&rarr;<\/span><\/a><\/p>\n","protected":false},"author":1,"featured_media":0,"comment_status":"closed","ping_status":"closed","sticky":false,"template":"","format":"standard","meta":{"footnotes":""},"categories":[6,4],"tags":[],"class_list":["post-3647","post","type-post","status-publish","format-standard","hentry","category-aktualnosci","category-ogloszenia"],"_links":{"self":[{"href":"https:\/\/budy.przemyska.pl\/index.php\/wp-json\/wp\/v2\/posts\/3647","targetHints":{"allow":["GET"]}}],"collection":[{"href":"https:\/\/budy.przemyska.pl\/index.php\/wp-json\/wp\/v2\/posts"}],"about":[{"href":"https:\/\/budy.przemyska.pl\/index.php\/wp-json\/wp\/v2\/types\/post"}],"author":[{"embeddable":true,"href":"https:\/\/budy.przemyska.pl\/index.php\/wp-json\/wp\/v2\/users\/1"}],"replies":[{"embeddable":true,"href":"https:\/\/budy.przemyska.pl\/index.php\/wp-json\/wp\/v2\/comments?post=3647"}],"version-history":[{"count":0,"href":"https:\/\/budy.przemyska.pl\/index.php\/wp-json\/wp\/v2\/posts\/3647\/revisions"}],"wp:attachment":[{"href":"https:\/\/budy.przemyska.pl\/index.php\/wp-json\/wp\/v2\/media?parent=3647"}],"wp:term":[{"taxonomy":"category","embeddable":true,"href":"https:\/\/budy.przemyska.pl\/index.php\/wp-json\/wp\/v2\/categories?post=3647"},{"taxonomy":"post_tag","embeddable":true,"href":"https:\/\/budy.przemyska.pl\/index.php\/wp-json\/wp\/v2\/tags?post=3647"}],"curies":[{"name":"wp","href":"https:\/\/api.w.org\/{rel}","templated":true}]}}