{"id":3644,"date":"2023-05-28T10:29:18","date_gmt":"2023-05-28T08:29:18","guid":{"rendered":"http:\/\/www.budylancuckie.przemyska.pl\/?p=3644"},"modified":"2023-05-28T10:29:18","modified_gmt":"2023-05-28T08:29:18","slug":"ogloszenia-parafialne-28-maj-2023","status":"publish","type":"post","link":"https:\/\/budy.przemyska.pl\/index.php\/2023\/05\/28\/ogloszenia-parafialne-28-maj-2023\/","title":{"rendered":"Og\u0142oszenia parafialne 28 maj 2023"},"content":{"rendered":"<h2 style=\"text-align: center;\"><strong><span style=\"color: rgb(0, 0, 128);\">Uroczysto\u015b\u0107 Zes\u0142ania Ducha \u015awi\u0119tego &#8211; 28-05-2023<\/span><\/strong><\/h2>\n<h2 style=\"text-align: center;\"><strong><span style=\"color: rgb(0, 0, 128);\">Og\u0142oszenia<br \/>\n\t<\/span><\/strong><\/h2>\n<ol>\n<li>Dzi\u015b Uroczysto\u015b\u0107 Zes\u0142ania Ducha \u015awi\u0119tego, o godz. 15.00 Nabo\u017ce\u0144stwo do Matki Bo\u017cej, a po Nim Msza \u015bw.<\/li>\n<li>W tym tygodniu w Liturgii Ko\u015bcio\u0142a wspominamy; w poniedzia\u0142ek &ndash; \u015awi\u0119to NMP Matki Ko\u015bcio\u0142a; w \u015brod\u0119 &ndash; \u015awi\u0119to Nawiedzenia NMP; w czwartek &ndash; \u015awi\u0119to Jezusa Chrystusa Najwy\u017cszego i Wiecznego Kap\u0142ana; w sobot\u0119 &ndash; wspomnienie \u015bw. Karola Lwangi i Towarzyszy.<\/li>\n<li>W poniedzia\u0142ek, w \u015awi\u0119to NMP Matki Ko\u015bcio\u0142a, Msze \u015bw. b\u0119d\u0105 odprawione w godz. 06.30; 08.00 oraz o 18.00. <br \/>\n\t\tW tym dniu w naszym Dekanacie b\u0119dzie mia\u0142a miejsce konsekracja ko\u015bcio\u0142a w par. Rakszawa G&oacute;rna.<\/li>\n<li>W \u015brod\u0119 zako\u0144czenie Nabo\u017ce\u0144stw majowych, a od czwartku rozpoczynamy Nabo\u017ce\u0144stwa czerwcowe.<\/li>\n<li>W tym tygodniu wypada I czwartek, I pi\u0105tek i I sobota miesi\u0105ca.<\/li>\n<li>W I czwartek Adoracja Naj\u015bwi\u0119tszego Sakramentu od godz. 17.00.<br \/>\n\t\tW spos&oacute;b szczeg&oacute;lny modlimy si\u0119 w tym dniu, za powo\u0142anych oraz o nowe powo\u0142ania do S\u0142u\u017cby Bo\u017cej.<\/li>\n<li>W I pi\u0105tek czcimy Naj\u015bwi\u0119tsze Serce Pana Jezusa. Msza \u015bw. rano o godz. 06.45 oraz o godz. 18.00. Po rannej Mszy \u015bw. odwiedziny chorych z Komuni\u0105 \u015bw. Po wieczornej Mszy \u015bw. Adoracja Naj\u015bwi\u0119tszego Sakramentu do godz. 20.00 przygotowywana przez m\u0142odzie\u017c z KSM-u.<\/li>\n<li>W I sobot\u0119 czcimy Niepokalane Serce NMP. Msza \u015bw. z kazaniem o godz. 18.00, po Niej Nabo\u017ce\u0144stwo r&oacute;\u017ca\u0144cowe, procesja z figur\u0105 Matki Bo\u017cej Fatimskiej oraz zmiana tajemnic r&oacute;\u017ca\u0144cowych.<\/li>\n<li>Za tydzie\u0144 przypada Uroczysto\u015b\u0107 Tr&oacute;jcy Przenaj\u015bwi\u0119tszej &ndash; ko\u0144czy si\u0119 okres Komunii \u015bw. wielkanocnej.<\/li>\n<li>Sk\u0142adam serdeczne B&oacute;g zap\u0142a\u0107 dla os&oacute;b sprz\u0105taj\u0105cych i stroj\u0105cych ko\u015bci&oacute;\u0142 oraz za wszystkie ofiary sk\u0142adane na potrzeby parafii.<\/li>\n<\/ol>\n<h3 style=\"text-align: center;\"><strong><span style=\"color: rgb(0, 0, 128);\">Intencje mszalne<\/span><\/strong><\/h3>\n<h4 style=\"text-align: center;\"><strong><span style=\"color: rgb(0, 0, 128);\">od 29 maja 2023 do 4 czerwca 2023<\/span><\/strong><\/h4>\n<h4>&nbsp;<\/h4>\n<h4><strong>Gdyby zbyt d\u0142ugi czas nie by\u0142a og\u0142oszona zam&oacute;wiona intencja mszalna &ndash; prosimy o zg\u0142oszenie tego kap\u0142anowi.&nbsp; Zam&oacute;wiona intencja nie mo\u017ce zgin\u0105\u0107.<br \/>\n\t<\/strong><\/h4>\n<p><u><strong>Poniedzia\u0142ek &#8211; 29 maj<br \/>\n\t<\/strong><\/u>06.30 + Stanis\u0142aw Kojder (greg.)<br \/>\n\t08.00 + W\u0142adys\u0142aw Gw&oacute;\u017ad\u017a &ndash; od rodziny Dryl&oacute;w <br \/>\n\t18.00 + Maria Bester &ndash; od Haliny z rodzin\u0105<\/p>\n<p><u><strong>Wtorek &#8211; 30 maj<br \/>\n\t<\/strong><\/u>1. + Stanis\u0142aw Kojder (zak. greg.)<br \/>\n\t2. + B\u0142a\u017cej Kurek &ndash; od kol. i kol. z klasy licealnej <br \/>\n\t3. + W\u0142adys\u0142aw Cebulak (r. \u015bm.) oraz zmarli Bracia i Rodzice<\/p>\n<p><u><strong>\u015aroda &#8211; 31 maj<br \/>\n\t<\/strong><\/u>1. + Stefania i W\u0142adys\u0142aw W\u0119grzyn oraz zmarli ich rodzice i rodze\u0144stwo<br \/>\n\t2. + Maria, Franciszek Cebulak<br \/>\n\t3. + Stefania, Franciszek, Renata, Tadeusz Nowak<\/p>\n<p><u><strong>Czwartek &#8211; 1 czerwiec<\/strong><\/u><br \/>\n\t1. + Janina Ko\u0142cz (pocz. greg.) <br \/>\n\t2. + Emilia Migas &ndash; od siostrze\u0144ca Jerzego <br \/>\n\t3. O b\u0142og. Bo\u017ce i potrzebne \u0142aski dla Antoniego i Karola<\/p>\n<p>\t<u><strong>Pi\u0105tek &#8211; 2 czerwiec<\/strong><\/u><br \/>\n\t06.45 + Janina Ko\u0142cz (greg.)<br \/>\n\t06.45 + \u0141ukasz Kocha\u0144czyk &ndash; od Mamy<br \/>\n\t18.00 + Anna, Stanis\u0142aw i ks. Jan Cebulak<br \/>\n\t18.00 + Bronis\u0142awa Rupar<\/p>\n<p><u><strong>Sobota &#8211; 3 czerwiec<br \/>\n\t<\/strong><\/u>1. + Janina Ko\u0142cz (greg.) <br \/>\n\t2. + Filomena \u015awizdor &ndash; od El\u017cbiety i Jerzego Bar <br \/>\n\t3. + W\u0142adys\u0142aw Bester &ndash; od rodziny Sas&oacute;w<\/p>\n<p><u><strong>Niedziela &#8211; 4 czerwiec<br \/>\n\t<\/strong><\/u>06.30 + B\u0142a\u017cej Kurek &ndash; od kol. i kol. z klasy licealnej <br \/>\n\t08.00 + Roman i Kazimiera Cebulak oraz + J&oacute;zef i Aniela Stafiej<br \/>\n\t08.00 + Adam Por\u0119bny &ndash; od \u017cony <br \/>\n\t10.30 Za parafian <br \/>\n\t15.00 + Janina Ko\u0142cz (greg.)<\/p>\n<h3 style=\"text-align: center;\"><strong><span style=\"color: rgb(0, 0, 128);\">Modlitw\u0119 r&oacute;\u017ca\u0144cow\u0105 prowadz\u0105<\/span><\/strong><\/h3>\n<p>29. Pn. R&oacute;\u017ca Matki Bo\u017cej Bolesnej &#8211; (Krystyna Szostek)<br \/>\n\t30. Wt. R&oacute;\u017ca Matki Bo\u017cej R&oacute;\u017ca\u0144cowej &ndash; (Zofia \u015awizdor)<br \/>\n\t31. \u015ar. R&oacute;\u017ca Matki Bo\u017cej Szkaplerznej &ndash; (Maria K\u0142os)<br \/>\n\t01. Cz. Dzie\u0142o Pomocy Powo\u0142aniom &ndash; (Anna Szular)<br \/>\n\t02. Pt. KSM<br \/>\n\t03. Sb. Kap\u0142an<br \/>\n\t04. Nd. R&oacute;\u017ca \u015aw. Stanis\u0142awa Biskupa &#8211; (Franciszek Bartnik)<br \/>\n\t<strong>Wyznaczona R&oacute;\u017ca jest proszona o prowadzenie modlitwy r&oacute;\u017ca\u0144cowej.<\/strong><\/p>\n","protected":false},"excerpt":{"rendered":"<p>Uroczysto\u015b\u0107 Zes\u0142ania Ducha \u015awi\u0119tego &#8211; 28-05-2023 Og\u0142oszenia Dzi\u015b Uroczysto\u015b\u0107 Zes\u0142ania Ducha \u015awi\u0119tego, o godz. 15.00 Nabo\u017ce\u0144stwo do Matki Bo\u017cej, a po Nim Msza \u015bw. W tym tygodniu w Liturgii Ko\u015bcio\u0142a &hellip; <a href=\"https:\/\/budy.przemyska.pl\/index.php\/2023\/05\/28\/ogloszenia-parafialne-28-maj-2023\/\" class=\"more-link\">Czytaj dalej <span class=\"screen-reader-text\">Og\u0142oszenia parafialne 28 maj 2023<\/span> <span class=\"meta-nav\">&rarr;<\/span><\/a><\/p>\n","protected":false},"author":1,"featured_media":0,"comment_status":"closed","ping_status":"closed","sticky":false,"template":"","format":"standard","meta":{"footnotes":""},"categories":[6,4],"tags":[],"class_list":["post-3644","post","type-post","status-publish","format-standard","hentry","category-aktualnosci","category-ogloszenia"],"_links":{"self":[{"href":"https:\/\/budy.przemyska.pl\/index.php\/wp-json\/wp\/v2\/posts\/3644","targetHints":{"allow":["GET"]}}],"collection":[{"href":"https:\/\/budy.przemyska.pl\/index.php\/wp-json\/wp\/v2\/posts"}],"about":[{"href":"https:\/\/budy.przemyska.pl\/index.php\/wp-json\/wp\/v2\/types\/post"}],"author":[{"embeddable":true,"href":"https:\/\/budy.przemyska.pl\/index.php\/wp-json\/wp\/v2\/users\/1"}],"replies":[{"embeddable":true,"href":"https:\/\/budy.przemyska.pl\/index.php\/wp-json\/wp\/v2\/comments?post=3644"}],"version-history":[{"count":0,"href":"https:\/\/budy.przemyska.pl\/index.php\/wp-json\/wp\/v2\/posts\/3644\/revisions"}],"wp:attachment":[{"href":"https:\/\/budy.przemyska.pl\/index.php\/wp-json\/wp\/v2\/media?parent=3644"}],"wp:term":[{"taxonomy":"category","embeddable":true,"href":"https:\/\/budy.przemyska.pl\/index.php\/wp-json\/wp\/v2\/categories?post=3644"},{"taxonomy":"post_tag","embeddable":true,"href":"https:\/\/budy.przemyska.pl\/index.php\/wp-json\/wp\/v2\/tags?post=3644"}],"curies":[{"name":"wp","href":"https:\/\/api.w.org\/{rel}","templated":true}]}}