{"id":3641,"date":"2023-05-21T12:25:41","date_gmt":"2023-05-21T10:25:41","guid":{"rendered":"http:\/\/www.budylancuckie.przemyska.pl\/?p=3641"},"modified":"2023-05-21T12:25:41","modified_gmt":"2023-05-21T10:25:41","slug":"ogloszenia-parafialne-21-maj-2023","status":"publish","type":"post","link":"https:\/\/budy.przemyska.pl\/index.php\/2023\/05\/21\/ogloszenia-parafialne-21-maj-2023\/","title":{"rendered":"Og\u0142oszenia parafialne 21 maj 2023"},"content":{"rendered":"<h2 style=\"text-align: center;\"><strong><span style=\"color: rgb(0, 0, 128);\">Uroczysto\u015b\u0107 Wniebowst\u0105pienia Pa\u0144skiego &#8211; 21-05-2023<\/span><\/strong><\/h2>\n<h2 style=\"text-align: center;\"><strong><span style=\"color: rgb(0, 0, 128);\">Og\u0142oszenia<br \/>\n\t<\/span><\/strong><\/h2>\n<ol>\n<li>Dzi\u015b o godz. 15.00 Nabo\u017ce\u0144stwo do Matki Bo\u017cej, a po Nim Msza \u015bw. <\/li>\n<li>W tym tygodniu w Liturgii Ko\u015bcio\u0142a wspominamy; w \u015brod\u0119 &ndash; wspomnienie NMP Wspomo\u017cenia Wiernych; w pi\u0105tek &ndash; wspomnienia \u015bw. Filipa Nereusza.<\/li>\n<li>W czwartek Adoracja Naj\u015bwi\u0119tszego Sakramentu od godz. 17.00. <\/li>\n<li>W pi\u0105tek, w spos&oacute;b szczeg&oacute;lny, nasz\u0105 modlitw\u0105 otaczamy nasze Mamy w dniu Ich \u015awi\u0119ta.<br \/>\n\t\tPo Mszy \u015bw. i Nabo\u017ce\u0144stwie zapraszam na spotkanie Rad\u0119 Parafialn\u0105.<\/li>\n<li>Serdecznie zapraszamy wszystkich do udzia\u0142u w uczczeniu Matki Bo\u017cej \u015bpiewem Litanii Loreta\u0144skiej. Nabo\u017ce\u0144stwo odprawiane jest codziennie po Mszy \u015bw. Zach\u0119camy zarazem do podtrzymywania pi\u0119knej tradycji \u015bpiewania Litanii przy naszych kapliczkach.6. Za tydzie\u0144 przypada Uroczysto\u015b\u0107 Zes\u0142ania Ducha \u015awi\u0119tego &ndash; ko\u0144czy si\u0119 Okres Wielkanocny.<\/li>\n<li>Sk\u0142adam serdeczne B&oacute;g zap\u0142a\u0107 dla os&oacute;b sprz\u0105taj\u0105cych i stroj\u0105cych ko\u015bci&oacute;\u0142 oraz za wszystkie ofiary sk\u0142adane na potrzeby parafii.<\/li>\n<\/ol>\n<h3 style=\"text-align: center;\"><strong><span style=\"color: rgb(0, 0, 128);\">Intencje mszalne<\/span><\/strong><\/h3>\n<h4 style=\"text-align: center;\"><strong><span style=\"color: rgb(0, 0, 128);\">od 22 maja 2023 do 28 maja 2023<\/span><\/strong><\/h4>\n<h4>&nbsp;<\/h4>\n<h4><strong>Gdyby zbyt d\u0142ugi czas nie by\u0142a og\u0142oszona zam&oacute;wiona intencja mszalna &ndash; prosimy o zg\u0142oszenie tego kap\u0142anowi.&nbsp; Zam&oacute;wiona intencja nie mo\u017ce zgin\u0105\u0107.<br \/>\n\t<\/strong><\/h4>\n<p><u><strong>Poniedzia\u0142ek &#8211; 22 maj<br \/>\n\t<\/strong><\/u>1. + Stanis\u0142aw Kojder (greg.)<br \/>\n\t2. + B\u0142a\u017cej Kurek &ndash; od nauczycieli i pracownik&oacute;w Zespo\u0142u Szk&oacute;\u0142 w Bia\u0142obrzegach <br \/>\n\t3. + Cecylia i Ignacy Lasek oraz zmarli ich Rodzice <\/p>\n<p><u><strong>Wtorek &#8211; 23 maj<br \/>\n\t<\/strong><\/u>1. + Stanis\u0142aw Kojder (greg.)<br \/>\n\t2. Za dusze w czy\u015b\u0107cu cierpi\u0105ce <br \/>\n\t3. + Jan Mach &ndash; od brata Andrzeja z rodzin\u0105<\/p>\n<p><u><strong>\u015aroda &#8211; 24 maj<br \/>\n\t<\/strong><\/u>1. + Stanis\u0142aw Kojder (greg.)<br \/>\n\t2. + Kazimierz Kie\u0142bicki (r. \u015bm.) &ndash; od \u017cony<br \/>\n\t3. + Katarzyna i W\u0142adys\u0142aw Hejnosz<\/p>\n<p><u><strong>Czwartek &#8211; 25 maj<\/strong><\/u><br \/>\n\t1. + Stanis\u0142aw Kojder (greg.) <br \/>\n\t2. + B\u0142a\u017cej Kurek &ndash; od Dyrekcji, Nauczycieli i Pracownik&oacute;w Szk. Podst. nr 2 w Budach \u0141a\u0144cuckich <br \/>\n\t3. + Wies\u0142aw S\u0142ysz &ndash; 1 rocznica \u015bmierci <\/p>\n<p>\t<u><strong>Pi\u0105tek &#8211; 26 maj<\/strong><\/u><br \/>\n\t1. + Stanis\u0142aw Kojder (greg.)<br \/>\n\t2. + B\u0142a\u017cej Kurek &ndash; od kol. i kol. z klasy licealnej<br \/>\n\t3. + Janina Kojder &ndash; od dzieci<\/p>\n<p><u><strong>Sobota &#8211; 27 maj<br \/>\n\t<\/strong><\/u>1. + Stanis\u0142aw Kojder (greg.) <br \/>\n\t2. + Filomena \u015awizdor &ndash; od wnuka z rodzin\u0105 <br \/>\n\t3. + W\u0142adys\u0142aw Bester &ndash; od rodziny Bester<\/p>\n<p><u><strong>Niedziela &#8211; 28 maj<br \/>\n\t<\/strong><\/u>06.30 Dzi\u0119kczynna; z pro\u015bb\u0105 o b\u0142og. Bo\u017ce i opiek\u0119 Matki Bo\u017cej dla Stanis\u0142awa w 18 rocznic\u0119 urodzin <br \/>\n\t08.00 + Czes\u0142awa, J&oacute;zef Ni\u017anik &ndash; od c&oacute;rki El\u017cbiety z rodzin\u0105<br \/>\n\t08.00 + Stefania, Stanis\u0142aw, Salomea Preis oraz + Karolina Wikiera <br \/>\n\t10.30 Za parafian <br \/>\n\t15.00 + Stanis\u0142aw Kojder (greg.) <\/p>\n<h3 style=\"text-align: center;\"><strong><span style=\"color: rgb(0, 0, 128);\">Modlitw\u0119 r&oacute;\u017ca\u0144cow\u0105 prowadz\u0105<\/span><\/strong><\/h3>\n<p>22. Pn. R&oacute;\u017ca \u015aw. Klary &#8211; (Teresa G\u0142owiak)<br \/>\n\t23. Wt. R&oacute;\u017ca \u015aw. Kingi &ndash; (El\u017cbieta Wacnik)<br \/>\n\t24. \u015ar. R&oacute;\u017ca \u015aw. Marii Magdaleny &ndash; (Janina Rachwa\u0142)<br \/>\n\t25. Cz. R&oacute;\u017ca \u015aw. Marii Goretti &ndash; (El\u017cbieta Kukulska)<br \/>\n\t26. Pt. KSM<br \/>\n\t27. Sb. R&oacute;\u017ca \u015aw. Marty &ndash; (Czes\u0142awa Por\u0119bna)<br \/>\n\t28. Nd. R&oacute;\u017ca \u015aw. Jadwigi \u015al\u0105skiej &#8211; (Edyta Wal)<br \/>\n\t<strong>Wyznaczona R&oacute;\u017ca jest proszona o prowadzenie modlitwy r&oacute;\u017ca\u0144cowej.<\/strong><\/p>\n<h3 style=\"text-align: center;\"><strong><span style=\"color: rgb(0, 0, 128);\">Propozycja intencji do przekazania do odprawienia<br \/>\n\tw Wy\u017cszym Seminarium Duchownym w Przemy\u015blu<\/span><\/strong><\/h3>\n<p>01.&nbsp;&nbsp;&nbsp; + W\u0142adys\u0142aw Gw&oacute;\u017ad\u017a &ndash; od Pracownik&oacute;w DPS w \u0141\u0105ce<br \/>\n\t02.&nbsp;&nbsp;&nbsp; &nbsp;+ W\u0142adys\u0142aw Gw&oacute;\u017ad\u017a &ndash; od Janiny Kojder<br \/>\n\t03.&nbsp;&nbsp;&nbsp; &nbsp;+ W\u0142adys\u0142aw Gw&oacute;\u017ad\u017a &ndash; od Zofii i Eugeniusza Kojder<br \/>\n\t04.&nbsp;&nbsp;&nbsp; &nbsp;+ W\u0142adys\u0142aw Gw&oacute;\u017ad\u017a &ndash; od Dyrekcji i Pracownik&oacute;w Zespo\u0142u Szk&oacute;\u0142 w Woli Dalszej<br \/>\n\t05.&nbsp;&nbsp;&nbsp; &nbsp;+ W\u0142adys\u0142aw Gw&oacute;\u017ad\u017a &ndash; od kole\u017canki z rodzin\u0105 c&oacute;rki Agnieszki<br \/>\n\t06.&nbsp;&nbsp;&nbsp; &nbsp;+ W\u0142adys\u0142aw Gw&oacute;\u017ad\u017a &ndash; od rodziny Niemiec<br \/>\n\t07.&nbsp;&nbsp;&nbsp; &nbsp;+ Filomena, Stanis\u0142aw, Jan \u015awizdor &ndash; od rodzin Wacnik&oacute;w i Bo\u017ck&oacute;w<br \/>\n\t08.&nbsp;&nbsp;&nbsp; &nbsp;+ Filomena, Stanis\u0142aw, Jan \u015awizdor &ndash; od Heleny Stafiej<br \/>\n\t09.&nbsp;&nbsp;&nbsp; &nbsp;+ Filomena \u015awizdor &ndash; od pracownik&oacute;w Urz\u0119du Gminy w Bia\u0142obrzegach<br \/>\n\t10.&nbsp;&nbsp;&nbsp; &nbsp;+ Filomena \u015awizdor &ndash; od emeryt&oacute;w Urz\u0119du Gminy w Bia\u0142obrzegach<br \/>\n\t11.&nbsp;&nbsp;&nbsp; &nbsp;+ Filomena \u015awizdor &ndash; od emeryt&oacute;w Urz\u0119du Gminy w Bia\u0142obrzegach<br \/>\n\t12.&nbsp;&nbsp;&nbsp; &nbsp;+ Filomena \u015awizdor &ndash; od Jolanty i Kazimierza W\u0119grzyn&oacute;w z rodzin\u0105<br \/>\n\t13.&nbsp;&nbsp;&nbsp; &nbsp;+ Filomena \u015awizdor &ndash; od Zofii \u015awizdor<br \/>\n\t14.&nbsp;&nbsp;&nbsp; &nbsp;+ Filomena \u015awizdor &ndash; od Anny i Adama Bartnik z rodzin\u0105<br \/>\n\t15.&nbsp;&nbsp;&nbsp; &nbsp;+ W\u0142adys\u0142aw Bester &ndash; od Agaty i Jana Chmura z rodzin\u0105<br \/>\n\t16.&nbsp;&nbsp;&nbsp; &nbsp;+ W\u0142adys\u0142aw Bester &ndash; od chrze\u015bniaka Artura z rodzin\u0105<br \/>\n\t17.&nbsp;&nbsp;&nbsp; &nbsp;+ W\u0142adys\u0142aw Bester &ndash; od rodziny Gi\u017c&oacute;w<br \/>\n\t18.&nbsp;&nbsp;&nbsp; &nbsp;+ W\u0142adys\u0142aw Bester &ndash; od wnuka Jakuba z rodzin\u0105<br \/>\n\t19.&nbsp;&nbsp;&nbsp; &nbsp;+ W\u0142adys\u0142aw Bester &ndash; od wnuka Jakuba z rodzin\u0105<br \/>\n\t20.&nbsp;&nbsp;&nbsp; &nbsp;+ Jan Migas &ndash; od Marii i J&oacute;zefa Ficek<br \/>\n\t21.&nbsp;&nbsp;&nbsp; &nbsp;+ Jan Migas &ndash; od swatowej z D\u0119biny<br \/>\n\t22.&nbsp;&nbsp;&nbsp; &nbsp;+ Jan Migas &ndash; od syna Adama z \u017con\u0105 i dzie\u0107mi<br \/>\n\t23.&nbsp;&nbsp;&nbsp; &nbsp;+ Jan Migas &ndash; od rodziny M\u015bcisz&oacute;w<br \/>\n\t24.&nbsp;&nbsp;&nbsp; &nbsp;+ Jan Migas &ndash; od kol. z pracy c&oacute;rki Renaty z Galerii Grodzisko<br \/>\n\t25.&nbsp;&nbsp;&nbsp; &nbsp;+ Jan Migas &ndash; od kol. z pracy c&oacute;rki Renaty z Galerii Grodzisko<br \/>\n\t26.&nbsp;&nbsp;&nbsp; &nbsp;+ Jan Migas &ndash; od Marii Sowa<br \/>\n\t27.&nbsp;&nbsp;&nbsp; &nbsp;+ Jan Migas &ndash; od firmy BAS<br \/>\n\t28.&nbsp;&nbsp;&nbsp; &nbsp;+ Jan Migas &#8211; od siostry Zofii z Nowego Targu<br \/>\n\t&nbsp;<\/p>\n","protected":false},"excerpt":{"rendered":"<p>Uroczysto\u015b\u0107 Wniebowst\u0105pienia Pa\u0144skiego &#8211; 21-05-2023 Og\u0142oszenia Dzi\u015b o godz. 15.00 Nabo\u017ce\u0144stwo do Matki Bo\u017cej, a po Nim Msza \u015bw. W tym tygodniu w Liturgii Ko\u015bcio\u0142a wspominamy; w \u015brod\u0119 &ndash; wspomnienie &hellip; <a href=\"https:\/\/budy.przemyska.pl\/index.php\/2023\/05\/21\/ogloszenia-parafialne-21-maj-2023\/\" class=\"more-link\">Czytaj dalej <span class=\"screen-reader-text\">Og\u0142oszenia parafialne 21 maj 2023<\/span> <span class=\"meta-nav\">&rarr;<\/span><\/a><\/p>\n","protected":false},"author":1,"featured_media":0,"comment_status":"closed","ping_status":"closed","sticky":false,"template":"","format":"standard","meta":{"footnotes":""},"categories":[6,4],"tags":[],"class_list":["post-3641","post","type-post","status-publish","format-standard","hentry","category-aktualnosci","category-ogloszenia"],"_links":{"self":[{"href":"https:\/\/budy.przemyska.pl\/index.php\/wp-json\/wp\/v2\/posts\/3641","targetHints":{"allow":["GET"]}}],"collection":[{"href":"https:\/\/budy.przemyska.pl\/index.php\/wp-json\/wp\/v2\/posts"}],"about":[{"href":"https:\/\/budy.przemyska.pl\/index.php\/wp-json\/wp\/v2\/types\/post"}],"author":[{"embeddable":true,"href":"https:\/\/budy.przemyska.pl\/index.php\/wp-json\/wp\/v2\/users\/1"}],"replies":[{"embeddable":true,"href":"https:\/\/budy.przemyska.pl\/index.php\/wp-json\/wp\/v2\/comments?post=3641"}],"version-history":[{"count":0,"href":"https:\/\/budy.przemyska.pl\/index.php\/wp-json\/wp\/v2\/posts\/3641\/revisions"}],"wp:attachment":[{"href":"https:\/\/budy.przemyska.pl\/index.php\/wp-json\/wp\/v2\/media?parent=3641"}],"wp:term":[{"taxonomy":"category","embeddable":true,"href":"https:\/\/budy.przemyska.pl\/index.php\/wp-json\/wp\/v2\/categories?post=3641"},{"taxonomy":"post_tag","embeddable":true,"href":"https:\/\/budy.przemyska.pl\/index.php\/wp-json\/wp\/v2\/tags?post=3641"}],"curies":[{"name":"wp","href":"https:\/\/api.w.org\/{rel}","templated":true}]}}