{"id":3636,"date":"2023-05-07T12:27:44","date_gmt":"2023-05-07T10:27:44","guid":{"rendered":"http:\/\/www.budylancuckie.przemyska.pl\/?p=3636"},"modified":"2023-05-07T12:27:44","modified_gmt":"2023-05-07T10:27:44","slug":"ogloszenia-parafialne-7-maj-2023","status":"publish","type":"post","link":"https:\/\/budy.przemyska.pl\/index.php\/2023\/05\/07\/ogloszenia-parafialne-7-maj-2023\/","title":{"rendered":"Og\u0142oszenia parafialne 7 maj 2023"},"content":{"rendered":"<h2 style=\"text-align: center;\"><strong><span style=\"color: rgb(0, 0, 128);\">V Niedziela Wielkanocy &#8211; 07-05-2023<\/span><\/strong><\/h2>\n<h2 style=\"text-align: center;\"><strong><span style=\"color: rgb(0, 0, 128);\">Og\u0142oszenia<br \/>\n\t<\/span><\/strong><\/h2>\n<ol>\n<li>Dzi\u015b w naszej parafii I Komunia \u015bw. dzieci z klas III na Mszy \u015bw. o godz. 12.00. O godz. 15.00 Nabo\u017ce\u0144stwo do Matki Bo\u017cej, a po Nim Msza \u015bw. <\/li>\n<li>W tym tygodniu w Liturgii Ko\u015bcio\u0142a wspominamy: w poniedzia\u0142ek &ndash; Uroczysto\u015b\u0107 \u015bw. Stanis\u0142awa, bpa i m\u0119czennika, patrona Polski; w sobot\u0119 &ndash; wspomnienie NMP z Fatimy.<\/li>\n<li>Serdecznie zapraszamy wszystkich do udzia\u0142u w uczczeniu Matki Bo\u017cej \u015bpiewem Litanii Loreta\u0144skiej. Nabo\u017ce\u0144stwo odprawiane jest codziennie po Mszy \u015bw. Zach\u0119camy zarazem do podtrzymywania pi\u0119knej tradycji \u015bpiewania Litanii przy naszych kapliczkach.<\/li>\n<li>W czwartek Adoracja Naj\u015bwi\u0119tszego Sakramentu od godz. 17.00. Po Mszy \u015bw. spotkanie Akcji Katolickiej.<\/li>\n<li>W sobot\u0119 &ndash; 13 maja planowana jest Pielgrzymka Akcji Katolickiej do Strachociny. Istnieje jeszcze mo\u017cliwo\u015b\u0107 zapisu na t\u0119 Pielgrzymk\u0119, tak\u017ce dla os&oacute;b spoza Akcji Katolickiej. Wyjazd spod parkingu ko\u0142o ko\u015bcio\u0142a o godz. 07.30.<\/li>\n<li>Za tydzie\u0144 na Mszy \u015bw. o godz. 10.30 dzieci z klas IV b\u0119d\u0105 mia\u0142y I rocznic\u0119 przyj\u0119cia Komunii \u015bw. Spotkanie dla tych uczni&oacute;w w czwartek po Mszy \u015bw., za\u015b mo\u017cliwo\u015b\u0107 spowiedzi \u015bw., przed Rocznic\u0105, codziennie godzin\u0119 przed Msz\u0105 \u015bw. <\/li>\n<li>Dzieci Pierwszokomunijne prze\u017cywa\u0107 b\u0119d\u0105 sw&oacute;j &bdquo;Bia\u0142y Tydzie\u0144&rdquo;. Serdecznie zapraszamy do wsp&oacute;lnej modlitwy ich rodzic&oacute;w, dziadk&oacute;w i bliskich. <\/li>\n<li>Sk\u0142adam serdeczne B&oacute;g zap\u0142a\u0107 dla os&oacute;b sprz\u0105taj\u0105cych i stroj\u0105cych ko\u015bci&oacute;\u0142 oraz za wszystkie ofiary sk\u0142adane na potrzeby parafii..<\/li>\n<\/ol>\n<h3 style=\"text-align: center;\"><strong><span style=\"color: rgb(0, 0, 128);\">Intencje mszalne<\/span><\/strong><\/h3>\n<h4 style=\"text-align: center;\"><strong><span style=\"color: rgb(0, 0, 128);\">od 8 maja 2023 do 14 maja 2023<\/span><\/strong><\/h4>\n<h4>&nbsp;<\/h4>\n<h4><strong>Gdyby zbyt d\u0142ugi czas nie by\u0142a og\u0142oszona zam&oacute;wiona intencja mszalna &ndash; prosimy o zg\u0142oszenie tego kap\u0142anowi.&nbsp; Zam&oacute;wiona intencja nie mo\u017ce zgin\u0105\u0107.<br \/>\n\t<\/strong><\/h4>\n<p><u><strong>Poniedzia\u0142ek &#8211; 8 maj<br \/>\n\t<\/strong><\/u>1. + Stanis\u0142aw Kojder (greg.)<br \/>\n\t2. + Stanis\u0142aw Kochman &ndash; od \u017cony <br \/>\n\t3. + Stanis\u0142aw Kita<\/p>\n<p><u><strong>Wtorek &#8211; 9 maj<br \/>\n\t<\/strong><\/u>1. + Stanis\u0142aw Kojder (greg.)<br \/>\n\t2. + Emilia Kojder &ndash; od Marii Pelc <br \/>\n\t3. + Anna, Ludwik Harpula i ich rodzice i rodze\u0144stwo<\/p>\n<p><u><strong>\u015aroda &#8211; 10 maj<br \/>\n\t<\/strong><\/u>1. + Stanis\u0142aw Kojder (greg.)<br \/>\n\t2. + W\u0142adys\u0142aw Gw&oacute;\u017ad\u017a &ndash; od rodziny Dryl&oacute;w<br \/>\n\t3. + Jacek, Wies\u0142aw, Barbara, W\u0142adys\u0142aw Ko\u0142cz<\/p>\n<p><u><strong>Czwartek &#8211; 11 maj<\/strong><\/u><br \/>\n\t1. + Stanis\u0142aw Kojder (greg.) <br \/>\n\t2. + W\u0142adys\u0142aw, Aniela Bartnik oraz + Anna Rachwa\u0142 <br \/>\n\t3. Dzi\u0119kczynna za otrzymane \u0142aski; z pro\u015bb\u0105 o \u0142ask\u0119 zdrowia oraz dalsze b\u0142. Bo\u017ce dla Tadeusza w 80-t\u0105 rocznic\u0119 urodzin<\/p>\n<p>\t<u><strong>Pi\u0105tek &#8211; 12 maj<\/strong><\/u><br \/>\n\t1. + Stanis\u0142aw Kojder (greg.)<br \/>\n\t2. + Zdzis\u0142aw Wota &ndash; od chrze\u015bniaka Tomasza z rodzin\u0105 <br \/>\n\t3. + Emilia Migas &ndash; od siostry Stanis\u0142awy <\/p>\n<p><u><strong>Sobota &#8211; 13 maj<br \/>\n\t<\/strong><\/u>1. + Stanis\u0142aw Kojder (greg.) <br \/>\n\t2. Dzi\u0119kczynna za zdrowie; z pro\u015bb\u0105 o b\u0142. Bo\u017ce i opiek\u0119 Matki Bo\u017cej w 20 rocznic\u0119 urodzin <br \/>\n\t3. + Alfred, Teresa oraz Stanis\u0142aw W\u0119grzyn &ndash; od Eli<\/p>\n<p><u><strong>Niedziela &#8211; 14 maj<br \/>\n\t<\/strong><\/u>06.30 + Julia, Franciszek, Marek, Lucyna, Zdzis\u0142aw Stafiej <br \/>\n\t08.00 + Stanis\u0142aw Kalamarz<br \/>\n\t08.00 Za parafian<br \/>\n\t10.30 W intencji dzieci, ich rodzic&oacute;w i rodze\u0144stwa prze\u017cywaj\u0105cych Rocznic\u0119 przyj\u0119cia I Komunii \u015bw. <br \/>\n\t15.00 + Stanis\u0142aw Kojder (greg.) <\/p>\n<h3 style=\"text-align: center;\"><strong><span style=\"color: rgb(0, 0, 128);\">Modlitw\u0119 r&oacute;\u017ca\u0144cow\u0105 prowadz\u0105<\/span><\/strong><\/h3>\n<p>08. Pn. R&oacute;\u017ca \u015aw. Andrzeja Aposto\u0142a &#8211; (J&oacute;zef M\u0105dry)<br \/>\n\t09. Wt. R&oacute;\u017ca \u015aw. Agaty &ndash; (Patrycja Por\u0119bna)<br \/>\n\t10. \u015ar. R&oacute;\u017ca \u015aw. Agnieszki &ndash; (Ma\u0142gorzata Markowicz)<br \/>\n\t11. Cz. Akcja Katolicka<br \/>\n\t12. Pt. KSM<br \/>\n\t13. Sb. R&oacute;\u017ca \u015aw. Zofii &ndash; (Zofia Kurek)<br \/>\n\t14. Nd. R&oacute;\u017ca \u015aw. Cecylii &#8211; (Krystyna Markowicz)<br \/>\n\t<strong>Wyznaczona R&oacute;\u017ca jest proszona o prowadzenie modlitwy r&oacute;\u017ca\u0144cowej.<\/strong><\/p>\n","protected":false},"excerpt":{"rendered":"<p>V Niedziela Wielkanocy &#8211; 07-05-2023 Og\u0142oszenia Dzi\u015b w naszej parafii I Komunia \u015bw. dzieci z klas III na Mszy \u015bw. o godz. 12.00. O godz. 15.00 Nabo\u017ce\u0144stwo do Matki Bo\u017cej, &hellip; <a href=\"https:\/\/budy.przemyska.pl\/index.php\/2023\/05\/07\/ogloszenia-parafialne-7-maj-2023\/\" class=\"more-link\">Czytaj dalej <span class=\"screen-reader-text\">Og\u0142oszenia parafialne 7 maj 2023<\/span> <span class=\"meta-nav\">&rarr;<\/span><\/a><\/p>\n","protected":false},"author":1,"featured_media":0,"comment_status":"closed","ping_status":"closed","sticky":false,"template":"","format":"standard","meta":{"footnotes":""},"categories":[6,4],"tags":[],"class_list":["post-3636","post","type-post","status-publish","format-standard","hentry","category-aktualnosci","category-ogloszenia"],"_links":{"self":[{"href":"https:\/\/budy.przemyska.pl\/index.php\/wp-json\/wp\/v2\/posts\/3636","targetHints":{"allow":["GET"]}}],"collection":[{"href":"https:\/\/budy.przemyska.pl\/index.php\/wp-json\/wp\/v2\/posts"}],"about":[{"href":"https:\/\/budy.przemyska.pl\/index.php\/wp-json\/wp\/v2\/types\/post"}],"author":[{"embeddable":true,"href":"https:\/\/budy.przemyska.pl\/index.php\/wp-json\/wp\/v2\/users\/1"}],"replies":[{"embeddable":true,"href":"https:\/\/budy.przemyska.pl\/index.php\/wp-json\/wp\/v2\/comments?post=3636"}],"version-history":[{"count":0,"href":"https:\/\/budy.przemyska.pl\/index.php\/wp-json\/wp\/v2\/posts\/3636\/revisions"}],"wp:attachment":[{"href":"https:\/\/budy.przemyska.pl\/index.php\/wp-json\/wp\/v2\/media?parent=3636"}],"wp:term":[{"taxonomy":"category","embeddable":true,"href":"https:\/\/budy.przemyska.pl\/index.php\/wp-json\/wp\/v2\/categories?post=3636"},{"taxonomy":"post_tag","embeddable":true,"href":"https:\/\/budy.przemyska.pl\/index.php\/wp-json\/wp\/v2\/tags?post=3636"}],"curies":[{"name":"wp","href":"https:\/\/api.w.org\/{rel}","templated":true}]}}