{"id":3627,"date":"2023-04-15T19:05:36","date_gmt":"2023-04-15T17:05:36","guid":{"rendered":"http:\/\/www.budylancuckie.przemyska.pl\/?p=3627"},"modified":"2023-04-15T19:05:36","modified_gmt":"2023-04-15T17:05:36","slug":"ogloszenia-parafialne-16-kwiecien-2023","status":"publish","type":"post","link":"https:\/\/budy.przemyska.pl\/index.php\/2023\/04\/15\/ogloszenia-parafialne-16-kwiecien-2023\/","title":{"rendered":"Og\u0142oszenia parafialne 16 kwiecie\u0144 2023"},"content":{"rendered":"<h2 style=\"text-align: center;\"><strong><span style=\"color: rgb(0, 0, 128);\">Niedziela Mi\u0142osierdzia Bo\u017cego &#8211; 16-04-2023<\/span><\/strong><\/h2>\n<h2 style=\"text-align: center;\"><strong><span style=\"color: rgb(0, 0, 128);\">Og\u0142oszenia<br \/>\n\t<\/span><\/strong><\/h2>\n<ol>\n<li>Dzi\u015b II Niedziela Wielkanocy &#8211; nazywana Bia\u0142\u0105 Niedziel\u0105, albo te\u017c Niedziel\u0105 Bo\u017cego Mi\u0142osierdzia. O godz. 15.00 Nabo\u017ce\u0144stwo do Bo\u017cego Mi\u0142osierdzia, a po Nim Msza \u015bw.<\/li>\n<li>W \u015brod\u0119, po Mszy \u015bw., spotkanie dla Rodzic&oacute;w uczni&oacute;w klas VIII przyst\u0119puj\u0105cych do Sakramentu Bierzmowania. <\/li>\n<li>W czwartek Adoracja Naj\u015bwi\u0119tszego Sakramentu od godz. 17.00. <br \/>\n\t\tPo Mszy \u015bw. odb\u0119dzie r&oacute;wnie\u017c egzamin dla Bierzmowanych.<\/li>\n<li>Sakrament Bierzmowania dla naszej m\u0142odzie\u017cy z klas VIII zostanie udzielony 25 kwietnia (wtorek) wraz z m\u0142odzie\u017c\u0105 z parafii Zmys\u0142&oacute;wka.<\/li>\n<li>Uroczysto\u015b\u0107 I Komunii \u015bw. b\u0119dzie mia\u0142a miejsce w niedziel\u0119 7 maja o godz. 12.00.<\/li>\n<li>Sk\u0142adam serdeczne B&oacute;g zap\u0142a\u0107 dla os&oacute;b sprz\u0105taj\u0105cych i stroj\u0105cych ko\u015bci&oacute;\u0142 oraz za wszystkie ofiary sk\u0142adane na potrzeby parafii.<\/li>\n<\/ol>\n<h3 style=\"text-align: center;\"><strong><span style=\"color: rgb(0, 0, 128);\">Intencje mszalne<\/span><\/strong><\/h3>\n<h4 style=\"text-align: center;\"><strong><span style=\"color: rgb(0, 0, 128);\">od 17 kwietnia 2023 do 23 kwietnia 2023<\/span><\/strong><\/h4>\n<h4>&nbsp;<\/h4>\n<h4><strong>Gdyby zbyt d\u0142ugi czas nie by\u0142a og\u0142oszona zam&oacute;wiona intencja mszalna &ndash; prosimy o zg\u0142oszenie tego kap\u0142anowi.&nbsp; Zam&oacute;wiona intencja nie mo\u017ce zgin\u0105\u0107.<br \/>\n\t<\/strong><\/h4>\n<p><u><strong>Poniedzia\u0142ek &#8211; 17 kwiecie\u0144<br \/>\n\t<\/strong><\/u>1. + Bogdan Szyma\u0144ski (greg.)<br \/>\n\t2. + Maria Bester &ndash; od Natalii i Damiana D\u0105bek <br \/>\n\t3. + Ks. Bogdan Kupczyk &ndash; od Akcji Katolickiej<\/p>\n<p><u><strong>Wtorek &#8211; 18 kwiecie\u0144<br \/>\n\t<\/strong><\/u>1. + Bogdan Szyma\u0144ski (greg.)<br \/>\n\t2. W intencji chrze\u015bniaka; o uzdrowienie i uwolnienie z na\u0142og&oacute;w <br \/>\n\t3. W 25 rocznic\u0119 \u015blubu; dzi\u0119kczynna za otrzymane \u0142aski, z pro\u015bb\u0105 o b\u0142og. Bo\u017ce i opiek\u0119 Matki Bo\u017cej <\/p>\n<p><u><strong>\u015aroda &#8211; 19 kwiecie\u0144<br \/>\n\t<\/strong><\/u>1. + Bogdan Szyma\u0144ski (greg.)<br \/>\n\t2. O b\u0142ogos\u0142awie\u0144stwo Bo\u017ce z okazji 70 rocznicy urodzin <br \/>\n\t3. + Stanis\u0142aw, Boles\u0142aw, Ryszard<\/p>\n<p><u><strong>Czwartek &#8211; 20 kwiecie\u0144<\/strong><\/u><br \/>\n\t1. + Bogdan Szyma\u0144ski (greg.) <br \/>\n\t2. + Stefan Bartnik &ndash; od wnuczki Reginy z Madzi\u0105 <br \/>\n\t3. + Franciszek Wasilewski &ndash; 5 rocz. \u015bmierci<\/p>\n<p>\t<u><strong>Pi\u0105tek &#8211; 21 kwiecie\u0144<\/strong><\/u><br \/>\n\t1. + Bogdan Szyma\u0144ski (greg.)<br \/>\n\t2. Dzi\u0119kczynna za otrzymane \u0142aski; z pro\u015bb\u0105 o dalsz\u0105 opiek\u0119 Matki Bo\u017cej <br \/>\n\t3. + Franciszek Bosak oraz + Zofia i Franciszek Dyrda<\/p>\n<p><u><strong>Sobota &#8211; 22 kwiecie\u0144<br \/>\n\t<\/strong><\/u>1. + Bogdan Szyma\u0144ski (greg.) <br \/>\n\t2. O szcz\u0119\u015bliwe operacje i zdrowie dla Rodzic&oacute;w <br \/>\n\t3. + W\u0142adys\u0142aw i Salomea Rupar oraz zmarli rodzice i rodze\u0144stwo<\/p>\n<p><u><strong>Niedziela &#8211; 23 kwiecie\u0144<br \/>\n\t<\/strong><\/u>06.30 + Bogdan (3 r. \u015bm.), Zofia, Stanis\u0142aw Blok <br \/>\n\t08.00 + Jerzy Kie\u0142b<br \/>\n\t08.00 Dzi\u0119kczynna za otrzymane \u0142aski; z pro\u015bb\u0105 o b\u0142og. Bo\u017ce i opiek\u0119 Matki Bo\u017cej dla Heleny i Bogus\u0142awa w 40 rocznic\u0119 \u015blubu<br \/>\n\t10.30 Za parafian <br \/>\n\t15.00 + Bogdan Szyma\u0144ski (greg.) <\/p>\n<h3 style=\"text-align: center;\"><strong><span style=\"color: rgb(0, 0, 128);\">Modlitw\u0119 r&oacute;\u017ca\u0144cow\u0105 prowadz\u0105<\/span><\/strong><\/h3>\n<p>17. Pn. R&oacute;\u017ca \u015aw. Jadwigi Kr&oacute;lowej &#8211; (Halina Dyrda)<br \/>\n\t18. Wt. R&oacute;\u017ca \u015aw. Heleny &ndash; (Helena Dyrda)<br \/>\n\t19. \u015ar. R&oacute;\u017ca \u015aw. Katarzyny &ndash; (Anna Kurek)<br \/>\n\t20. Cz. R&oacute;\u017ca \u015aw. Klary &ndash; (Teresa G\u0142owiak)<br \/>\n\t21. Pt. KSM<br \/>\n\t22. Sb. R&oacute;\u017ca \u015aw. Kingi &ndash; (El\u017cbieta Wacnik)<br \/>\n\t23. Nd. R&oacute;\u017ca \u015aw. Marii Magdaleny &#8211; (Janina Rachwa\u0142)<br \/>\n\t<strong>Wyznaczona R&oacute;\u017ca jest proszona o prowadzenie modlitwy r&oacute;\u017ca\u0144cowej.<\/strong><\/p>\n","protected":false},"excerpt":{"rendered":"<p>Niedziela Mi\u0142osierdzia Bo\u017cego &#8211; 16-04-2023 Og\u0142oszenia Dzi\u015b II Niedziela Wielkanocy &#8211; nazywana Bia\u0142\u0105 Niedziel\u0105, albo te\u017c Niedziel\u0105 Bo\u017cego Mi\u0142osierdzia. O godz. 15.00 Nabo\u017ce\u0144stwo do Bo\u017cego Mi\u0142osierdzia, a po Nim Msza &hellip; <a href=\"https:\/\/budy.przemyska.pl\/index.php\/2023\/04\/15\/ogloszenia-parafialne-16-kwiecien-2023\/\" class=\"more-link\">Czytaj dalej <span class=\"screen-reader-text\">Og\u0142oszenia parafialne 16 kwiecie\u0144 2023<\/span> <span class=\"meta-nav\">&rarr;<\/span><\/a><\/p>\n","protected":false},"author":1,"featured_media":0,"comment_status":"closed","ping_status":"closed","sticky":false,"template":"","format":"standard","meta":{"footnotes":""},"categories":[6,4],"tags":[],"class_list":["post-3627","post","type-post","status-publish","format-standard","hentry","category-aktualnosci","category-ogloszenia"],"_links":{"self":[{"href":"https:\/\/budy.przemyska.pl\/index.php\/wp-json\/wp\/v2\/posts\/3627","targetHints":{"allow":["GET"]}}],"collection":[{"href":"https:\/\/budy.przemyska.pl\/index.php\/wp-json\/wp\/v2\/posts"}],"about":[{"href":"https:\/\/budy.przemyska.pl\/index.php\/wp-json\/wp\/v2\/types\/post"}],"author":[{"embeddable":true,"href":"https:\/\/budy.przemyska.pl\/index.php\/wp-json\/wp\/v2\/users\/1"}],"replies":[{"embeddable":true,"href":"https:\/\/budy.przemyska.pl\/index.php\/wp-json\/wp\/v2\/comments?post=3627"}],"version-history":[{"count":0,"href":"https:\/\/budy.przemyska.pl\/index.php\/wp-json\/wp\/v2\/posts\/3627\/revisions"}],"wp:attachment":[{"href":"https:\/\/budy.przemyska.pl\/index.php\/wp-json\/wp\/v2\/media?parent=3627"}],"wp:term":[{"taxonomy":"category","embeddable":true,"href":"https:\/\/budy.przemyska.pl\/index.php\/wp-json\/wp\/v2\/categories?post=3627"},{"taxonomy":"post_tag","embeddable":true,"href":"https:\/\/budy.przemyska.pl\/index.php\/wp-json\/wp\/v2\/tags?post=3627"}],"curies":[{"name":"wp","href":"https:\/\/api.w.org\/{rel}","templated":true}]}}